{"id":9940,"date":"2025-02-25T21:16:32","date_gmt":"2025-02-25T20:16:32","guid":{"rendered":"https:\/\/antonio-justo.eu\/?p=9940"},"modified":"2025-02-27T20:09:24","modified_gmt":"2025-02-27T19:09:24","slug":"o-dialogo-entre-roma-e-bruxelas","status":"publish","type":"post","link":"https:\/\/antonio-justo.eu\/?p=9940","title":{"rendered":"&#8220;ROMA&#8221; E &#8220;BRUXELAS&#8221; DIALOGANDO"},"content":{"rendered":"<p>Era uma noite fria e silenciosa em Bruxelas. As estrelas pareciam distantes, como se tamb\u00e9m elas tivessem perdido a f\u00e9 na Europa. No cora\u00e7\u00e3o da cidade, onde as institui\u00e7\u00f5es da Uni\u00e3o Europeia se erguiam imponentes, duas figuras marcantes se encontravam frente a frente: Roma e Bruxelas. N\u00e3o eram meros lugares ou cidades, mas entidades personificadas, s\u00edmbolos de duas for\u00e7as em tens\u00e3o constante: Roma, personifica\u00e7\u00e3o da tradi\u00e7\u00e3o, da hist\u00f3ria e das ra\u00edzes da civiliza\u00e7\u00e3o ocidental, e Bruxelas, s\u00edmbolo da modernidade, da burocracia e da busca por uma unidade fr\u00e1gil.<\/p>\n<p>Roma, de vestes douradas e olhar s\u00e9rio, trazia em si o peso da hist\u00f3ria e da tradi\u00e7\u00e3o. Falava em latim puro, reminiscente das colunas que sustentaram imp\u00e9rios e doutrinas de sustentabilidade. Bruxelas, vestida de vidro e a\u00e7o, emanava pragmatismo e progresso, discursando numa multiplicidade de l\u00ednguas, sempre diplom\u00e1tica, mas esgotada na busca de consenso. &#8220;Vejo que continuas a tentar construir um imp\u00e9rio sem alicerces&#8221;, disse Roma, com uma voz que ecoava s\u00e9culos de sabedoria. &#8220;A tua torre de Babel desmorona-se, e ainda assim insistes em subir mais alto.&#8221;<\/p>\n<p>Bruxelas respondeu, com um tom defensivo: &#8220;N\u00e3o entendes, Roma. O mundo mudou. Precisamos de unidade, de progresso, de superar as divis\u00f5es que nos enfraquecem. A Europa j\u00e1 n\u00e3o pode viver de mitos e tradi\u00e7\u00f5es. &#8221;<\/p>\n<p>Roma sorriu, mas havia tristeza no seu olhar. Suspirou e observou as multid\u00f5es que passavam. Cada rosto era uma express\u00e3o do caos ordenado que Bruxelas tentava manter. No entanto, por baixo das fachadas modernas, percebia-se uma fragilidade crescente, uma sociedade cada vez mais desconectada de suas ra\u00edzes. &#8220;Unidade? Progresso? Diz-me, Bruxelas, o que \u00e9 progresso sem sabedoria? O que \u00e9 unidade sem identidade? Vejo em ti o mesmo complexo que afligiu tantos imp\u00e9rios antes de mim: a cren\u00e7a na omnipot\u00eancia, na infalibilidade. Voc\u00eas acham que podem governar sem olhar para tr\u00e1s, sem aprender com os erros do passado.&#8221;<\/p>\n<p>Bruxelas cruzou os bra\u00e7os, revelando incomoda\u00e7\u00e3o. &#8220;N\u00e3o somos como tu, Roma. N\u00e3o cairemos na arrog\u00e2ncia dos deuses. Temos institui\u00e7\u00f5es, leis, um sistema que nos protege dos excessos.&#8221;<\/p>\n<p>Roma riu, numa gargalhada que ecoou como um trov\u00e3o. &#8220;Protege-vos? Ou aprisiona-vos? Vejo em vossos l\u00edderes a mesma vaidade que outrora condenou os meus. Eles acreditam que podem controlar tudo, desde a economia at\u00e9 \u00e0 natureza humana. Mas o que fazem quando a crise chega? Culpam-se uns aos outros, fecham-se em dogmas, e recusam-se a ver a realidade.&#8221;<\/p>\n<p>Bruxelas olhou para o ch\u00e3o, hesitante. Sabia do que Roma falava. A Europa, outrora ciente de suas limita\u00e7\u00f5es, agora vangloriava-se de uma falsa omnipot\u00eancia. Os seus l\u00edderes, convencidos de sua infalibilidade, impunham dogmas sociais e pol\u00edticos sem espa\u00e7o para debate ou reflex\u00e3o cr\u00edtica. Nos corredores do poder, qualquer oposi\u00e7\u00e3o era reduzida a um manique\u00edsmo simplista: ou se estava com o progresso, ou se estava contra ele. &#8220;Talvez tenhas raz\u00e3o em parte. Mas o que sugeres? Voltar ao passado? Abandonar tudo o que constru\u00edmos?&#8221;<\/p>\n<p>Roma aproximou-se, colocando uma m\u00e3o no ombro de Bruxelas. &#8220;N\u00e3o se trata de abandonar, mas de recordar. A Europa foi constru\u00edda sobre tr\u00eas pilares: a raz\u00e3o de Atenas, a f\u00e9 de Jerusal\u00e9m e o direito de Roma. Voc\u00eas esqueceram-se disso; na \u00e2nsia de criarem uma ordem perfeita, negligenciaram a humanidade do pr\u00f3prio povo. Em vez de humildade, escolheram a arrog\u00e2ncia. Em vez de compaix\u00e3o, escolheram o c\u00e1lculo. Em vez de uni\u00e3o verdadeira, criaram uma ilus\u00e3o de uniformidade.&#8221;<\/p>\n<p>Bruxelas suspirou, e pela primeira vez, sua voz pareceu fr\u00e1gil. &#8220;E agora? Como sa\u00edmos deste labirinto?&#8221;<\/p>\n<p>Roma olhou para o horizonte, onde o sol come\u00e7ava a despontar. &#8220;Reconhecei as vossas limita\u00e7\u00f5es. Aceitai que n\u00e3o sois deuses, mas humanos. Reencontrai as vossas ra\u00edzes, n\u00e3o para repetir o passado, mas para entender quem sois. E acima de tudo, cultivai a humildade. Como disse um dos vossos pensadores, &#8216;onde a a\u00e7\u00e3o humana j\u00e1 n\u00e3o corresponde \u00e0 exist\u00eancia humana, a verdade transforma-se em mentira&#8217;.(1)&#8221;<\/p>\n<p>Bruxelas ficou em sil\u00eancio por um momento, refletindo. Bruxelas sentiu um calafrio. Sabia que Roma tinha raz\u00e3o. Na sua sede por uma sociedade perfeita, os l\u00edderes europeus haviam criado bolhas ideol\u00f3gicas, alimentadas por um ciclo medi\u00e1tico que apenas refor\u00e7ava o pensamento dominante. N\u00e3o havia mais intelectuais independentes, apenas burocratas e comentadores que repetiam o que era conveniente. &#8220;E se falharmos?&#8221;<\/p>\n<p>Roma sorriu novamente, desta vez com uma centelha de esperan\u00e7a. &#8220;Ent\u00e3o a Europa, como tantos imp\u00e9rios antes dela, ser\u00e1 apenas mais uma li\u00e7\u00e3o para o futuro. Mas ainda h\u00e1 tempo. A escolha \u00e9 vossa. Precisamos de l\u00edderes que saibam ouvir, que compreendam que governar n\u00e3o \u00e9 impor, mas servir. Que aceitem que nem tudo pode ser controlado e que a sociedade precisa de ra\u00edzes para florescer &#8221;<\/p>\n<p>Bruxelas olhou para Roma e, por um instante, sentiu o peso da sua responsabilidade. A crise que se espalhava pelo continente n\u00e3o era apenas econ\u00f3mica ou pol\u00edtica \u2014 era espiritual. A Europa havia perdido a sua identidade na ilus\u00e3o da omnipot\u00eancia.<\/p>\n<p>E assim, os dois esp\u00edritos se despediram, enquanto o sol iluminava as ruas de Bruxelas e o vento soprava entre as est\u00e1tuas antigas e os edif\u00edcios modernos. A cidade continuava a mesma, mas algo havia mudado. Talvez, pensou Bruxelas, fosse hora de olhar para tr\u00e1s, n\u00e3o com nostalgia, mas com humildade, e encontrar um caminho que unisse o melhor do passado com as possibilidades do futuro.<\/p>\n<p><strong>Ant\u00f3nio da Cunha Duarte Justo<\/strong><\/p>\n<p>Pegadas do Tempo<\/p>\n<p>&nbsp;<\/p>\n<p>(1) Papa Bento XVI<\/p>\n","protected":false},"excerpt":{"rendered":"<p>Era uma noite fria e silenciosa em Bruxelas. As estrelas pareciam distantes, como se tamb\u00e9m elas tivessem perdido a f\u00e9 na Europa. No cora\u00e7\u00e3o da cidade, onde as institui\u00e7\u00f5es da Uni\u00e3o Europeia se erguiam imponentes, duas figuras marcantes se encontravam frente a frente: Roma e Bruxelas. N\u00e3o eram meros lugares ou cidades, mas entidades personificadas, &hellip; <a href=\"https:\/\/antonio-justo.eu\/?p=9940\" class=\"more-link\">Continuar a ler <span class=\"screen-reader-text\">&#8220;ROMA&#8221; E &#8220;BRUXELAS&#8221; DIALOGANDO<\/span><\/a><\/p>\n","protected":false},"author":1,"featured_media":0,"comment_status":"open","ping_status":"open","sticky":false,"template":"","format":"standard","meta":{"sfsi_plus_gutenberg_text_before_share":"","sfsi_plus_gutenberg_show_text_before_share":"","sfsi_plus_gutenberg_icon_type":"","sfsi_plus_gutenberg_icon_alignemt":"","sfsi_plus_gutenburg_max_per_row":"","footnotes":""},"categories":[3,15,14,4,5,6,7,8,16],"tags":[],"class_list":["post-9940","post","type-post","status-publish","format-standard","hentry","category-arte","category-cultura","category-economia","category-educacao","category-escola","category-migracao","category-politica","category-religiao","category-sociedade"],"_links":{"self":[{"href":"https:\/\/antonio-justo.eu\/index.php?rest_route=\/wp\/v2\/posts\/9940","targetHints":{"allow":["GET"]}}],"collection":[{"href":"https:\/\/antonio-justo.eu\/index.php?rest_route=\/wp\/v2\/posts"}],"about":[{"href":"https:\/\/antonio-justo.eu\/index.php?rest_route=\/wp\/v2\/types\/post"}],"author":[{"embeddable":true,"href":"https:\/\/antonio-justo.eu\/index.php?rest_route=\/wp\/v2\/users\/1"}],"replies":[{"embeddable":true,"href":"https:\/\/antonio-justo.eu\/index.php?rest_route=%2Fwp%2Fv2%2Fcomments&post=9940"}],"version-history":[{"count":5,"href":"https:\/\/antonio-justo.eu\/index.php?rest_route=\/wp\/v2\/posts\/9940\/revisions"}],"predecessor-version":[{"id":9953,"href":"https:\/\/antonio-justo.eu\/index.php?rest_route=\/wp\/v2\/posts\/9940\/revisions\/9953"}],"wp:attachment":[{"href":"https:\/\/antonio-justo.eu\/index.php?rest_route=%2Fwp%2Fv2%2Fmedia&parent=9940"}],"wp:term":[{"taxonomy":"category","embeddable":true,"href":"https:\/\/antonio-justo.eu\/index.php?rest_route=%2Fwp%2Fv2%2Fcategories&post=9940"},{"taxonomy":"post_tag","embeddable":true,"href":"https:\/\/antonio-justo.eu\/index.php?rest_route=%2Fwp%2Fv2%2Ftags&post=9940"}],"curies":[{"name":"wp","href":"https:\/\/api.w.org\/{rel}","templated":true}]}}