{"id":9874,"date":"2025-02-15T23:19:33","date_gmt":"2025-02-15T22:19:33","guid":{"rendered":"https:\/\/antonio-justo.eu\/?p=9874"},"modified":"2025-02-19T17:15:14","modified_gmt":"2025-02-19T16:15:14","slug":"liberdade-americana-versus-liberdade-europeia","status":"publish","type":"post","link":"https:\/\/antonio-justo.eu\/?p=9874","title":{"rendered":"LIBERDADE AMERICANA VERSUS LIBERDADE EUROPEIA"},"content":{"rendered":"<p style=\"text-align: center;\"><strong>Discurso hist\u00f3rico: Recuo da Europa em valores fundamentais e liberdade de express\u00e3o<\/strong><\/p>\n<p><strong>Na Confer\u00eancia de Seguran\u00e7a de Munique, o vice-presidente dos EUA, JD Vance, expressou preocupa\u00e7\u00e3o com o que chamou de &#8220;recuo da Europa&#8221; em rela\u00e7\u00e3o a valores fundamentais partilhados com os Estados Unidos, como a liberdade de express\u00e3o e a democracia. Vance destacou que a maior amea\u00e7a \u00e0 Europa n\u00e3o vem de atores externos, como R\u00fassia ou China, mas de dentro, citando exemplos como a interven\u00e7\u00e3o da UE para anular elei\u00e7\u00f5es na Rom\u00e9nia, condena\u00e7\u00f5es por crimes de \u00f3dio na Su\u00e9cia e no Reino Unido, e propostas de leis que permitiriam o encerramento de redes sociais em tempos de agita\u00e7\u00e3o social. <\/strong><\/p>\n<p>&#8220;Em toda a Europa, a liberdade de express\u00e3o est\u00e1 a recuar&#8221;, afirmou Vance, admoestando os pol\u00edticos europeus de temerem as opini\u00f5es divergentes dos seus pr\u00f3prios cidad\u00e3os.<\/p>\n<p>Os meios de comunica\u00e7\u00e3o europeus tamb\u00e9m se mostram c\u00famplices com a estrat\u00e9gia b\u00e9lica at\u00e9 ao ponto de agirem como &#8220;altifalantes&#8221; dos governos, silenciando perspectivas alternativas. <strong>\u00c9 um facto observ\u00e1vel que a UE (Bruxelas) est\u00e1 a afastar-se da sua tradi\u00e7\u00e3o cultural crist\u00e3, adotando uma postura mais alinhada com ideologias marxistas e mao\u00edstas. <\/strong><\/p>\n<p><strong>Para Vance, a verdadeira amea\u00e7a \u00e0 democracia europeia n\u00e3o vem dos eleitores, mas das elites no poder, que agem de forma ideol\u00f3gica e censuram vozes dissidentes. <\/strong><\/p>\n<p>JD Vance (1), est\u00e1 a desiludir a elite pol\u00edtica da Uni\u00e3o Europeia e esta encontra-se em desassossego (principalmente as for\u00e7as militaristas e publicit\u00e1rios de ideologias) porque tem de rever completamente a sua narrativa pol\u00edtica. <strong>Naturalmente n\u00e3o ser\u00e1 de esquecer que embora da parte europeia esteja em causa a ideologia esquerda-Woke, da parte dos EUA est\u00e1 em causa a seguran\u00e7a do dinheiro a longo prazo.<\/strong><\/p>\n<p>A cr\u00edtica de Vance reflete tens\u00f5es crescentes entre os EUA e a UE, especialmente no que diz respeito \u00e0 defesa de valores democr\u00e1ticos, \u00e0 estrat\u00e9gia militar e \u00e0 liberdade de express\u00e3o, num momento em que a Europa enfrenta desafios internos e externos.<\/p>\n<p><strong>Perante uma sociedade europeia c\u00e9tica, a forma empenhada de Vence recorda um pregador a fazer a exegese da par\u00e1bola do filho pr\u00f3digo.<\/strong><\/p>\n<p>A Uni\u00e3o Europeia, em vez de respeitar e valorizar a experi\u00eancia positiva adquirida com o Mercado Comum e, posteriormente, com a CEE, transformou-se numa entidade sem coes\u00e3o democr\u00e1tica institucional. Atualmente, atua a partir de Bruxelas de forma autocr\u00e1tica, desrespeitando os ideais fundamentais da Europa. Tornou-se uma institui\u00e7\u00e3o de car\u00e1ter olig\u00e1rquico, onde ONGs ideol\u00f3gicas, l\u00f3bis e interesses globalistas operam contra a ess\u00eancia europeia, servindo poderes an\u00f3nimos.<\/p>\n<p><strong>Ant\u00f3nio da Cunha Duarte Justo<\/strong><\/p>\n<p><strong>Pegadas do Tempo<\/strong><\/p>\n<p><strong>1) <a href=\"https:\/\/www.nius.de\/politik\/news\/us-vizepraesident-jd-vance-bei-der-muenchner-sicherheitskonferenz-komplette-rede\/02a539bb-2c6c-4faa-b483-412fbb92d639?mkt_tok=OTA3LU9EWS0wNTEAAAGYvSqgWsnj7MVb1zJa6ZlF5wtTdXPW1YBwBZLxCVRVHNj4NM2Qj8b4XOLGa552N3_HdOXLA8zSS2XwojhjZT0uCUtTCV4nrza0wvBmXgvdCb5pXV9oXgY\">https:\/\/www.nius.de\/politik\/news\/us-vizepraesident-jd-vance-bei-der-muenchner-sicherheitskonferenz-komplette-rede\/02a539bb-2c6c-4faa-b483-412fbb92d639?mkt_tok=OTA3LU9EWS0wNTEAAAGYvSqgWsnj7MVb1zJa6ZlF5wtTdXPW1YBwBZLxCVRVHNj4NM2Qj8b4XOLGa552N3_HdOXLA8zSS2XwojhjZT0uCUtTCV4nrza0wvBmXgvdCb5pXV9oXgY<\/a> <\/strong><\/p>\n","protected":false},"excerpt":{"rendered":"<p>Discurso hist\u00f3rico: Recuo da Europa em valores fundamentais e liberdade de express\u00e3o Na Confer\u00eancia de Seguran\u00e7a de Munique, o vice-presidente dos EUA, JD Vance, expressou preocupa\u00e7\u00e3o com o que chamou de &#8220;recuo da Europa&#8221; em rela\u00e7\u00e3o a valores fundamentais partilhados com os Estados Unidos, como a liberdade de express\u00e3o e a democracia. Vance destacou que &hellip; <a href=\"https:\/\/antonio-justo.eu\/?p=9874\" class=\"more-link\">Continuar a ler <span class=\"screen-reader-text\">LIBERDADE AMERICANA VERSUS LIBERDADE EUROPEIA<\/span><\/a><\/p>\n","protected":false},"author":1,"featured_media":0,"comment_status":"open","ping_status":"open","sticky":false,"template":"","format":"standard","meta":{"sfsi_plus_gutenberg_text_before_share":"","sfsi_plus_gutenberg_show_text_before_share":"","sfsi_plus_gutenberg_icon_type":"","sfsi_plus_gutenberg_icon_alignemt":"","sfsi_plus_gutenburg_max_per_row":"","footnotes":""},"categories":[15,14,6,7,8,16],"tags":[],"class_list":["post-9874","post","type-post","status-publish","format-standard","hentry","category-cultura","category-economia","category-migracao","category-politica","category-religiao","category-sociedade"],"_links":{"self":[{"href":"https:\/\/antonio-justo.eu\/index.php?rest_route=\/wp\/v2\/posts\/9874","targetHints":{"allow":["GET"]}}],"collection":[{"href":"https:\/\/antonio-justo.eu\/index.php?rest_route=\/wp\/v2\/posts"}],"about":[{"href":"https:\/\/antonio-justo.eu\/index.php?rest_route=\/wp\/v2\/types\/post"}],"author":[{"embeddable":true,"href":"https:\/\/antonio-justo.eu\/index.php?rest_route=\/wp\/v2\/users\/1"}],"replies":[{"embeddable":true,"href":"https:\/\/antonio-justo.eu\/index.php?rest_route=%2Fwp%2Fv2%2Fcomments&post=9874"}],"version-history":[{"count":4,"href":"https:\/\/antonio-justo.eu\/index.php?rest_route=\/wp\/v2\/posts\/9874\/revisions"}],"predecessor-version":[{"id":9901,"href":"https:\/\/antonio-justo.eu\/index.php?rest_route=\/wp\/v2\/posts\/9874\/revisions\/9901"}],"wp:attachment":[{"href":"https:\/\/antonio-justo.eu\/index.php?rest_route=%2Fwp%2Fv2%2Fmedia&parent=9874"}],"wp:term":[{"taxonomy":"category","embeddable":true,"href":"https:\/\/antonio-justo.eu\/index.php?rest_route=%2Fwp%2Fv2%2Fcategories&post=9874"},{"taxonomy":"post_tag","embeddable":true,"href":"https:\/\/antonio-justo.eu\/index.php?rest_route=%2Fwp%2Fv2%2Ftags&post=9874"}],"curies":[{"name":"wp","href":"https:\/\/api.w.org\/{rel}","templated":true}]}}