{"id":9854,"date":"2025-02-10T22:26:28","date_gmt":"2025-02-10T21:26:28","guid":{"rendered":"https:\/\/antonio-justo.eu\/?p=9854"},"modified":"2025-02-11T16:06:15","modified_gmt":"2025-02-11T15:06:15","slug":"ciencia-e-fe-saboreadas-num-gole-de-cafe","status":"publish","type":"post","link":"https:\/\/antonio-justo.eu\/?p=9854","title":{"rendered":"CI\u00caNCIA E F\u00c9 SABOREADAS NUM GOLE DE CAF\u00c9"},"content":{"rendered":"<p>No caf\u00e9 da Pra\u00e7a de S\u00e3o Jo\u00e3o da Madeira, dois amigos de inf\u00e2ncia, Elias e Ant\u00f3nio, encontravam-se para uma conversa habitual. Elias era um f\u00edsico apaixonado pela ci\u00eancia, enquanto Ant\u00f3nio era um fil\u00f3sofo e te\u00f3logo dedicado. Entre goles de caf\u00e9, a conversa aprofundou-se sobre uma quest\u00e3o que sempre os intrigara: a rela\u00e7\u00e3o entre ci\u00eancia e f\u00e9.<\/p>\n<p>\u2014 Elias, a ci\u00eancia tornou Deus sup\u00e9rfluo? \u2014 perguntou Ant\u00f3nio, com um tom c\u00e9tico, como quem quer provocar a discuss\u00e3o.<\/p>\n<p>Elias sorriu pensativamente e respondeu::<\/p>\n<p>\u2014 A ci\u00eancia busca entender como o universo funciona, mas isso n\u00e3o significa que tenha todas as respostas. Ela n\u00e3o pode provar nem refutar a exist\u00eancia de Deus porque trabalha apenas com o que \u00e9 mensur\u00e1vel. Perguntas como &#8220;por que existe algo em vez de nada?&#8221; ou &#8220;qual \u00e9 a inten\u00e7\u00e3o ou sentido \u00faltimo da exist\u00eancia?&#8221; ultrapassam os limites do m\u00e9todo cient\u00edfico.<\/p>\n<p>Ant\u00f3nio acenou com a cabe\u00e7a e continuou:<\/p>\n<p>\u2014 Exato. E, no entanto, a pr\u00f3pria ci\u00eancia parece apontar para algo al\u00e9m de si mesma. A ordem do universo, as leis precisas que regem tudo, a capacidade que temos de raciocinar e entender a realidade\u2026 Isso n\u00e3o sugere uma mente inteligente por tr\u00e1s de tudo?<\/p>\n<p>Elias apoiou o queixo na m\u00e3o, pensativo:<\/p>\n<p>\u2014 H\u00e1 quem argumente que tudo pode ser explicado por processos naturais, mas admito que a regularidade e a inteligibilidade do universo s\u00e3o fascinantes. Se o cosmos fosse um mero acaso, por que \u00e9 que ele seguiria leis t\u00e3o bem organizadas?<\/p>\n<p>Ant\u00f3nio sorriu de forma expressiva:<\/p>\n<p>\u2014 E h\u00e1 mais. Se a nossa mente fosse apenas um produto do acaso, como confiar\u00edamos em nossa pr\u00f3pria capacidade de compreender a realidade? O fato de podermos raciocinar e fazer ci\u00eancia sugere que h\u00e1 algo mais do que processos cegos em jogo.<\/p>\n<p>Elias ergueu as sobrancelhas e perguntou com um ceticismo silencioso:<\/p>\n<p>\u2014 Mas ent\u00e3o, se aceitarmos que pode haver uma causa inteligente, como evitamos cair no dogmatismo?<\/p>\n<p>Ant\u00f3nio inclinou-se ligeiramente para a frente e respondeu com voz firme:<\/p>\n<p>\u2014 A f\u00e9 n\u00e3o deve ser um salto cego, mas sim uma decis\u00e3o racional baseada em evid\u00eancias e experi\u00eancias. Como a ci\u00eancia, ela tamb\u00e9m se baseia na busca da verdade. O problema surge quando um lado ignora completamente o outro. Se apenas aceitarmos o que \u00e9 mensur\u00e1vel, limitamos a nossa compreens\u00e3o da realidade. Por outro lado, se desprezarmos a raz\u00e3o, ca\u00edmos na supersti\u00e7\u00e3o.<\/p>\n<p>Elias deixou o pensamento assentar e acenou lentamente com a cabe\u00e7a:<\/p>\n<p>\u2014 A ci\u00eancia e a f\u00e9 s\u00e3o complementares e n\u00e3o contradit\u00f3rias.<\/p>\n<p>Ant\u00f3nio recostou-se e concluiu com um sorriso satisfeito:<\/p>\n<p>\u2014 Sim. A ci\u00eancia ajuda-nos a entender como o mundo funciona, e a f\u00e9 ajuda-nos a encontrar um prop\u00f3sito para essa exist\u00eancia. Ambas s\u00e3o necess\u00e1rias, pois cada uma responde a quest\u00f5es diferentes e usa m\u00e9todos distintos.<\/p>\n<p>Os dois sorriram, percebendo que, apesar de suas diferen\u00e7as, estavam em busca da mesma coisa: a verdade. E nessa busca, ci\u00eancia e f\u00e9 caminhavam juntas, n\u00e3o como advers\u00e1rias, mas como aliadas na compreens\u00e3o do mist\u00e9rio da exist\u00eancia.\u00a0 E nesta evid\u00eancia parecia at\u00e9 a realidade irmanar-se no aroma de um novo caf\u00e9 que os dois encomendaram ao Gar\u00e7on do Caf\u00e9 Colmeia.<\/p>\n<p>Ao lado na pra\u00e7a, os repuxos de \u00e1gua refrescavam o ar quente do ambiente enquanto pombos, como que internalizando a paix\u00e3o do debate &#8211; num prazer que dura, se repete sem desgaste &#8211; corriam atr\u00e1s das pombas em arrulhos que faziam lembrar o prazer do orgasmo intelectual produzido no nosso di\u00e1logo habitual.<\/p>\n<p>Elias e Ant\u00f3nio permaneceram em sil\u00eancio por alguns instantes, como que permitindo que as palavras proferidas se dissolvessem no ar, misturando-se ao aroma do caf\u00e9 rec\u00e9m-chegado. O l\u00edquido escuro e fumegante parecia refletir a profundidade da conversa, como se cada gole fosse um convite a mergulhar mais fundo no abismo das perguntas que seguiriam ad eternum. O caf\u00e9, ali, n\u00e3o era apenas uma bebida, mas um s\u00edmbolo daquilo que os unia: a busca por sentido no meio do ef\u00e9mero.<\/p>\n<p>Ant\u00f3nio ergueu a ch\u00e1vena, observando a luz do entardecer a refletir-se na superf\u00edcie l\u00edquida do granito da pra\u00e7a e deixava pequenos lampejos dourados, lembrando, por vezes restos de arco-\u00edris.<\/p>\n<p>\u2014 Sabes, Elias \u2014 disse Ant\u00f3nio, com um tom que parecia ecoar s\u00e9culos de pensamento \u2014 h\u00e1 algo de sagrado neste momento. N\u00e3o no sentido religioso, mas no sentido de que estamos diante de algo que transcende o cotidiano. Este caf\u00e9, esta pra\u00e7a, esta conversa&#8230; s\u00e3o como momentos kair\u00f3s, pequenos fragmentos de eternidade.<\/p>\n<p>Elias inclinou a cabe\u00e7a, como se tentasse decifrar um enigma.<\/p>\n<p>\u2014 Eternidade? \u2014 perguntou, com um sorriso que incorporava cepticismo e curiosidade.<\/p>\n<p>\u2014 Sim \u2014 respondeu Ant\u00f3nio, com um brilho nos olhos. \u2014 A eternidade n\u00e3o precisa de ser algo distante, inalcan\u00e7\u00e1vel. Ela pode estar aqui, neste instante, na maneira como o tempo parece suspender-se quando duas mentes se encontram irmanadas em di\u00e1logo ou dois corpos se unem num s\u00f3. \u00a0Sim, a ci\u00eancia pode medir o tempo, mas n\u00e3o pode aprisionar o seu sabor.<\/p>\n<p>Elias riu suavemente, como quem reconhece a beleza de uma met\u00e1fora bem colocada.<\/p>\n<p>\u2014 Ent\u00e3o, est\u00e1s a dizer que a eternidade tem o sabor de um caf\u00e9?<\/p>\n<p>\u2014 Por que n\u00e3o? \u2014 respondeu Ant\u00f3nio, com um gesto teatral. \u2014 O caf\u00e9 \u00e9 feito de gr\u00e3os que nasceram em solos distantes, foram colhidos por m\u00e3os que talvez nunca conhe\u00e7amos, torrados e mo\u00eddos em processos que envolvem tanto a precis\u00e3o da ci\u00eancia quanto a arte do mestre torrador. E agora, aqui est\u00e1, nesta x\u00edcara, servindo de ponte entre n\u00f3s. N\u00e3o \u00e9 isso a eternidade? Uma conex\u00e3o que transcende o tempo e o espa\u00e7o \u00e0 semelhan\u00e7a de um cl\u00edmax?<\/p>\n<p>Elias olhou para o caf\u00e9, como se o visse pela primeira vez.<\/p>\n<p>\u2014 Nunca pensei nisso \u2014 admitiu. \u2014 Mas faz sentido. A ci\u00eancia explica o processo, mas n\u00e3o consegue capturar a experi\u00eancia. A f\u00e9, por outro lado, permite-nos saborear o que est\u00e1 para al\u00e9m do processo, sim, porque a sua ess\u00eancia \u00e9 rela\u00e7\u00e3o.<\/p>\n<p>Ant\u00f3nio anuiu, satisfeito, recordando-se de Tom\u00e1s de Aquino.<\/p>\n<p>\u2014 Exatamente. A ci\u00eancia diz-nos como o caf\u00e9 foi feito, mas \u00e9 a f\u00e9 (experi\u00eancia do encontro) \u2014 ou, se preferires, a poesia \u2014 que nos permite apreciar o seu significado.<\/p>\n<p>O sil\u00eancio que se seguiu foi preenchido pelo som dos repuxos de \u00e1gua na pra\u00e7a, cujos jorros pareciam dan\u00e7ar ao ritmo de uma m\u00fasica invis\u00edvel. Os pombos, agora mais calmos, arrulhavam em coro, como se fossem testemunhas daquele di\u00e1logo que transcendia o mundano. O ar quente do fim de tarde carregava consigo o cheiro das \u00e1rvores que rodeavam a pra\u00e7a, misturando-se ao aroma do caf\u00e9 e criando uma sinfonia de sensa\u00e7\u00f5es.<\/p>\n<p>Elias olhou para Ant\u00f3nio, com um brilho de admira\u00e7\u00e3o nos olhos.<\/p>\n<p>\u2014 Sabes, Ant\u00f3nio, \u00e0s vezes penso que a tua mente \u00e9 como um labirinto. Cada vez que entro nela, descubro novos caminhos, novas perspectivas.<\/p>\n<p>\u2014 E a tua, Elias \u2014 respondeu Ant\u00f3nio, com um sorriso \u2014 \u00e9 como um telesc\u00f3pio. Permite-nos ver al\u00e9m do que \u00e9 vis\u00edvel, explorar os confins do universo.<\/p>\n<p>Ambos riram, e o som das suas gargalhadas misturou-se ao arrulhar dos pombos e ao rumor das \u00e1guas. Naquele momento, parecia que a pr\u00f3pria pra\u00e7a conspirava para celebrar a harmonia entre ci\u00eancia e f\u00e9, entre raz\u00e3o e poesia.<\/p>\n<p>Elias ergueu a ch\u00e1vena, como se fosse em brinde a unir os dois.<\/p>\n<p>\u2014 \u00c0 eternidade, ent\u00e3o. E ao caf\u00e9, que nos lembra que ela pode estar mais perto do que imaginamos.<\/p>\n<p>Ant\u00f3nio fez o mesmo, e os dois beberam em sil\u00eancio, saboreando n\u00e3o apenas o caf\u00e9, mas a profundidade daquele instante.<\/p>\n<p>Enquanto o sol mergulhava no horizonte, tingindo o c\u00e9u de tons alaranjados e purp\u00fareos, os dois amigos permaneceram ali, sentados no caf\u00e9 da pra\u00e7a de S\u00e3o Jo\u00e3o da Madeira, unidos pela busca da verdade e pela certeza de que, no fundo, ci\u00eancia e f\u00e9 s\u00e3o duas faces da mesma moeda \u2014 uma moeda cujo valor n\u00e3o se mede em n\u00fameros, mas em significado.<\/p>\n<p>E, assim, enquanto o dia se transformava em noite, o aroma do caf\u00e9 continuava a pairar no ar, como um testemunho silencioso daquela conversa que, talvez, tivesse tocado os limites da compreens\u00e3o e do eterno.<\/p>\n<p><strong>Ant\u00f3nio da Cunha Duarte Justo<\/strong><\/p>\n<p><strong>\u201cFlashes de vida\u201d<\/strong><\/p>\n<p>Pegadas do tempo<\/p>\n<p><a href=\"http:\/\/poesiajusto.blogspot.com\/\">http:\/\/poesiajusto.blogspot.com\/<\/a><\/p>\n","protected":false},"excerpt":{"rendered":"<p>No caf\u00e9 da Pra\u00e7a de S\u00e3o Jo\u00e3o da Madeira, dois amigos de inf\u00e2ncia, Elias e Ant\u00f3nio, encontravam-se para uma conversa habitual. Elias era um f\u00edsico apaixonado pela ci\u00eancia, enquanto Ant\u00f3nio era um fil\u00f3sofo e te\u00f3logo dedicado. Entre goles de caf\u00e9, a conversa aprofundou-se sobre uma quest\u00e3o que sempre os intrigara: a rela\u00e7\u00e3o entre ci\u00eancia e &hellip; <a href=\"https:\/\/antonio-justo.eu\/?p=9854\" class=\"more-link\">Continuar a ler <span class=\"screen-reader-text\">CI\u00caNCIA E F\u00c9 SABOREADAS NUM GOLE DE CAF\u00c9<\/span><\/a><\/p>\n","protected":false},"author":1,"featured_media":0,"comment_status":"open","ping_status":"open","sticky":false,"template":"","format":"standard","meta":{"sfsi_plus_gutenberg_text_before_share":"","sfsi_plus_gutenberg_show_text_before_share":"","sfsi_plus_gutenberg_icon_type":"","sfsi_plus_gutenberg_icon_alignemt":"","sfsi_plus_gutenburg_max_per_row":"","footnotes":""},"categories":[3,15,5,8,16],"tags":[],"class_list":["post-9854","post","type-post","status-publish","format-standard","hentry","category-arte","category-cultura","category-escola","category-religiao","category-sociedade"],"_links":{"self":[{"href":"https:\/\/antonio-justo.eu\/index.php?rest_route=\/wp\/v2\/posts\/9854","targetHints":{"allow":["GET"]}}],"collection":[{"href":"https:\/\/antonio-justo.eu\/index.php?rest_route=\/wp\/v2\/posts"}],"about":[{"href":"https:\/\/antonio-justo.eu\/index.php?rest_route=\/wp\/v2\/types\/post"}],"author":[{"embeddable":true,"href":"https:\/\/antonio-justo.eu\/index.php?rest_route=\/wp\/v2\/users\/1"}],"replies":[{"embeddable":true,"href":"https:\/\/antonio-justo.eu\/index.php?rest_route=%2Fwp%2Fv2%2Fcomments&post=9854"}],"version-history":[{"count":5,"href":"https:\/\/antonio-justo.eu\/index.php?rest_route=\/wp\/v2\/posts\/9854\/revisions"}],"predecessor-version":[{"id":9859,"href":"https:\/\/antonio-justo.eu\/index.php?rest_route=\/wp\/v2\/posts\/9854\/revisions\/9859"}],"wp:attachment":[{"href":"https:\/\/antonio-justo.eu\/index.php?rest_route=%2Fwp%2Fv2%2Fmedia&parent=9854"}],"wp:term":[{"taxonomy":"category","embeddable":true,"href":"https:\/\/antonio-justo.eu\/index.php?rest_route=%2Fwp%2Fv2%2Fcategories&post=9854"},{"taxonomy":"post_tag","embeddable":true,"href":"https:\/\/antonio-justo.eu\/index.php?rest_route=%2Fwp%2Fv2%2Ftags&post=9854"}],"curies":[{"name":"wp","href":"https:\/\/api.w.org\/{rel}","templated":true}]}}