{"id":9852,"date":"2025-02-09T23:25:17","date_gmt":"2025-02-09T22:25:17","guid":{"rendered":"https:\/\/antonio-justo.eu\/?p=9852"},"modified":"2025-02-09T23:25:17","modified_gmt":"2025-02-09T22:25:17","slug":"uniao-europeia-propaga-ideologia-islamica-discriminadora-da-mulher","status":"publish","type":"post","link":"https:\/\/antonio-justo.eu\/?p=9852","title":{"rendered":"UNI\u00c3O EUROPEIA PROPAGA IDEOLOGIA ISL\u00c2MICA DISCRIMINADORA DA MULHER"},"content":{"rendered":"<p style=\"text-align: center;\"><strong>Institui\u00e7\u00f5es da UE promovem s\u00edmbolos isl\u00e2micos em materiais de divulga\u00e7\u00e3o, gerando controv\u00e9rsia<\/strong><\/p>\n<p>&nbsp;<\/p>\n<p><strong>Nos \u00faltimos anos, institui\u00e7\u00f5es da Uni\u00e3o Europeia t\u00eam inclu\u00eddo, em materiais de divulga\u00e7\u00e3o, imagens de crian\u00e7as utilizando len\u00e7os de cabe\u00e7a, um s\u00edmbolo religioso do Isl\u00e3o.<\/strong> <strong>Um exemplo not\u00e1vel ocorreu numa brochura do programa Erasmus+, com a refer\u00eancia &#8220;Pr\u00e9mio Europeu para o Ensino Inovador&#8221;, onde uma crian\u00e7a com hijab foi destacada.<\/strong> Essa pr\u00e1tica tem gerado cr\u00edticas de diversos setores, incluindo pol\u00edticos e organiza\u00e7\u00f5es de defesa dos direitos das mulheres.<\/p>\n<p><strong>A deputada Monika Hohlmeier, do Parlamento Europeu, manifestou-se contra a utiliza\u00e7\u00e3o desses s\u00edmbolos, argumentando que eles est\u00e3o associados \u00e0 opress\u00e3o religiosa de mulheres e meninas. Segundo ela, &#8220;a Comiss\u00e3o est\u00e1 a promover s\u00edmbolos problem\u00e1ticos, que perpetuam estruturas de discrimina\u00e7\u00e3o de g\u00e9nero&#8221;.<\/strong> A corroborar estas cr\u00edticas, membros do Parlamento Europeu dirigiram-se \u00e0 Presidente da Comiss\u00e3o Europeia, Ursula von der Leyen, exigindo uma revis\u00e3o dessa abordagem. Os parlamentares afirmam que a banaliza\u00e7\u00e3o de s\u00edmbolos religiosos, como o hijab, em materiais oficiais da UE, \u00e9 preocupante e carece de justifica\u00e7\u00e3o.<\/p>\n<p>A cr\u00edtica centra-se no facto de que a promo\u00e7\u00e3o de vestu\u00e1rio religioso, especialmente em contextos dirigidos a crian\u00e7as, \u00e9 de ser interpretada como uma forma de imposi\u00e7\u00e3o ideol\u00f3gica. A discrimina\u00e7\u00e3o de g\u00e9nero, enraizada em estruturas patriarcais, \u00e9 um problema global, e mesmo dentro do Isl\u00e3o, os pap\u00e9is tradicionais de g\u00e9nero t\u00eam sido questionados. <strong>A publicidade de s\u00edmbolos religiosos em materiais institucionais pode, inadvertidamente, refor\u00e7ar estere\u00f3tipos e pr\u00e1ticas que limitam a liberdade das mulheres. <\/strong>A pol\u00edtica isl\u00e2mica est\u00e1 consciente que ao controlar a mulher tem o controlo da tradi\u00e7\u00e3o. \u00a0\u00c9 de lamentar como uma institui\u00e7\u00e3o europeia que se mostra t\u00e3o meticulosa em quest\u00f5es consideradas picuinhas de costumes europeus sirva de propaganda para fomentar discrimina\u00e7\u00e3o justificada por supremacia cultural isl\u00e2mica.<\/p>\n<p><strong>Na Alemanha, organiza\u00e7\u00f5es como a Terre des Femmes, dedicada \u00e0 defesa dos direitos das mulheres, t\u00eam defendido h\u00e1 anos a proibi\u00e7\u00e3o do uso de v\u00e9us por crian\u00e7as em institui\u00e7\u00f5es p\u00fablicas, como creches e escolas. A organiza\u00e7\u00e3o argumenta que o uso precoce do v\u00e9u pode estar associado a press\u00f5es familiares e sociais que restringem a liberdade das meninas. H\u00e1 relatos de alunas que usam v\u00e9us e que, por vezes, exercem controlo sobre colegas que n\u00e3o seguem as tradi\u00e7\u00f5es religiosas. Al\u00e9m disso, algumas crian\u00e7as s\u00e3o impedidas pelos pais de participar em atividades escolares, como aulas de educa\u00e7\u00e3o f\u00edsica ou viagens, devido a restri\u00e7\u00f5es religiosas. Desta forma parece haver uma pol\u00edtica interessada em fomentar o gueto.<\/strong><\/p>\n<p><strong>A situa\u00e7\u00e3o exp\u00f5e uma contradi\u00e7\u00e3o na sociedade contempor\u00e2nea: enquanto h\u00e1 um esfor\u00e7o significativo para evitar linguagem discriminat\u00f3ria (como o uso de termos considerados ofensivos, por exemplo, &#8220;cigano&#8221;), h\u00e1, ao mesmo tempo, uma querida indiferen\u00e7a em rela\u00e7\u00e3o a pr\u00e1ticas que perpetuam a discrimina\u00e7\u00e3o de g\u00e9nero e a opress\u00e3o religiosa sob o manto do isl\u00e3o.<\/strong> Essa postura \u00e9 vista por muitos como hip\u00f3crita, uma vez que ignora o impacto real dessas pr\u00e1ticas na vida das crian\u00e7as e na promo\u00e7\u00e3o da igualdade entre homem e mulher na vida social.<\/p>\n<p><strong>Em suma, a utiliza\u00e7\u00e3o de s\u00edmbolos religiosos em materiais institucionais da UE tem levantado quest\u00f5es importantes sobre a neutralidade das institui\u00e7\u00f5es europeias e o seu papel na promo\u00e7\u00e3o dos direitos humanos e da igualdade de g\u00e9nero.<\/strong> A discuss\u00e3o continua, com apelos para que a Comiss\u00e3o Europeia reavalie suas pr\u00e1ticas de comunica\u00e7\u00e3o, garantindo que estas estejam alinhadas com os valores fundamentais da Uni\u00e3o Europeia.<\/p>\n<p><strong>Ant\u00f3nio da Cunha Duarte Justo<\/strong><\/p>\n<p>Pegadas do tempo<\/p>\n","protected":false},"excerpt":{"rendered":"<p>Institui\u00e7\u00f5es da UE promovem s\u00edmbolos isl\u00e2micos em materiais de divulga\u00e7\u00e3o, gerando controv\u00e9rsia &nbsp; Nos \u00faltimos anos, institui\u00e7\u00f5es da Uni\u00e3o Europeia t\u00eam inclu\u00eddo, em materiais de divulga\u00e7\u00e3o, imagens de crian\u00e7as utilizando len\u00e7os de cabe\u00e7a, um s\u00edmbolo religioso do Isl\u00e3o. Um exemplo not\u00e1vel ocorreu numa brochura do programa Erasmus+, com a refer\u00eancia &#8220;Pr\u00e9mio Europeu para o Ensino &hellip; <a href=\"https:\/\/antonio-justo.eu\/?p=9852\" class=\"more-link\">Continuar a ler <span class=\"screen-reader-text\">UNI\u00c3O EUROPEIA PROPAGA IDEOLOGIA ISL\u00c2MICA DISCRIMINADORA DA MULHER<\/span><\/a><\/p>\n","protected":false},"author":1,"featured_media":0,"comment_status":"open","ping_status":"open","sticky":false,"template":"","format":"standard","meta":{"sfsi_plus_gutenberg_text_before_share":"","sfsi_plus_gutenberg_show_text_before_share":"","sfsi_plus_gutenberg_icon_type":"","sfsi_plus_gutenberg_icon_alignemt":"","sfsi_plus_gutenburg_max_per_row":"","footnotes":""},"categories":[15,4,5,6,7,8,16],"tags":[],"class_list":["post-9852","post","type-post","status-publish","format-standard","hentry","category-cultura","category-educacao","category-escola","category-migracao","category-politica","category-religiao","category-sociedade"],"_links":{"self":[{"href":"https:\/\/antonio-justo.eu\/index.php?rest_route=\/wp\/v2\/posts\/9852","targetHints":{"allow":["GET"]}}],"collection":[{"href":"https:\/\/antonio-justo.eu\/index.php?rest_route=\/wp\/v2\/posts"}],"about":[{"href":"https:\/\/antonio-justo.eu\/index.php?rest_route=\/wp\/v2\/types\/post"}],"author":[{"embeddable":true,"href":"https:\/\/antonio-justo.eu\/index.php?rest_route=\/wp\/v2\/users\/1"}],"replies":[{"embeddable":true,"href":"https:\/\/antonio-justo.eu\/index.php?rest_route=%2Fwp%2Fv2%2Fcomments&post=9852"}],"version-history":[{"count":1,"href":"https:\/\/antonio-justo.eu\/index.php?rest_route=\/wp\/v2\/posts\/9852\/revisions"}],"predecessor-version":[{"id":9853,"href":"https:\/\/antonio-justo.eu\/index.php?rest_route=\/wp\/v2\/posts\/9852\/revisions\/9853"}],"wp:attachment":[{"href":"https:\/\/antonio-justo.eu\/index.php?rest_route=%2Fwp%2Fv2%2Fmedia&parent=9852"}],"wp:term":[{"taxonomy":"category","embeddable":true,"href":"https:\/\/antonio-justo.eu\/index.php?rest_route=%2Fwp%2Fv2%2Fcategories&post=9852"},{"taxonomy":"post_tag","embeddable":true,"href":"https:\/\/antonio-justo.eu\/index.php?rest_route=%2Fwp%2Fv2%2Ftags&post=9852"}],"curies":[{"name":"wp","href":"https:\/\/api.w.org\/{rel}","templated":true}]}}