{"id":9829,"date":"2025-02-05T22:04:28","date_gmt":"2025-02-05T21:04:28","guid":{"rendered":"https:\/\/antonio-justo.eu\/?p=9829"},"modified":"2025-02-05T22:04:28","modified_gmt":"2025-02-05T21:04:28","slug":"porque-alemanha","status":"publish","type":"post","link":"https:\/\/antonio-justo.eu\/?p=9829","title":{"rendered":"PORQU\u00ca, ALEMANHA:"},"content":{"rendered":"<p>Na Alemanha, a coopera\u00e7\u00e3o do l\u00edder da CDU, Friedrich Merz, com a AfD (Alternativa para a Alemanha) para um acordo sobre pol\u00edticas de asilo gerou grandes manifesta\u00e7\u00f5es populares contra a direita, como as conhecidas &#8220;Av\u00f3s contra a Direita&#8221;.<br \/>\nNo entanto, manifesta\u00e7\u00f5es de grupos islamistas que exigem o fim da democracia e a introdu\u00e7\u00e3o de um Califado (um sistema teocr\u00e1tico isl\u00e2mico), ou mesmo protestos com slogans antissemitas nas ruas de Berlim, causam indiferen\u00e7a geral e n\u00e3o provocam uma rea\u00e7\u00e3o p\u00fablica semelhante.<\/p>\n<p>Pergunta:<br \/>\nPor que raz\u00e3o h\u00e1 uma discrep\u00e2ncia t\u00e3o evidente na rea\u00e7\u00e3o da sociedade e das institui\u00e7\u00f5es alem\u00e3s? Por que \u00e9 que um tipo de manifesta\u00e7\u00e3o mobiliza a popula\u00e7\u00e3o e a outra n\u00e3o, quando o que est\u00e1 em causa \u00e9 a coexist\u00eancia pac\u00edfica?<\/p>\n<p>Ant\u00f3nio da Cunha Duarte Justo<\/p>\n<p>Pegadas do Tempo<\/p>\n","protected":false},"excerpt":{"rendered":"<p>Na Alemanha, a coopera\u00e7\u00e3o do l\u00edder da CDU, Friedrich Merz, com a AfD (Alternativa para a Alemanha) para um acordo sobre pol\u00edticas de asilo gerou grandes manifesta\u00e7\u00f5es populares contra a direita, como as conhecidas &#8220;Av\u00f3s contra a Direita&#8221;. No entanto, manifesta\u00e7\u00f5es de grupos islamistas que exigem o fim da democracia e a introdu\u00e7\u00e3o de um &hellip; <a href=\"https:\/\/antonio-justo.eu\/?p=9829\" class=\"more-link\">Continuar a ler <span class=\"screen-reader-text\">PORQU\u00ca, ALEMANHA:<\/span><\/a><\/p>\n","protected":false},"author":1,"featured_media":0,"comment_status":"open","ping_status":"open","sticky":false,"template":"","format":"standard","meta":{"sfsi_plus_gutenberg_text_before_share":"","sfsi_plus_gutenberg_show_text_before_share":"","sfsi_plus_gutenberg_icon_type":"","sfsi_plus_gutenberg_icon_alignemt":"","sfsi_plus_gutenburg_max_per_row":"","footnotes":""},"categories":[15,14,7,8,16],"tags":[],"class_list":["post-9829","post","type-post","status-publish","format-standard","hentry","category-cultura","category-economia","category-politica","category-religiao","category-sociedade"],"_links":{"self":[{"href":"https:\/\/antonio-justo.eu\/index.php?rest_route=\/wp\/v2\/posts\/9829","targetHints":{"allow":["GET"]}}],"collection":[{"href":"https:\/\/antonio-justo.eu\/index.php?rest_route=\/wp\/v2\/posts"}],"about":[{"href":"https:\/\/antonio-justo.eu\/index.php?rest_route=\/wp\/v2\/types\/post"}],"author":[{"embeddable":true,"href":"https:\/\/antonio-justo.eu\/index.php?rest_route=\/wp\/v2\/users\/1"}],"replies":[{"embeddable":true,"href":"https:\/\/antonio-justo.eu\/index.php?rest_route=%2Fwp%2Fv2%2Fcomments&post=9829"}],"version-history":[{"count":1,"href":"https:\/\/antonio-justo.eu\/index.php?rest_route=\/wp\/v2\/posts\/9829\/revisions"}],"predecessor-version":[{"id":9830,"href":"https:\/\/antonio-justo.eu\/index.php?rest_route=\/wp\/v2\/posts\/9829\/revisions\/9830"}],"wp:attachment":[{"href":"https:\/\/antonio-justo.eu\/index.php?rest_route=%2Fwp%2Fv2%2Fmedia&parent=9829"}],"wp:term":[{"taxonomy":"category","embeddable":true,"href":"https:\/\/antonio-justo.eu\/index.php?rest_route=%2Fwp%2Fv2%2Fcategories&post=9829"},{"taxonomy":"post_tag","embeddable":true,"href":"https:\/\/antonio-justo.eu\/index.php?rest_route=%2Fwp%2Fv2%2Ftags&post=9829"}],"curies":[{"name":"wp","href":"https:\/\/api.w.org\/{rel}","templated":true}]}}