{"id":9778,"date":"2025-01-26T15:04:39","date_gmt":"2025-01-26T14:04:39","guid":{"rendered":"https:\/\/antonio-justo.eu\/?p=9778"},"modified":"2025-01-26T16:59:02","modified_gmt":"2025-01-26T15:59:02","slug":"sonnya-em-dialogo-com-a-verdade","status":"publish","type":"post","link":"https:\/\/antonio-justo.eu\/?p=9778","title":{"rendered":"Sonnya em Di\u00e1logo com a Verdade"},"content":{"rendered":"<p>Era uma tarde cinzenta quando Sonnya, exausta de tentar entender o mundo, se sentou \u00e0 beira de um rio imagin\u00e1rio. Ela n\u00e3o sabia como, mas sentia que ali algo extraordin\u00e1rio aconteceria. Foi ent\u00e3o que uma figura transl\u00facida, com uma presen\u00e7a ao mesmo tempo reconfortante e inquietante, surgiu. Chamava-se Verdade.<\/p>\n<p><strong>Sonnya<\/strong>: Quem \u00e9s tu?<\/p>\n<p><strong>Verdade<\/strong>: Eu sou a Verdade. Mas n\u00e3o a que pensas conhecer. Sou a busca que todos t\u00eam, mas poucos entendem.<\/p>\n<p>Sonnya franziu as sobrancelhas. Sentia na mente as ideias em correria e baralhadas, mas, ao mesmo tempo, um certo fasc\u00ednio.<\/p>\n<p><strong>Sonnya<\/strong>: Ent\u00e3o diz-me, por que \u00e9 t\u00e3o dif\u00edcil encontrar-te? Encontro-me perdida num labirinto de informa\u00e7\u00f5es contradit\u00f3rias, cada uma dizendo ser tu.<\/p>\n<p><strong>Verdade<\/strong>: Porque n\u00e3o sou mais o que costumava ser. Houve um tempo em que a minha ess\u00eancia era procurada em coisas concretas, como estrelas no c\u00e9u ou ra\u00edzes no ch\u00e3o. Agora, cada um cria a sua vers\u00e3o de mim, e chamam a isso liberdade.<\/p>\n<p><strong>Sonnya:<\/strong> Liberdade? Isso parece mais uma pris\u00e3o. Tudo \u00e9 t\u00e3o relativo que n\u00e3o sei mais em que acreditar. Como posso encontrar clareza?<\/p>\n<p><strong>Verdade<\/strong>: Para entenderes, precisas de ouvir como as coisas chegaram a este ponto. Imagina que cada indiv\u00edduo ou grupo criou a sua &#8220;verdade&#8221;. Isso come\u00e7ou com a ideia de que a experi\u00eancia de cada um tinha valor, algo que era justo. Mas sem um crit\u00e9rio para avaliar essas experi\u00eancias, as &#8220;verdades&#8221; multiplicaram-se como folhas ao vento.<\/p>\n<p><strong>Sonnya<\/strong>: Ent\u00e3o&#8230; agora vivemos num mundo de folhas, mas sem ra\u00edzes?<\/p>\n<p><strong>Verdade<\/strong>: Exatamente. V\u00ea o que acontece: se todos t\u00eam a sua &#8220;verdade&#8221;, ningu\u00e9m pode dizer o que \u00e9 certo ou errado; isso tamb\u00e9m se v\u00ea na luta partid\u00e1ria. N\u00e3o h\u00e1 terreno comum para resolver discord\u00e2ncias. Nos debates \u00e9ticos, cient\u00edficos ou sociais, tudo se torna uma batalha de opini\u00f5es e quem \u00e9 mais forte imp\u00f5e a sua.<\/p>\n<p>Sonnya olhou para o rio como que a refugiar-se nas \u00e1guas turvas que refletiam a sua confus\u00e3o.<\/p>\n<p><strong>Sonnya:<\/strong> Isso explica o caos. Mas por que \u00e9 que isso chegou a este ponto e foi permitido?<\/p>\n<p><strong>Verdade<\/strong>: Em parte, porque os poderosos perceberam que podiam usar isso em seu favor. Dividindo as pessoas em &#8220;verdades&#8221; particulares (opini\u00f5es), \u00e9 mais f\u00e1cil control\u00e1-las, o mesmo se dando com a verdade dividida por partidos. Quem det\u00e9m os meios de comunica\u00e7\u00e3o e quem manipula os algoritmos nas redes sociais molda as &#8220;verdades&#8221; a seu gosto. O primeiro passo dado para isso foi a propaga\u00e7\u00e3o do niilismo, que transformou a f\u00e9 numa cren\u00e7a que faz de cada pessoa um fict\u00edcio superego que rota em torno da mente.<\/p>\n<p><strong>Sonnya<\/strong>: Ent\u00e3o, a liberdade de express\u00e3o transformou-se numa ferramenta de opress\u00e3o?<\/p>\n<p><strong>Verdade<\/strong>: Sim, quando n\u00e3o acompanhada de responsabilidade e de um crit\u00e9rio para distinguir o que \u00e9 real do que \u00e9 manipulado.<\/p>\n<p>Sonnya sentiu um peso no peito, um peso do tamanho da Europa e da R\u00fassia ao mesmo tempo.<\/p>\n<p><strong>Sonnya:<\/strong> Mas e a ci\u00eancia? N\u00e3o era para ela ser o farol da verdade?<\/p>\n<p><strong>Verdade<\/strong>: A ci\u00eancia \u00e9 um farol, mas tamb\u00e9m ela tem sido obscurecida por interesses. O seu objetivo \u00e9 buscar o que \u00e9 verific\u00e1vel, mas, nas m\u00e3os erradas, os seus resultados podem ser distorcidos para atender a agendas espec\u00edficas, n\u00e3o contando j\u00e1 com os interesses e tend\u00eancias de quem a subsidia.<\/p>\n<p>Sonnya sentiu-se como se lhe tivessem dado um soco no est\u00f4mago e come\u00e7ou a chorar.<\/p>\n<p><strong>Sonnya<\/strong>: Isso \u00e9 desesperante. Estamos condenados a viver assim?<\/p>\n<p><strong>Verdade<\/strong>: N\u00e3o. H\u00e1 uma sa\u00edda, mas ela exige hombridade e coragem. Primeiro, \u00e9 preciso reconhecer que n\u00e3o sou algo que se possa possuir, mas algo que se deve buscar continuamente, numa perspectiva\u00a0 de ser e n\u00e3o de ter. Sou uma jornada universal, que n\u00e3o se perde num destino prisioneiro da ocasi\u00e3o nem do tempo.<\/p>\n<p>Sonnya olhou para o horizonte. Sentiu uma lembran\u00e7a brotar dentro de si, algo que havia aprendido na catequese, mas que se perdera com o tempo. Ent\u00e3o murmurou:<\/p>\n<p><strong>Sonnya<\/strong>: Na catequese, ensinaram-me que a Verdade n\u00e3o \u00e9 apenas alguma coisa para ser encontrada fora de si mesmo, mas algu\u00e9m que se encontra dentro&#8230; Jesus. Ele dizia que estava no interior de cada um de n\u00f3s, mas, passado algum tempo e uma vida com muitos emaranhados tudo se perdeu. Ficou apenas a vaga ideia do homem honrado que viveu na Galileia e uma escondida saudade de ele.<\/p>\n<p>A Verdade sorriu, como se aquelas palavras fossem um eco do que ela mesma era.<\/p>\n<p><strong>Verdade<\/strong>: N\u00e3o te esque\u00e7as, Sonnya, que palavras ajudam, mas s\u00e3o apenas sinais. O que realmente importa \u00e9 a atitude. O modo como olhas para a vida e como tratas os outros. Talvez aquilo que na vida real praticas!<\/p>\n<p>Sonnya sentiu algo a aquecer o seu cora\u00e7\u00e3o. Era como se, finalmente, tivesse encontrado um fio condutor, algo que fazia sentido.<\/p>\n<p><strong>Sonnya<\/strong>: Ent\u00e3o&#8230; a Verdade \u00e9 uma atitude?<\/p>\n<p><strong>Verdade<\/strong>: Sim. \u00c9 bonomia, generosidade, compaix\u00e3o, encontro. Essas s\u00e3o as ra\u00edzes que podem sustentar as folhas da tua busca. Jesus sabia disso. Ele n\u00e3o dizia apenas &#8220;Eu sou a Verdade&#8221;, mas vivia a Verdade. Trata-se de ouvir a voz do cora\u00e7\u00e3o no mais \u00edntimo de ti mesma porque a voz da mente cada vez se torna mais na voz de senhores externos.<\/p>\n<p>Sonnya levantou-se, sentindo-se como que levada por asas de passarinho. N\u00e3o porque todas as respostas tivessem sido dadas, mas porque agora entendia que a busca da Verdade era, em si mesma, uma forma de viver com prop\u00f3sito.<\/p>\n<p><strong>Sonnya<\/strong>: Obrigada, Verdade. N\u00e3o sei se posso mudar o mundo, mas posso mudar-me a mim mesma.<\/p>\n<p><strong>Verdade<\/strong>: E ao fazeres isso, j\u00e1 come\u00e7aste a mudar o mundo que se encontra t\u00e3o inacabado como tu.<\/p>\n<p>A verdade evaporou-se como uma brisa suave e Sonnya regressou \u00e0 vida aliviada e com um novo compromisso: procurar sempre a luz dentro de si e partilh\u00e1-la com o pr\u00f3ximo; de facto, a vida aut\u00eantica s\u00f3 pode ser alcan\u00e7ada atrav\u00e9s de escolhas pessoais numa rela\u00e7\u00e3o direta com a voz de Deus, ouvida longe de ideologias e opini\u00f5es sist\u00e9micas.<\/p>\n<p><strong>Ant\u00f3nio da Cunha Duarte Justo<\/strong><\/p>\n<p>Pegadas do Tempo<\/p>\n<p>http:\/\/poesiajusto.blogspot.com\/<\/p>\n<p>&nbsp;<\/p>\n","protected":false},"excerpt":{"rendered":"<p>Era uma tarde cinzenta quando Sonnya, exausta de tentar entender o mundo, se sentou \u00e0 beira de um rio imagin\u00e1rio. Ela n\u00e3o sabia como, mas sentia que ali algo extraordin\u00e1rio aconteceria. Foi ent\u00e3o que uma figura transl\u00facida, com uma presen\u00e7a ao mesmo tempo reconfortante e inquietante, surgiu. Chamava-se Verdade. Sonnya: Quem \u00e9s tu? Verdade: Eu &hellip; <a href=\"https:\/\/antonio-justo.eu\/?p=9778\" class=\"more-link\">Continuar a ler <span class=\"screen-reader-text\">Sonnya em Di\u00e1logo com a Verdade<\/span><\/a><\/p>\n","protected":false},"author":1,"featured_media":0,"comment_status":"open","ping_status":"open","sticky":false,"template":"","format":"standard","meta":{"sfsi_plus_gutenberg_text_before_share":"","sfsi_plus_gutenberg_show_text_before_share":"","sfsi_plus_gutenberg_icon_type":"","sfsi_plus_gutenberg_icon_alignemt":"","sfsi_plus_gutenburg_max_per_row":"","footnotes":""},"categories":[3,15,5,7,8,16],"tags":[],"class_list":["post-9778","post","type-post","status-publish","format-standard","hentry","category-arte","category-cultura","category-escola","category-politica","category-religiao","category-sociedade"],"_links":{"self":[{"href":"https:\/\/antonio-justo.eu\/index.php?rest_route=\/wp\/v2\/posts\/9778","targetHints":{"allow":["GET"]}}],"collection":[{"href":"https:\/\/antonio-justo.eu\/index.php?rest_route=\/wp\/v2\/posts"}],"about":[{"href":"https:\/\/antonio-justo.eu\/index.php?rest_route=\/wp\/v2\/types\/post"}],"author":[{"embeddable":true,"href":"https:\/\/antonio-justo.eu\/index.php?rest_route=\/wp\/v2\/users\/1"}],"replies":[{"embeddable":true,"href":"https:\/\/antonio-justo.eu\/index.php?rest_route=%2Fwp%2Fv2%2Fcomments&post=9778"}],"version-history":[{"count":5,"href":"https:\/\/antonio-justo.eu\/index.php?rest_route=\/wp\/v2\/posts\/9778\/revisions"}],"predecessor-version":[{"id":9783,"href":"https:\/\/antonio-justo.eu\/index.php?rest_route=\/wp\/v2\/posts\/9778\/revisions\/9783"}],"wp:attachment":[{"href":"https:\/\/antonio-justo.eu\/index.php?rest_route=%2Fwp%2Fv2%2Fmedia&parent=9778"}],"wp:term":[{"taxonomy":"category","embeddable":true,"href":"https:\/\/antonio-justo.eu\/index.php?rest_route=%2Fwp%2Fv2%2Fcategories&post=9778"},{"taxonomy":"post_tag","embeddable":true,"href":"https:\/\/antonio-justo.eu\/index.php?rest_route=%2Fwp%2Fv2%2Ftags&post=9778"}],"curies":[{"name":"wp","href":"https:\/\/api.w.org\/{rel}","templated":true}]}}