{"id":9764,"date":"2025-01-22T23:49:40","date_gmt":"2025-01-22T22:49:40","guid":{"rendered":"https:\/\/antonio-justo.eu\/?p=9764"},"modified":"2025-01-24T11:42:04","modified_gmt":"2025-01-24T10:42:04","slug":"trump-e-a-transformacao-politica-no-ocidente-um-retorno-as-origens-da-europa-dos-descobrimentos","status":"publish","type":"post","link":"https:\/\/antonio-justo.eu\/?p=9764","title":{"rendered":"Trump e a Transforma\u00e7\u00e3o Pol\u00edtica no Ocidente"},"content":{"rendered":"<p style=\"text-align: center;\"><strong>Imperialismo Cognitivo da UE versus Imperialismo Econ\u00f3mico-militar dos EUA<\/strong><\/p>\n<p><strong>Estar\u00e1 Trump a tentar resgatar o esp\u00edrito da Europa enquanto a pr\u00f3pria Europa parece fugir de si mesma? Preocupante \u00e9 a arrog\u00e2ncia revelada por ambos os lados.<\/strong><\/p>\n<p><strong>Trump, antes de tudo, \u00e9 um pol\u00edtico pragm\u00e1tico, fiel \u00e0 alma popular, leal \u00e0 tradi\u00e7\u00e3o cultural e \u00e0 na\u00e7\u00e3o. Nos seus extremos, ele expressa a raiva reprimida da popula\u00e7\u00e3o. Sua lideran\u00e7a inaugura uma era que reavalia a hist\u00f3ria fora dos par\u00e2metros socialistas defendidos pelo Partido Democrata, que, com tend\u00eancia niilista, promove a descren\u00e7a na vida e a desagrega\u00e7\u00e3o cultural e social na Europa<\/strong>.<\/p>\n<p><strong>Ap\u00f3s a elei\u00e7\u00e3o de Trump, os pol\u00edticos europeus da UE sentem-se como poodles molhados porque apostaram no cavalo errado. <\/strong><\/p>\n<p>Trump busca demonstrar que inova\u00e7\u00e3o e criatividade transcendem r\u00f3tulos de esquerda ou direita. Ele rejeita as pol\u00edticas de cunho socialista que, de forma discriminat\u00f3ria, t\u00eam ridicularizado os valores tradicionais em vez de integr\u00e1-los numa estrat\u00e9gia sustent\u00e1vel.<strong> Essa postura desafia as agendas pol\u00edticas estabelecidas, inquietando as elites europeias e a esquerda woke, que prefere demoniz\u00e1-lo. Essa cr\u00edtica recai frequentemente sobre tra\u00e7os menos lisonjeiros de seu temperamento, permitindo que seus opositores se refugiem na t\u00e1tica de difama\u00e7\u00e3o, j\u00e1 usada com efic\u00e1cia no s\u00e9culo XX. Assim, desviam a aten\u00e7\u00e3o dos pr\u00f3prios erros de governan\u00e7a que Trump exp\u00f5e.<\/strong><\/p>\n<p>A elite europeia, apegada ao status quo, lan\u00e7ou uma campanha de difama\u00e7\u00e3o contra Trump, direcionando o debate para quest\u00f5es morais ou incidentais. Isso satisfaz aqueles que lucram com o sistema, enquanto o p\u00fablico acr\u00edtico aceita essa narrativa como alimento intelectual.<\/p>\n<p><strong>Numa \u00e9poca de grandes desafios e incertezas chegou o momento em que os pol\u00edticos n\u00e3o podem esconder-se mais sob o guarda-chuva democr\u00e1tico e das togas simb\u00f3licas emprestadas pelos meios de comunica\u00e7\u00e3o, h\u00e1bito ainda vigente na Uni\u00e3o Europeia.<\/strong> O direito de expressar a pr\u00f3pria opini\u00e3o tem-se tornado, cada vez mais, numa actividade perigosa que pode trazer consequ\u00eancias graves para o cidad\u00e3o distra\u00eddo.<\/p>\n<p><strong>Trump \u00e9 um produto do seu tempo e um catalisador para os sentimentos daqueles marginalizados pelos detentores do poder. Foi eleito por trazer uma narrativa ignorada ou rejeitada, desafiando o establishment pol\u00edtico e medi\u00e1tico \u2013 a elite controladora que domina o status quo.<\/strong><\/p>\n<p><strong>Enquanto os Estados Unidos se consolidam como o centro do capital e da liberdade de express\u00e3o, a Europa envelhece na sua defesa obstinada do establishment pol\u00edtico e medi\u00e1tico, recorrendo \u00e0 censura e rotulando como populismo qualquer pensamento divergente.<\/strong> Essa velha estrat\u00e9gia, empregada para atrasar o inevit\u00e1vel decl\u00ednio, exp\u00f5e uma profunda pequenez de esp\u00edrito. O jornalismo europeu revela cada vez mais \u201cind\u00edcios de ser um jornalismo baseado na opini\u00e3o\u201d como refere Alexander Teske, jornalista da ARD, autor alem\u00e3o de &#8220;Inside Tagesschau&#8221;.<\/p>\n<p style=\"text-align: center;\"><strong>A\u00e7\u00f5es e Discursos de Trump<\/strong><\/p>\n<p><strong>Antes de deixar o cargo, Joe Biden concedeu perd\u00e3o a ex-funcion\u00e1rios e deputados, al\u00e9m de familiares. Trump, por sua vez, exerceu o mesmo direito e perdoou 1.600 envolvidos no ataque ao Capit\u00f3lio.<\/strong> Revogou 78 decretos da era Biden, retirou os EUA da OMS e do Acordo de Paris, e declarou emerg\u00eancia na fronteira com o M\u00e9xico e no setor energ\u00e9tico, reativando ind\u00fastrias paralisadas. Trump tamb\u00e9m prop\u00f4s acabar com a cidadania autom\u00e1tica para filhos de imigrantes ilegais nascidos nos EUA; quer tamb\u00e9m reemigrar imigrantes ilegais: 11 milh\u00f5es de pessoas vivem sem documentos<\/p>\n<p><strong>No seu discurso de posse, Trump afirmou: &#8220;Somos a maior civiliza\u00e7\u00e3o do mundo.&#8221; Ele declarou aquele dia como uma liberta\u00e7\u00e3o e um retorno \u00e0 democracia.<\/strong> <strong>Defendeu que os soldados n\u00e3o sejam doutrinados, mas sim transformados no ex\u00e9rcito mais forte do mundo. Exprimiu-se contra a promo\u00e7\u00e3o da ideologia do g\u00e9nero e correspondente desmontagem da identidade humana fora da biologia (homem-mulher). Insistiu na import\u00e2ncia da ordem e justi\u00e7a, alertando: &#8220;As crian\u00e7as est\u00e3o aprendendo a ter vergonha do pa\u00eds.&#8221;<\/strong><\/p>\n<p>Trump agradeceu aos negros e hisp\u00e2nicos que votaram nele, mencionndo Martin Luther King e a necessidade de realizar seu sonho. Defendeu a unidade nacional baseada na excel\u00eancia e no sucesso, sem esquecer &#8220;o Senhor nosso Deus<strong>.&#8221; Criticou a narrativa socialista por ser injusta com os conservadores, destacando: &#8220;Na Am\u00e9rica, n\u00e3o adoramos o governo, adoramos Deus.&#8221;<\/strong><\/p>\n<p><strong>N\u00f3s, na Europa, temos uma opini\u00e3o extremista e empolada sobre Trump e negamo-nos a compreender a cultura americana<\/strong> em que a religi\u00e3o (cren\u00e7a e f\u00e9) continua a ser um ponto central do povo americano e da sua pol\u00edtica; somos levados a julgarmo-nos mais cultos e melhores pelo facto de continuarmos encerrados no nosso imperialismo de ideias, talvez com inveja dos imperialistas da economia. \u00c9 triste ver-se filhos pr\u00f3digos do cristianismo andarem \u00e0 deriva sem pensar nalguns bens que seu pai lhe deu e os esbanjarem ou profanarem.<\/p>\n<p>Trump apresenta um plano claro, em contraste com a complexidade da vida pol\u00edtica. A tomada de posse dava para ser percebida como um momento de renova\u00e7\u00e3o da alma americana.<\/p>\n<p style=\"text-align: center;\"><strong>Europa e os Desafios Contempor\u00e2neos<\/strong><\/p>\n<p><strong>Os europeus ainda n\u00e3o est\u00e3o t\u00e3o polarizados quanto os americanos porque a esquerda tem dominado o discurso, enquanto a direita permanece em sil\u00eancio ou at\u00e9 adopta o jarg\u00e3o progressista. Trump representa uma oportunidade para as elites europeias repensarem suas posi\u00e7\u00f5es, em vez de insistirem na afirma\u00e7\u00e3o de ideologias ou do poder apenas nas m\u00e3os de fam\u00edlias partid\u00e1rias.<\/strong><\/p>\n<p><strong>Na Europa, a esquerda progressista, que define a agenda da UE, segue desmantelando tradi\u00e7\u00f5es culturais em prol do internacionalismo e do multiculturalismo enquanto a direita conservadora busca inova\u00e7\u00e3o e a preserva\u00e7\u00e3o das ra\u00edzes culturais europeias defendendo um certo patriotismo e interculturalismo. <\/strong>O povo, por sua vez, tem sido sistematicamente desonrado, e o orgulho nacional, apropriado pela esquerda.<\/p>\n<p><strong>A complicar tudo est\u00e1 o facto de Trump estar demasiadamente empenhado no engrandecimento dos EUA e a Uni\u00e3o Europeia extremamente empenhada em voltar aos velhos tempos da guerra fria\u00a0\u00a0 deixando pouco espa\u00e7o para se iniciar uma pol\u00edtica de paz e prosperidade para a Europa e para a R\u00fassia.<\/strong> A UE aposta na pr\u00f3pria insignific\u00e2ncia geopol\u00edtica e econ\u00f3mica ao, com a sua posi\u00e7\u00e3o belicista, fomentar os polos USA-BRICS renunciando a si mesma. Com tanta agress\u00e3o contra o presidente americano, a UE est\u00e1 a perder o sinal dos tempos e a oportunidade da elei\u00e7\u00e3o de Trump para se corrigir e mudar de dire\u00e7\u00e3o: em vez da guerra, s\u00f3 a coopera\u00e7\u00e3o com a R\u00fassia e com os EUA pode tornar a Europa relevante no mapa do globo; doutro modo assiste-se a uma pol\u00edtica passageira de fogo de vista.<\/p>\n<p><strong>Altivamente, os europeus criam nos meios de comunica\u00e7\u00e3o a impress\u00e3o de quererem proteger a democracia americana de Trump.<\/strong> Mas a democracia americana \u00e9 suficientemente forte para se defender de excessos. Os tempos s\u00e3o de tal ordem que por todo o lado h\u00e1 pr\u00e9-an\u00fancios de democratura em resposta aos resultados da m\u00e1 ger\u00eancia partid\u00e1ria do bem p\u00fablico.<\/p>\n<p>Na Alemanha, o movimento das \u201cavozinhas contra a direita\u201d lembra as categorias do tempo dos nazis.<\/p>\n<p>A coexist\u00eancia de verdade e mentira nas redes sociais e a manipula\u00e7\u00e3o da verdade pelos grandes meios de comunica\u00e7\u00e3o s\u00e3o sintomas de um problema mais amplo. <strong>Um estudo da Universidade de Mainz revelou que, embora a diversidade de temas na radiodifus\u00e3o p\u00fablica alem\u00e3 seja alta, h\u00e1 uma leve inclina\u00e7\u00e3o \u00e0 esquerda, refletindo a tend\u00eancia geral do sistema europeu.<\/strong> (E isto constatado por uma institui\u00e7\u00e3o que \u00e9 parte do regime).<\/p>\n<p>De um lado do Atl\u00e2ntico parecem debater-se os <strong>imperialistas cognitivos<\/strong> progressistas e do outro lado, os <strong>imperialistas econ\u00f3micos<\/strong> conservadores.<\/p>\n<p>&nbsp;<\/p>\n<p><strong>Ant\u00f3nio da Cunha Duarte Justo<\/strong><\/p>\n<p>Pegadas do Tempo<\/p>\n<p>(1) Naturalmente quer o comportamento de Biden quer o de Trump neutralizam a voz da justi\u00e7a que deviam respeitar. Mas nestas quest\u00f5es as elites arranjam subterf\u00fagios pr\u00f3prios dos deuses do Olimpo.<\/p>\n<p>Uma Uni\u00e3o Europeia empenhada no fomento da ideologia woke ao perseguir e difamar os pr\u00f3prios chefes de governo membros, como Giorgia Meloni da It\u00e1lia e V\u00edctor Orb\u00e1n da Hungr\u00eda, desqualifica-se a si mesma e falha a pr\u00f3pria miss\u00e3o. O facto destes pol\u00edticos se declararem pela tradi\u00e7\u00e3o crist\u00e3 da Europa nos seus pa\u00edses n\u00e3o deveria ser pretexto para que a imprensa europeia os declare como indignos.<\/p>\n","protected":false},"excerpt":{"rendered":"<p>Imperialismo Cognitivo da UE versus Imperialismo Econ\u00f3mico-militar dos EUA Estar\u00e1 Trump a tentar resgatar o esp\u00edrito da Europa enquanto a pr\u00f3pria Europa parece fugir de si mesma? Preocupante \u00e9 a arrog\u00e2ncia revelada por ambos os lados. Trump, antes de tudo, \u00e9 um pol\u00edtico pragm\u00e1tico, fiel \u00e0 alma popular, leal \u00e0 tradi\u00e7\u00e3o cultural e \u00e0 na\u00e7\u00e3o. &hellip; <a href=\"https:\/\/antonio-justo.eu\/?p=9764\" class=\"more-link\">Continuar a ler <span class=\"screen-reader-text\">Trump e a Transforma\u00e7\u00e3o Pol\u00edtica no Ocidente<\/span><\/a><\/p>\n","protected":false},"author":1,"featured_media":0,"comment_status":"open","ping_status":"open","sticky":false,"template":"","format":"standard","meta":{"sfsi_plus_gutenberg_text_before_share":"","sfsi_plus_gutenberg_show_text_before_share":"","sfsi_plus_gutenberg_icon_type":"","sfsi_plus_gutenberg_icon_alignemt":"","sfsi_plus_gutenburg_max_per_row":"","footnotes":""},"categories":[15,14,4,6,7,8,16],"tags":[],"class_list":["post-9764","post","type-post","status-publish","format-standard","hentry","category-cultura","category-economia","category-educacao","category-migracao","category-politica","category-religiao","category-sociedade"],"_links":{"self":[{"href":"https:\/\/antonio-justo.eu\/index.php?rest_route=\/wp\/v2\/posts\/9764","targetHints":{"allow":["GET"]}}],"collection":[{"href":"https:\/\/antonio-justo.eu\/index.php?rest_route=\/wp\/v2\/posts"}],"about":[{"href":"https:\/\/antonio-justo.eu\/index.php?rest_route=\/wp\/v2\/types\/post"}],"author":[{"embeddable":true,"href":"https:\/\/antonio-justo.eu\/index.php?rest_route=\/wp\/v2\/users\/1"}],"replies":[{"embeddable":true,"href":"https:\/\/antonio-justo.eu\/index.php?rest_route=%2Fwp%2Fv2%2Fcomments&post=9764"}],"version-history":[{"count":12,"href":"https:\/\/antonio-justo.eu\/index.php?rest_route=\/wp\/v2\/posts\/9764\/revisions"}],"predecessor-version":[{"id":9776,"href":"https:\/\/antonio-justo.eu\/index.php?rest_route=\/wp\/v2\/posts\/9764\/revisions\/9776"}],"wp:attachment":[{"href":"https:\/\/antonio-justo.eu\/index.php?rest_route=%2Fwp%2Fv2%2Fmedia&parent=9764"}],"wp:term":[{"taxonomy":"category","embeddable":true,"href":"https:\/\/antonio-justo.eu\/index.php?rest_route=%2Fwp%2Fv2%2Fcategories&post=9764"},{"taxonomy":"post_tag","embeddable":true,"href":"https:\/\/antonio-justo.eu\/index.php?rest_route=%2Fwp%2Fv2%2Ftags&post=9764"}],"curies":[{"name":"wp","href":"https:\/\/api.w.org\/{rel}","templated":true}]}}