{"id":9624,"date":"2024-12-08T23:10:53","date_gmt":"2024-12-08T22:10:53","guid":{"rendered":"https:\/\/antonio-justo.eu\/?p=9624"},"modified":"2024-12-08T23:10:53","modified_gmt":"2024-12-08T22:10:53","slug":"dia-da-imaculada-conceicao","status":"publish","type":"post","link":"https:\/\/antonio-justo.eu\/?p=9624","title":{"rendered":"DIA DA IMACULADA CONCEI\u00c7\u00c3O"},"content":{"rendered":"<div class=\"html-div xdj266r x11i5rnm xat24cr x1mh8g0r xexx8yu x4uap5 x18d9i69 xkhd6sd\">\n<div class=\"html-div xdj266r x11i5rnm xat24cr x1mh8g0r xexx8yu x4uap5 x18d9i69 xkhd6sd\" dir=\"auto\">\n<div class=\"html-div xdj266r x11i5rnm xat24cr x1mh8g0r xexx8yu x4uap5 x18d9i69 xkhd6sd\" data-ad-rendering-role=\"story_message\">\n<div id=\":r4o:\" class=\"x1iorvi4 xjkvuk6 x1ye3gou xn6708d\" data-ad-comet-preview=\"message\" data-ad-preview=\"message\">\n<div class=\"x78zum5 xdt5ytf xz62fqu x16ldp7u\">\n<div class=\"xu06os2 x1ok221b\">\n<div class=\"xdj266r x11i5rnm xat24cr x1mh8g0r x1vvkbs x126k92a\">\n<div dir=\"auto\"><\/div>\n<\/div>\n<div class=\"x11i5rnm xat24cr x1mh8g0r x1vvkbs xtlvy1s x126k92a\">\n<div dir=\"auto\">Os s\u00edmbolos religiosos apontam para l\u00e1 das coisas e dos factos. Apontam para al\u00e9m de si pr\u00f3prios, para uma realidade e significado n\u00e3o reduz\u00edvel ao hist\u00f3rico ou ao material &#8230; (1)<\/div>\n<div dir=\"auto\">Maria recebeu o t\u00edtulo de \u201cM\u00e3e de Deus\u201d, no conc\u00edlio de \u00c9feso no ano 431 por ser m\u00e3e do Verbo encarnado filho de Deus, que \u00e9 Deus e m\u00e3e dos homens no filho Jesus&#8230;<\/div>\n<div dir=\"auto\">Em filosofia costuma-se falar de tr\u00eas tipos de verdade: &#8220;verdade em si mesma&#8221;, &#8220;verdade para n\u00f3s&#8221; e a &#8220;nossa verdade&#8221;. O ser em si mesmo n\u00e3o corresponde ao julgamento feito sobre o \u201cser\u201d. Tamb\u00e9m por isso seria il\u00f3gico, no acto do conhecimento identificar o ser com o modo de ser ou de aparecer. Portanto quando falamos de cogni\u00e7\u00e3o (verdade adquirida) temos de reconhecer a complexidade subjacente ao acto de conhecer que implica duas coisas: o percepcionado e a coisa a ser percebida (dualidade!)&#8230;<\/div>\n<div dir=\"auto\">Todos somos peregrinos da verdade e, como tal, cada ci\u00eancia, religi\u00e3o ou filosofia procura dar o seu contributo espec\u00edfico a caminho dela! Fixar-se num s\u00f3 caminho como \u00fanico verdadeiro seria n\u00e3o perceber a realidade do mundo factual (fenomenol\u00f3gico) nem a estrutura da pr\u00f3pria mente.<\/div>\n<div dir=\"auto\">Em 1646, D. Jo\u00e3o IV, proclamou Nossa Senhora da Concei\u00e7\u00e3o padroeira de Portugal. Cedeu-lhe a coroa e a partir da\u00ed os reis de Portugal deixaram de colocar a coroa na cabe\u00e7a, privil\u00e9gio s\u00f3 para Nossa Senhora.<\/div>\n<div dir=\"auto\">No dia 8 de dezembro tamb\u00e9m \u00e9 costume crist\u00e3o construir o pres\u00e9pio. A tradi\u00e7\u00e3o do Pres\u00e9pio (manjedoura) remonta ao s\u00e9culo XIII e tornou-se um dos s\u00edmbolos mais representativos do Natal crist\u00e3o.<\/div>\n<div dir=\"auto\">Extractos do texto \u201c DIA DA IMACULADA CONCEI\u00c7\u00c3O &#8211; VIRGEM E M\u00c3E \u2013 UMA CONTRADI\u00c7\u00c3O S\u00d3 NA MENTE\u201d em Pegadas do Tempo: <span class=\"html-span xdj266r x11i5rnm xat24cr x1mh8g0r xexx8yu x4uap5 x18d9i69 xkhd6sd x1hl2dhg x16tdsg8 x1vvkbs\"><a class=\"x1i10hfl xjbqb8w x1ejq31n xd10rxx x1sy0etr x17r0tee x972fbf xcfux6l x1qhh985 xm0m39n x9f619 x1ypdohk xt0psk2 xe8uvvx xdj266r x11i5rnm xat24cr x1mh8g0r xexx8yu x4uap5 x18d9i69 xkhd6sd x16tdsg8 x1hl2dhg xggy1nq x1a2a7pz x1sur9pj xkrqix3 x1fey0fg x1s688f\" tabindex=\"0\" role=\"link\" href=\"https:\/\/antonio-justo.eu\/?p=8050&amp;fbclid=IwZXh0bgNhZW0CMTAAAR2QcqfiW6ZlYzRTYkBWhv2fs4WRIEzZU1YXVVOVZZtp-z9JKI1xWV9cVjk_aem_UNo3Ov_w5PX43liSocb_jg\" target=\"_blank\" rel=\"nofollow noopener noreferrer\">https:\/\/antonio-justo.eu\/?p=8050<\/a><\/span><\/div>\n<div dir=\"auto\">Mais no texto \u201cMaria a Deusa encoberta do Cristianismo\u201d: <span class=\"html-span xdj266r x11i5rnm xat24cr x1mh8g0r xexx8yu x4uap5 x18d9i69 xkhd6sd x1hl2dhg x16tdsg8 x1vvkbs\"><a class=\"x1i10hfl xjbqb8w x1ejq31n xd10rxx x1sy0etr x17r0tee x972fbf xcfux6l x1qhh985 xm0m39n x9f619 x1ypdohk xt0psk2 xe8uvvx xdj266r x11i5rnm xat24cr x1mh8g0r xexx8yu x4uap5 x18d9i69 xkhd6sd x16tdsg8 x1hl2dhg xggy1nq x1a2a7pz x1sur9pj xkrqix3 x1fey0fg x1s688f\" tabindex=\"0\" role=\"link\" href=\"https:\/\/l.facebook.com\/l.php?u=https%3A%2F%2Fantonio-justo.eu%2F%3Fp%3D8869%26fbclid%3DIwZXh0bgNhZW0CMTAAAR3chyrA9X5FnEWOFNqtHhOcwbhy5ftDeZhzLwwRrbTbhvvFfR5TwNitgyI_aem_M9_D00qsJcVOq_wtomiprw&amp;h=AT2kgW8PAk7BeWYglKX29JoMm8JDPhNparcomJm0s3004zYvIG5O_SVGI86p7VIJP9ZaYmD8EcuLF1M5SPYXi1aLJI1XCOJltIL9DorTGiU_09AGNegKdkF_3PSdjlDurg&amp;__tn__=-UK-R&amp;c[0]=AT18YCiTSn3mqycw4PVSTqMoPfrnsHcVa21tPpcZdbq5PYtMb_XyZblLAC7e8qVInFBcO2OZVzVlMWIPfXtjVSUCD3Pl9VqA1SQL_tkrhkho8WZbGW_AGs-ZrlgbrJQBEinLG77IBeTQDvRwobMz\" target=\"_blank\" rel=\"nofollow noopener noreferrer\">https:\/\/antonio-justo.eu\/?p=8869<\/a><\/span><\/div>\n<div dir=\"auto\">(1) Os s\u00edmbolos religiosos apontam para a Realidade do ser como exist\u00eancia universal que transcende a realidade (Wirklichkeit) de que geralmente se fala e que se apresenta como actualidade e possibilidade!<\/div>\n<\/div>\n<\/div>\n<\/div>\n<\/div>\n<\/div>\n<\/div>\n<\/div>\n","protected":false},"excerpt":{"rendered":"<p>Os s\u00edmbolos religiosos apontam para l\u00e1 das coisas e dos factos. Apontam para al\u00e9m de si pr\u00f3prios, para uma realidade e significado n\u00e3o reduz\u00edvel ao hist\u00f3rico ou ao material &#8230; (1) Maria recebeu o t\u00edtulo de \u201cM\u00e3e de Deus\u201d, no conc\u00edlio de \u00c9feso no ano 431 por ser m\u00e3e do Verbo encarnado filho de Deus, &hellip; <a href=\"https:\/\/antonio-justo.eu\/?p=9624\" class=\"more-link\">Continuar a ler <span class=\"screen-reader-text\">DIA DA IMACULADA CONCEI\u00c7\u00c3O<\/span><\/a><\/p>\n","protected":false},"author":1,"featured_media":0,"comment_status":"open","ping_status":"open","sticky":false,"template":"","format":"standard","meta":{"sfsi_plus_gutenberg_text_before_share":"","sfsi_plus_gutenberg_show_text_before_share":"","sfsi_plus_gutenberg_icon_type":"","sfsi_plus_gutenberg_icon_alignemt":"","sfsi_plus_gutenburg_max_per_row":"","footnotes":""},"categories":[3,15,8,16],"tags":[],"class_list":["post-9624","post","type-post","status-publish","format-standard","hentry","category-arte","category-cultura","category-religiao","category-sociedade"],"_links":{"self":[{"href":"https:\/\/antonio-justo.eu\/index.php?rest_route=\/wp\/v2\/posts\/9624","targetHints":{"allow":["GET"]}}],"collection":[{"href":"https:\/\/antonio-justo.eu\/index.php?rest_route=\/wp\/v2\/posts"}],"about":[{"href":"https:\/\/antonio-justo.eu\/index.php?rest_route=\/wp\/v2\/types\/post"}],"author":[{"embeddable":true,"href":"https:\/\/antonio-justo.eu\/index.php?rest_route=\/wp\/v2\/users\/1"}],"replies":[{"embeddable":true,"href":"https:\/\/antonio-justo.eu\/index.php?rest_route=%2Fwp%2Fv2%2Fcomments&post=9624"}],"version-history":[{"count":1,"href":"https:\/\/antonio-justo.eu\/index.php?rest_route=\/wp\/v2\/posts\/9624\/revisions"}],"predecessor-version":[{"id":9625,"href":"https:\/\/antonio-justo.eu\/index.php?rest_route=\/wp\/v2\/posts\/9624\/revisions\/9625"}],"wp:attachment":[{"href":"https:\/\/antonio-justo.eu\/index.php?rest_route=%2Fwp%2Fv2%2Fmedia&parent=9624"}],"wp:term":[{"taxonomy":"category","embeddable":true,"href":"https:\/\/antonio-justo.eu\/index.php?rest_route=%2Fwp%2Fv2%2Fcategories&post=9624"},{"taxonomy":"post_tag","embeddable":true,"href":"https:\/\/antonio-justo.eu\/index.php?rest_route=%2Fwp%2Fv2%2Ftags&post=9624"}],"curies":[{"name":"wp","href":"https:\/\/api.w.org\/{rel}","templated":true}]}}