{"id":9586,"date":"2024-11-27T10:34:40","date_gmt":"2024-11-27T09:34:40","guid":{"rendered":"https:\/\/antonio-justo.eu\/?p=9586"},"modified":"2024-11-28T11:43:43","modified_gmt":"2024-11-28T10:43:43","slug":"25-de-novembro-uma-pequena-correcao-ao-25-de-abril","status":"publish","type":"post","link":"https:\/\/antonio-justo.eu\/?p=9586","title":{"rendered":"25 DE NOVEMBRO &#8211; A PEQUENA CORRE\u00c7\u00c3O AO 25 DE ABRIL"},"content":{"rendered":"<div class=\"xdj266r x11i5rnm xat24cr x1mh8g0r x1vvkbs x126k92a\">\n<div dir=\"auto\"><\/div>\n<\/div>\n<p><strong>A narrativa do 25 de Abril tem sido, intencionalmente, uma hist\u00f3ria n\u00e3o s\u00f3 mal contada, mas sobretudo adulterada e por isso tamb\u00e9m n\u00e3o tem havido interesse em tematizar os motivos que provocaram o 25 de novembro. \u00c9 \u00f3bvio que uma tal discuss\u00e3o poderia levar o povo a p\u00f4r-se quest\u00f5es que comprometeriam muitos dos actores do poder e poderia conduzir ao descompromisso de muitos dos propagandistas partid\u00e1rios.<\/strong><\/p>\n<p><strong>A sociedade portuguesa com o 25 de abril passou a ser controlada pela esquerda, vivendo no equ\u00edvoco de que o pensar transmitido pelos \u00f3rg\u00e3os de informa\u00e7\u00e3o corresponde \u00e0 normalidade do pensar e n\u00e3o a uma realidade manipulada transmitida<\/strong>. Passou-se a valorizar o progressismo marxista e a desdenhar de valores conservadores e assim a viver numa sociedade com dois pesos e duas medidas com peso dominante \u00e0 esquerda.<\/p>\n<p><strong>Apesar de ter grandes intelectuais, a sociedade portuguesa n\u00e3o teve a oportunidade de assistir a um discurso controverso e equilibrado de valores de esquerda e de valores da direita conservadora<\/strong><strong>, <\/strong>ficando assim condicionada ao pensar esquerdista. Na ribalta televisiva t\u00eam figurado sobretudo os ac\u00f3litos de um Abril do sol vermelho e protagonistas das coordenadas de um Estado cativo. Como resultado temos uma mentalidade popular que n\u00e3o anda longe do pensamento \u00fanico.<\/p>\n<p><strong>Atualmente assiste-se a contrarrea\u00e7\u00f5es pol\u00edticas o que \u00e9 muito natural e saud\u00e1vel numa sociedade que foi sistematicamente desinformada e na consequ\u00eancia deturpada.<\/strong><\/p>\n<p>O 25 de Novembro veio corrigir um pouco a dire\u00e7\u00e3o da hist\u00f3ria portuguesa, mas as institui\u00e7\u00f5es pol\u00edticas e a generalidade dos \u00f3rg\u00e3os estatais continuaram a manter o objetivo mencionado no pr\u00f3logo da Constitui\u00e7\u00e3o Portuguesa, cuja finalidade \u00e9 fazer de Portugal uma sociedade totalit\u00e1ria socialista.<\/p>\n<p><strong>O seguidismo que justamente se condena no regime de Salazar continua a ser o mesmo no novo regime pol\u00edtico; s\u00f3 mudou de cor! \u00c9 o v\u00edrus do \u201cMaria vai com as outras\u201d e que os poderosos da globaliza\u00e7\u00e3o hoje mais que nunca propagam sistematicamente de cima para baixo.<\/strong><\/p>\n<p>A prop\u00f3sito da Hist\u00f3ria mal contada:<\/p>\n<p>https:\/\/macua.blogs.com\/moambique_para_todos\/2010\/04\/revolu%C3%A7%C3%A3o-do-25-de-abril-uma-hist%C3%B3ria-mal-contada.html<\/p>\n<p>Documenta\u00e7\u00e3o: https:\/\/www.facebook.com\/cristina.miranda.505\/videos\/1760237748120274<\/p>\n<p>Cotextualiza\u00e7\u00e3o: https:\/\/www.youtube.com\/watch?v=UxmQdJj71WE<\/p>\n<p><strong>Torna-se fat\u00eddico o destino das popula\u00e7\u00f5es ao serem induzidas e condicionadas a seguir o pensar ditado pelos sedutores do poder.<\/strong><\/p>\n<p><strong>A pol\u00edtica vive da tens\u00e3o natural entre esquerda e direita (algo progressista e algo conservadora) para a cristaliza\u00e7\u00e3o do bem de ambos os lados. S\u00f3 uma tens\u00e3o possibilitadora de uma rela\u00e7\u00e3o ben\u00e9vola entre os dois polos pode dar resposta ao desafio da mudan\u00e7a de maneira a servir convenientemente o bem-comum.<\/strong><\/p>\n<p>&nbsp;<\/p>\n<p><strong>Ant\u00f3nio da Cunha Duarte Justo<\/strong><\/p>\n<p>Pegadas do Tempo<\/p>\n<p>&nbsp;<\/p>\n","protected":false},"excerpt":{"rendered":"<p>A narrativa do 25 de Abril tem sido, intencionalmente, uma hist\u00f3ria n\u00e3o s\u00f3 mal contada, mas sobretudo adulterada e por isso tamb\u00e9m n\u00e3o tem havido interesse em tematizar os motivos que provocaram o 25 de novembro. \u00c9 \u00f3bvio que uma tal discuss\u00e3o poderia levar o povo a p\u00f4r-se quest\u00f5es que comprometeriam muitos dos actores do &hellip; <a href=\"https:\/\/antonio-justo.eu\/?p=9586\" class=\"more-link\">Continuar a ler <span class=\"screen-reader-text\">25 DE NOVEMBRO &#8211; A PEQUENA CORRE\u00c7\u00c3O AO 25 DE ABRIL<\/span><\/a><\/p>\n","protected":false},"author":1,"featured_media":0,"comment_status":"open","ping_status":"open","sticky":false,"template":"","format":"standard","meta":{"sfsi_plus_gutenberg_text_before_share":"","sfsi_plus_gutenberg_show_text_before_share":"","sfsi_plus_gutenberg_icon_type":"","sfsi_plus_gutenberg_icon_alignemt":"","sfsi_plus_gutenburg_max_per_row":"","footnotes":""},"categories":[3,15,14,4,5,6,7,1,16],"tags":[],"class_list":["post-9586","post","type-post","status-publish","format-standard","hentry","category-arte","category-cultura","category-economia","category-educacao","category-escola","category-migracao","category-politica","category-sem-categoria","category-sociedade"],"_links":{"self":[{"href":"https:\/\/antonio-justo.eu\/index.php?rest_route=\/wp\/v2\/posts\/9586","targetHints":{"allow":["GET"]}}],"collection":[{"href":"https:\/\/antonio-justo.eu\/index.php?rest_route=\/wp\/v2\/posts"}],"about":[{"href":"https:\/\/antonio-justo.eu\/index.php?rest_route=\/wp\/v2\/types\/post"}],"author":[{"embeddable":true,"href":"https:\/\/antonio-justo.eu\/index.php?rest_route=\/wp\/v2\/users\/1"}],"replies":[{"embeddable":true,"href":"https:\/\/antonio-justo.eu\/index.php?rest_route=%2Fwp%2Fv2%2Fcomments&post=9586"}],"version-history":[{"count":10,"href":"https:\/\/antonio-justo.eu\/index.php?rest_route=\/wp\/v2\/posts\/9586\/revisions"}],"predecessor-version":[{"id":9599,"href":"https:\/\/antonio-justo.eu\/index.php?rest_route=\/wp\/v2\/posts\/9586\/revisions\/9599"}],"wp:attachment":[{"href":"https:\/\/antonio-justo.eu\/index.php?rest_route=%2Fwp%2Fv2%2Fmedia&parent=9586"}],"wp:term":[{"taxonomy":"category","embeddable":true,"href":"https:\/\/antonio-justo.eu\/index.php?rest_route=%2Fwp%2Fv2%2Fcategories&post=9586"},{"taxonomy":"post_tag","embeddable":true,"href":"https:\/\/antonio-justo.eu\/index.php?rest_route=%2Fwp%2Fv2%2Ftags&post=9586"}],"curies":[{"name":"wp","href":"https:\/\/api.w.org\/{rel}","templated":true}]}}