{"id":9565,"date":"2024-08-16T16:24:22","date_gmt":"2024-08-16T15:24:22","guid":{"rendered":"https:\/\/antonio-justo.eu\/?p=9565"},"modified":"2024-08-16T21:33:48","modified_gmt":"2024-08-16T20:33:48","slug":"a-palavra-verbo-e-os-complemenos","status":"publish","type":"post","link":"https:\/\/antonio-justo.eu\/?p=9565","title":{"rendered":"A PALAVRA\/VERBO E OS SEUS COMPLEMENOS"},"content":{"rendered":"<p><strong>&#8220;No princ\u00edpio era a Palavra, e a Palavra estava com Deus&#8230; e ela se fez Carne.&#8221;<\/strong><\/p>\n<p><strong>Deus come\u00e7ou por falar fora do tempo; um &#8220;tempo&#8221; divino em que a Palavra era um processo em potencial, capaz de ganhar forma, mas ainda n\u00e3o formatada; um estado em que ser e exist\u00eancia n\u00e3o se diferenciavam no devir latente. O ser e a exist\u00eancia coexistiam, indissoci\u00e1veis, no kair\u00f3s do tempo sem tempo. Para que o ser se tornasse exist\u00eancia, era necess\u00e1rio mold\u00e1-lo em espa\u00e7o e tempo. Foi nesse surgimento que a Palavra encontrou o seu eco no espa\u00e7o e no tempo.<\/strong><\/p>\n<p><strong>A palavra de Deus come\u00e7ou a ressoar na natureza, na voz do homem e dos povos, nas v\u00e1rias l\u00ednguas e bi\u00f3topos da natureza e da cultura. Foi ent\u00e3o que o eco de Deus se tornou exist\u00eancia, e a exist\u00eancia tornou-se o Eco de Deus.<\/strong><\/p>\n<p><strong>O som da linguagem est\u00e1 na origem de todo o devir. No entanto, o devir s\u00f3 se completa quando o som retorna \u00e0 Palavra que o gerou. Em todo o humano e em todo o universo, ouve-se e sente-se o eco da Palavra divina original, em constante expans\u00e3o. Diante de t\u00e3o grandioso Eco, a alma humana procurou resolver o hiato entre a palavra e o eco, entre o Criador e a cria\u00e7\u00e3o, encontrando-o no modelo e padr\u00e3o da realidade humana e c\u00f3smica: Jesus Cristo (a Palavra encarnada e a carne tornada Palavra).<\/strong><\/p>\n<p><strong>A linguagem humana, como elemento de liga\u00e7\u00e3o e diferencia\u00e7\u00e3o, cont\u00e9m em si a energia primordial do caos, que, atrav\u00e9s da afirma\u00e7\u00e3o da contradi\u00e7\u00e3o, tenta dar forma \u00e0 Palavra, recorrendo \u00e0 analogia numa tentativa de compreender o enigm\u00e1tico.<\/strong><\/p>\n<p><strong>O destino fat\u00eddico da humanidade parece ainda n\u00e3o ter percebido que o eco da Palavra se manifesta de maneiras diferentes, assumindo, em cada ser, lugar e tempo, um som distinto. Esse som (eco divino) expressa-se na frequ\u00eancia do cora\u00e7\u00e3o, do intelecto, da ci\u00eancia, da religi\u00e3o, da pol\u00edtica e de cada indiv\u00edduo, como uma resson\u00e2ncia \u00fanica de um mesmo som. O tr\u00e1gico da quest\u00e3o \u00e9 que cada eco se confunde, tomando-se por Palavra, em vez de reconhecer que \u00e9 apenas uma resson\u00e2ncia da frequ\u00eancia de uma realidade que nos ultrapassa.<\/strong><\/p>\n<p><strong>Encanta-me sentir a resson\u00e2ncia de um som brilhante ao amanhecer e sombrio ao anoitecer! Para mim, tanto a n\u00edvel pessoal quanto alegoricamente para toda a humanidade, acredito que a f\u00f3rmula de toda a realidade, tanto no n\u00edvel da Palavra (o esp\u00edrito) quanto no n\u00edvel do Eco (a cria\u00e7\u00e3o), \u00e9 Jesus Cristo.<\/strong><\/p>\n<p><strong>Em Jesus Cristo, o ser e a exist\u00eancia, o esp\u00edrito e a mat\u00e9ria, re\u00fanem-se. O eco que lhe d\u00e1 forma \u00e9 o amor, aquele par\u00e1clito que possibilita unir o conte\u00fado \u00e0 forma, o criado ao n\u00e3o-criado, superando assim a dualidade que a condi\u00e7\u00e3o humana e nossa linguagem expressam. De outro modo, continuaremos todos a viver sob a sombra dos escombros da Torre de Babel.<\/strong><\/p>\n<p><strong>Ant\u00f3nio da Cunha Duarte Justo<\/strong><\/p>\n<p><strong>Pegadas do Tempo<\/strong><\/p>\n<p><strong>Ver vers\u00e3o po\u00e9tica em <a href=\"http:\/\/poesiajusto.blogspot.com\/\">http:\/\/poesiajusto.blogspot.com\/<\/a><\/strong><\/p>\n","protected":false},"excerpt":{"rendered":"<p>&#8220;No princ\u00edpio era a Palavra, e a Palavra estava com Deus&#8230; e ela se fez Carne.&#8221; Deus come\u00e7ou por falar fora do tempo; um &#8220;tempo&#8221; divino em que a Palavra era um processo em potencial, capaz de ganhar forma, mas ainda n\u00e3o formatada; um estado em que ser e exist\u00eancia n\u00e3o se diferenciavam no devir &hellip; <a href=\"https:\/\/antonio-justo.eu\/?p=9565\" class=\"more-link\">Continuar a ler <span class=\"screen-reader-text\">A PALAVRA\/VERBO E OS SEUS COMPLEMENOS<\/span><\/a><\/p>\n","protected":false},"author":1,"featured_media":0,"comment_status":"open","ping_status":"open","sticky":false,"template":"","format":"standard","meta":{"sfsi_plus_gutenberg_text_before_share":"","sfsi_plus_gutenberg_show_text_before_share":"","sfsi_plus_gutenberg_icon_type":"","sfsi_plus_gutenberg_icon_alignemt":"","sfsi_plus_gutenburg_max_per_row":"","footnotes":""},"categories":[15,14,7,8,16],"tags":[],"class_list":["post-9565","post","type-post","status-publish","format-standard","hentry","category-cultura","category-economia","category-politica","category-religiao","category-sociedade"],"_links":{"self":[{"href":"https:\/\/antonio-justo.eu\/index.php?rest_route=\/wp\/v2\/posts\/9565","targetHints":{"allow":["GET"]}}],"collection":[{"href":"https:\/\/antonio-justo.eu\/index.php?rest_route=\/wp\/v2\/posts"}],"about":[{"href":"https:\/\/antonio-justo.eu\/index.php?rest_route=\/wp\/v2\/types\/post"}],"author":[{"embeddable":true,"href":"https:\/\/antonio-justo.eu\/index.php?rest_route=\/wp\/v2\/users\/1"}],"replies":[{"embeddable":true,"href":"https:\/\/antonio-justo.eu\/index.php?rest_route=%2Fwp%2Fv2%2Fcomments&post=9565"}],"version-history":[{"count":5,"href":"https:\/\/antonio-justo.eu\/index.php?rest_route=\/wp\/v2\/posts\/9565\/revisions"}],"predecessor-version":[{"id":9570,"href":"https:\/\/antonio-justo.eu\/index.php?rest_route=\/wp\/v2\/posts\/9565\/revisions\/9570"}],"wp:attachment":[{"href":"https:\/\/antonio-justo.eu\/index.php?rest_route=%2Fwp%2Fv2%2Fmedia&parent=9565"}],"wp:term":[{"taxonomy":"category","embeddable":true,"href":"https:\/\/antonio-justo.eu\/index.php?rest_route=%2Fwp%2Fv2%2Fcategories&post=9565"},{"taxonomy":"post_tag","embeddable":true,"href":"https:\/\/antonio-justo.eu\/index.php?rest_route=%2Fwp%2Fv2%2Ftags&post=9565"}],"curies":[{"name":"wp","href":"https:\/\/api.w.org\/{rel}","templated":true}]}}