{"id":9531,"date":"2024-08-12T11:18:37","date_gmt":"2024-08-12T10:18:37","guid":{"rendered":"https:\/\/antonio-justo.eu\/?p=9531"},"modified":"2024-08-13T12:00:10","modified_gmt":"2024-08-13T11:00:10","slug":"a-criminalidade-aumenta-em-relacao-ao-interesse-em-combate-la","status":"publish","type":"post","link":"https:\/\/antonio-justo.eu\/?p=9531","title":{"rendered":"A CRIMINALIDADE AUMENTA DESMEDIDAMENTE EM RELA\u00c7\u00c3O AO INTERESSE EM COMBAT\u00ca-LA"},"content":{"rendered":"<p style=\"text-align: center;\"><strong>2023 registou na Alemanha 8 951 Agress\u00f5es perigosas e graves com Facas<\/strong><\/p>\n<p>De acordo com o relat\u00f3rio de estat\u00edsticas criminais da pol\u00edcia alem\u00e3, o n\u00famero de agress\u00f5es perigosas e graves com facas foi de 8 951 em 2023. O n\u00famero refere apenas os casos registados pela pol\u00edcia.<\/p>\n<p>A Ministra do Interior Faeser apresentou propostas legais para tornar mais rigorosas as leis sobre o porte de armas: &#8220;Queremos que as facas s\u00f3 possam ser transportadas em p\u00fablico at\u00e9 um comprimento de l\u00e2mina de seis cent\u00edmetros, em vez dos actuais doze cent\u00edmetros e queremos uma proibi\u00e7\u00e3o geral dos perigosos canivetes autom\u00e1ticos&#8221;.<\/p>\n<p><strong>A ministra quer evitar ataques com facas nos quais, na maioria dos casos, est\u00e3o envolvidos jovens imigrantes. Segundo a sua proposta de lei, o culpado parece ser a l\u00e2mina mais longa da faca, pois o que sugere \u00e9 alterar o comprimento da l\u00e2mina. <\/strong><\/p>\n<p>Politicamente lan\u00e7a areia nos olhos do cidad\u00e3o porque o problema est\u00e1 na vontade de agir e na execu\u00e7\u00e3o e n\u00e3o na faca; assim, o perpetrador \u00e9 deixado de fora. Dev\u00edamos come\u00e7ar pelos perpetradores, n\u00e3o pelas facas e n\u00e3o apenas pela lei sobre as armas, porque o que deveria ser ajustada \u00e9 a lei penal. Uma faca n\u00e3o \u00e9 uma arma defensiva, mas sim uma arma ofensiva que pode levar ao homic\u00eddio. Uma amea\u00e7a de revoga\u00e7\u00e3o da carta de condu\u00e7\u00e3o influenciaria a vontade.<\/p>\n<p>Para combater o terrorismo e a criminalidade grave organizada, a ministra quer tamb\u00e9m autorizar a utiliza\u00e7\u00e3o de software de reconhecimento facial.<\/p>\n<p>Os meios de comunica\u00e7\u00e3o social e os pol\u00edticos tentam ignorar ou calar muitas quest\u00f5es para evitar estigmatizar os refugiados e aumentar a xenofobia.<span class=\"x193iq5w xeuugli x13faqbe x1vvkbs x1xmvt09 x1lliihq x1s928wv xhkezso x1gmr53x x1cpjm7i x1fgarty x1943h6x xudqn12 x3x7a5m x6prxxf xvq8zen xo1l8bm xzsf02u x1yc453h\" dir=\"auto\">Deste modo criam na sociedade percep\u00e7\u00f5es diferentes, nomeadamente: a dos beneficiados do sistema que ligam aos jornais e a do povo que no dia a dia est\u00e1 em contacto com os problemas reais!<\/span> Ignorar o problema poupa os pol\u00edticos, mas n\u00e3o o resolve; tamb\u00e9m n\u00e3o ajuda muito a resolver o problema a actual liberaliza\u00e7\u00e3o da concess\u00e3o de nacionalidade alem\u00e3!<\/p>\n<p>O facto \u00e9 que s\u00e3o sobretudo jovens de origem mu\u00e7ulmana que sobressaem desmedidamente nas estat\u00edsticas de criminalidade entre ela a viola\u00e7\u00e3o de mulheres; e isto apesar da coniv\u00eancia vis\u00edvel em jornais e TV ao evitar dizer a proveni\u00eancia dos infractores chegando-se ao extremo de em alguns estados federais, as autoridades policiais serem instru\u00eddas a n\u00e3o dizerem a origem dos infractores.<\/p>\n<p>A pol\u00edtica e os fomentadores da opini\u00e3o p\u00fablica mostram-se mais interessados em defender interesses partid\u00e1rios pol\u00edticos e econ\u00f3micos (de caracter internacional) do que em resolver e defender os interesses da pr\u00f3pria popula\u00e7\u00e3o. E os mesmos partidos do arco do poder depois queixam-se hipocritamente do crescimento de partidos nacionalistas. Em vez de tentarem resolver os problemas do pa\u00eds gastam as suas energias a combater um populismo que nasce no povo pelo facto de tocar os interesses de classes partid\u00e1rias instaladas n\u00e3o interessadas em resolver os problemas que tocam a sociedade em geral porque os rec\u00e9m-chegados s\u00e3o os seus potenciais votantes no futuro.<\/p>\n<p>Por estas e por outras muitos pol\u00edticos e jornais de influ\u00eancia n\u00e3o levam a s\u00e9rio os receios da popula\u00e7\u00e3o quando esta \u00e9 que se v\u00ea confrontada com agress\u00f5es na vida quotidiana.<\/p>\n<p>Em vez de a pol\u00edtica tentar generalizar certos problemas de caracter isl\u00e2mico sob a capa indiferenciada dos estrangeiros e deste modo problematizar todos os estrangeiros deveria\u00a0\u00a0 elaborar um conceito mais aferido a focos de criminalidade espec\u00edfica e tomar medidas que levem a uma integra\u00e7\u00e3o dos estrangeiros em vez de assimilar problemas espec\u00edficos na ordem social.<\/p>\n<p>N\u00e3o \u00e9 com ideias peregrinas que se diminui a criminalidade como \u00e9 o caso da proposta de alguns pol\u00edticos ao sugerirem uma amnistia ou a oferta de subscri\u00e7\u00e3o gr\u00e1tis da Netflix para quem entregue a faca!<\/p>\n<p>Por estas e por outras se v\u00ea como a pol\u00edtica se desenra\u00edza e distancia \u00a0mais do povo e de seus interesses.<\/p>\n<p><strong>Ant\u00f3nio da Cunha Duarte Justo<\/strong><\/p>\n<p>Pegadas do Tempo<\/p>\n","protected":false},"excerpt":{"rendered":"<p>2023 registou na Alemanha 8 951 Agress\u00f5es perigosas e graves com Facas De acordo com o relat\u00f3rio de estat\u00edsticas criminais da pol\u00edcia alem\u00e3, o n\u00famero de agress\u00f5es perigosas e graves com facas foi de 8 951 em 2023. O n\u00famero refere apenas os casos registados pela pol\u00edcia. A Ministra do Interior Faeser apresentou propostas legais &hellip; <a href=\"https:\/\/antonio-justo.eu\/?p=9531\" class=\"more-link\">Continuar a ler <span class=\"screen-reader-text\">A CRIMINALIDADE AUMENTA DESMEDIDAMENTE EM RELA\u00c7\u00c3O AO INTERESSE EM COMBAT\u00ca-LA<\/span><\/a><\/p>\n","protected":false},"author":1,"featured_media":0,"comment_status":"open","ping_status":"open","sticky":false,"template":"","format":"standard","meta":{"sfsi_plus_gutenberg_text_before_share":"","sfsi_plus_gutenberg_show_text_before_share":"","sfsi_plus_gutenberg_icon_type":"","sfsi_plus_gutenberg_icon_alignemt":"","sfsi_plus_gutenburg_max_per_row":"","footnotes":""},"categories":[15,14,6,7,16],"tags":[],"class_list":["post-9531","post","type-post","status-publish","format-standard","hentry","category-cultura","category-economia","category-migracao","category-politica","category-sociedade"],"_links":{"self":[{"href":"https:\/\/antonio-justo.eu\/index.php?rest_route=\/wp\/v2\/posts\/9531","targetHints":{"allow":["GET"]}}],"collection":[{"href":"https:\/\/antonio-justo.eu\/index.php?rest_route=\/wp\/v2\/posts"}],"about":[{"href":"https:\/\/antonio-justo.eu\/index.php?rest_route=\/wp\/v2\/types\/post"}],"author":[{"embeddable":true,"href":"https:\/\/antonio-justo.eu\/index.php?rest_route=\/wp\/v2\/users\/1"}],"replies":[{"embeddable":true,"href":"https:\/\/antonio-justo.eu\/index.php?rest_route=%2Fwp%2Fv2%2Fcomments&post=9531"}],"version-history":[{"count":5,"href":"https:\/\/antonio-justo.eu\/index.php?rest_route=\/wp\/v2\/posts\/9531\/revisions"}],"predecessor-version":[{"id":9545,"href":"https:\/\/antonio-justo.eu\/index.php?rest_route=\/wp\/v2\/posts\/9531\/revisions\/9545"}],"wp:attachment":[{"href":"https:\/\/antonio-justo.eu\/index.php?rest_route=%2Fwp%2Fv2%2Fmedia&parent=9531"}],"wp:term":[{"taxonomy":"category","embeddable":true,"href":"https:\/\/antonio-justo.eu\/index.php?rest_route=%2Fwp%2Fv2%2Fcategories&post=9531"},{"taxonomy":"post_tag","embeddable":true,"href":"https:\/\/antonio-justo.eu\/index.php?rest_route=%2Fwp%2Fv2%2Ftags&post=9531"}],"curies":[{"name":"wp","href":"https:\/\/api.w.org\/{rel}","templated":true}]}}