{"id":9487,"date":"2024-07-20T15:18:29","date_gmt":"2024-07-20T14:18:29","guid":{"rendered":"https:\/\/antonio-justo.eu\/?p=9487"},"modified":"2024-07-20T15:20:48","modified_gmt":"2024-07-20T14:20:48","slug":"a-polarizacao-do-poder-politico-envenena-a-atmosfera-social-alema","status":"publish","type":"post","link":"https:\/\/antonio-justo.eu\/?p=9487","title":{"rendered":"A POLARIZA\u00c7\u00c3O DO PODER POL\u00cdTICO ENVENENA A ATMOSFERA SOCIAL ALEM\u00c3"},"content":{"rendered":"<p style=\"text-align: center;\"><strong>O despertar do povo incomoda muita gente<\/strong><\/p>\n<p><strong>Na Alemanha e na Fran\u00e7a, elitistas e populistas n\u00e3o olham a meios na disputa do poder. Vive-se j\u00e1 numa sociedade que pensa em estere\u00f3tipos e usa dois pesos e duas medidas na condu\u00e7\u00e3o do discurso p\u00fablico, como j\u00e1 se torna f\u00e1cil observar nos mass media.<\/strong><\/p>\n<p>Principalmente a partir da epidemia Covid 19 e da guerra geopol\u00edtica na Ucr\u00e2nia, a classe pol\u00edtica e os Media apostaram na polariza\u00e7\u00e3o da sociedade e deste modo transportam a sua agressividade pol\u00edtica para o meio do povo.<\/p>\n<p>Desde que o aspecto ideol\u00f3gico tomou assento na actual coliga\u00e7\u00e3o alem\u00e3, o ambiente social na Alemanha \u00e9 cada vez mais desconfort\u00e1vel chegando mesmo a tornar-se insuport\u00e1vel: as pessoas hoje t\u00eam medo de dizerem o que pensam para n\u00e3o perderem amigos e n\u00e3o serem colocadas no canto dos que pensam bem (a esquerda) ou no dos que pensam mal (a direita). Apagaram-se as diferencia\u00e7\u00f5es e at\u00e9 a palavra conservador j\u00e1 n\u00e3o se usa passando a ser identificada com a direita e esta com a extrema direita! <strong>As mentes correm cada vez mais o perigo de se encontrem em curto-circuito. <\/strong>Jornais alem\u00e3es e pol\u00edticos incitam o povo contra a direita como se se a direita se identificasse com extrema direita; diferencia\u00e7\u00e3o \u00e9 concebida a n\u00edvel de esquerda, como se o meio da sociedade fosse constitu\u00eddo pela esquerda).<\/p>\n<p><strong>Isto cria medo nas popula\u00e7\u00f5es porque \u00e0 guerra militar geopol\u00edtica dos governantes vem juntar-se a guerra civil da opinio p\u00fablica sem espa\u00e7o para a raz\u00e3o nem para alternativas, a n\u00e3o ser a luta e a culpa democratizada.<\/strong> De momento vale tudo menos o discernimento e a diferencia\u00e7\u00e3o: em tempos de guerra \u201csalve-se quem puder\u201d! <strong>As elites governantes em vez de corrigirem o seu actuar preferem declarar como antidemocrata quem n\u00e3o est\u00e1 de acordo com as suas medidas.<\/strong><\/p>\n<p><strong>O povo, para n\u00e3o ser hostilizado nem envolvido na luta social criada pela pol\u00edtica e pelos media, s\u00f3 lhe resta a possibilidade de se refugiar na vida privada. Doutra maneira ver\u00e1 amizades destro\u00e7adas!<\/strong><\/p>\n<p>A sociedade cr\u00edtica alem\u00e3 vai assim tendo uma ideia da atmosfera social do seu tempo nazi e do tempo da Alemanha socialista (DDR). Os regimes quanto mais autorit\u00e1rios s\u00e3o mais se servem do medo, da censura e do controlo. As democracias que se quereriam exemplares (Uni\u00e3o Europeia e USA) encontram-se doentes.<\/p>\n<p>Passo a testemunhar uma experi\u00eancia feita na sociedade alem\u00e3 nos anos oitenta e noventa. Ent\u00e3o era eu o porta-voz do Conselho de Estrangeiros de Kassel\u00a0 e minha esposa e eu organiz\u00e1vamos no nosso jardim encontros de conv\u00edvio onde se reuniam africanos, mu\u00e7ulmanos, ateus, judeus e crist\u00e3os e membros dos diferentes quadrantes pol\u00edticos alem\u00e3es (De notar que ent\u00e3o o partido dos Verdes era repelido pelo arco do poder tal como \u00e9 hoje o partido AfD; <strong>no passado, por\u00e9m, os Media eram mais neutros e por isso n\u00e3o havia ainda na sociedade a agita\u00e7\u00e3o popular<\/strong>). Eram festas em que se reuniam 40 pessoas empenhadas politicamente\u00a0 e todos conviviam e falavam uns com os outros sem preconceitos e, sem atender a diferen\u00e7as ou posi\u00e7\u00f5es pol\u00edticas; todos aplaudiam m\u00fasicas feitas por judeus, afeg\u00e3os ou da \u00cdndia e n\u00e3o se preocupavam se os participantes eram de direita ou de esquerda.<\/p>\n<p>Pelo que me \u00e9 dado observar, hoje a opini\u00e3o p\u00fablica da popula\u00e7\u00e3o alem\u00e3 encontra-se em geral fanatizada e com ela tamb\u00e9m habitantes de outras etnias; <strong>a polariza\u00e7\u00e3o pol\u00edtica passou a dominar de tal modo a opini\u00e3o p\u00fablica que p\u00f5e em perigo a paz social e as amizades.<\/strong><\/p>\n<p><strong>Imagine-se o desplante da arrog\u00e2ncia ideol\u00f3gica: A ministra dos neg\u00f3cios estrangeiros alem\u00e3, Annalena Baerbock, declarou querer levar ao mundo uma pol\u00edtica externa feminista. O feminismo considerado como s\u00edmbolo do bem apregoado por um pa\u00eds onde a vontade de compromisso, a capacidade de di\u00e1logo e a empatia devem ser substitu\u00eddas por \u201ctornar-se eficiente para a guerra\u201d parece ter muito mais de masculino do que de feminino.<\/strong>\u00a0 Esperemos que este mal n\u00e3o se espalhe t\u00e3o depressa pelos pa\u00edses menos expostos.<\/p>\n<p>Deixou de haver direita e esquerda para se dar express\u00e3o \u00e0 opini\u00e3o \u00fanica dos defensores do sistema identificado com a democracia contra a chamada extrema direita. Em geral, o discurso p\u00fablico n\u00e3o faz uso da palavra extrema no que toca aos da esquerda porque se parte do princ\u00edpio de que esta se encontra na verdade e est\u00e1 consciente do poder virolento de palavras fortes. Tamb\u00e9m a China est\u00e1 a intervir no controlo da linguagem porque quem domina a linguagem domina o povo!<\/p>\n<p><strong>Os crit\u00e9rios usados para classificar uma pessoa como extrema direita s\u00e3o: questionar a agenda de g\u00e9nero, ser contra o aborto, falar da exist\u00eancia de demasiados refugiados, da excessiva criminalidade de origem isl\u00e2mica ou questionar o liberalismo globalista. <\/strong><\/p>\n<p><strong>Na realidade trata-se de implementar uma nova cultura e o que est\u00e1 em causa \u00e9 a desloca\u00e7\u00e3o do poder dentro do arco do poder (partidos que se alternam na governa\u00e7\u00e3o)<\/strong> que, vendo o surgir de novos partidos com muito apoio popular, sente a sua posi\u00e7\u00e3o de poder a oscilar\u00a0 e por isso faz uso de todos os meios para os combater usando a estrat\u00e9gia de que a democracia est\u00e1 em perigo, quando o que est\u00e1 em quest\u00e3o s\u00e3o medidas governativas que sem considera\u00e7\u00e3o de preju\u00edzos se afirma de maneira arrogante sem ver necessidade de justificar as medidas que toma, como se d\u00e1 no caso dos Verdes na coliga\u00e7\u00e3o de governo alem\u00e3<\/p>\n<p>&nbsp;<\/p>\n<p><strong>Ant\u00f3nio da Cunha Duarte Justo<\/strong><\/p>\n<p>Pegadas do Tempo<\/p>\n","protected":false},"excerpt":{"rendered":"<p>O despertar do povo incomoda muita gente Na Alemanha e na Fran\u00e7a, elitistas e populistas n\u00e3o olham a meios na disputa do poder. Vive-se j\u00e1 numa sociedade que pensa em estere\u00f3tipos e usa dois pesos e duas medidas na condu\u00e7\u00e3o do discurso p\u00fablico, como j\u00e1 se torna f\u00e1cil observar nos mass media. Principalmente a partir &hellip; <a href=\"https:\/\/antonio-justo.eu\/?p=9487\" class=\"more-link\">Continuar a ler <span class=\"screen-reader-text\">A POLARIZA\u00c7\u00c3O DO PODER POL\u00cdTICO ENVENENA A ATMOSFERA SOCIAL ALEM\u00c3<\/span><\/a><\/p>\n","protected":false},"author":1,"featured_media":0,"comment_status":"open","ping_status":"open","sticky":false,"template":"","format":"standard","meta":{"sfsi_plus_gutenberg_text_before_share":"","sfsi_plus_gutenberg_show_text_before_share":"","sfsi_plus_gutenberg_icon_type":"","sfsi_plus_gutenberg_icon_alignemt":"","sfsi_plus_gutenburg_max_per_row":"","footnotes":""},"categories":[3,15,14,4,5,6,7,8,16],"tags":[],"class_list":["post-9487","post","type-post","status-publish","format-standard","hentry","category-arte","category-cultura","category-economia","category-educacao","category-escola","category-migracao","category-politica","category-religiao","category-sociedade"],"_links":{"self":[{"href":"https:\/\/antonio-justo.eu\/index.php?rest_route=\/wp\/v2\/posts\/9487","targetHints":{"allow":["GET"]}}],"collection":[{"href":"https:\/\/antonio-justo.eu\/index.php?rest_route=\/wp\/v2\/posts"}],"about":[{"href":"https:\/\/antonio-justo.eu\/index.php?rest_route=\/wp\/v2\/types\/post"}],"author":[{"embeddable":true,"href":"https:\/\/antonio-justo.eu\/index.php?rest_route=\/wp\/v2\/users\/1"}],"replies":[{"embeddable":true,"href":"https:\/\/antonio-justo.eu\/index.php?rest_route=%2Fwp%2Fv2%2Fcomments&post=9487"}],"version-history":[{"count":2,"href":"https:\/\/antonio-justo.eu\/index.php?rest_route=\/wp\/v2\/posts\/9487\/revisions"}],"predecessor-version":[{"id":9489,"href":"https:\/\/antonio-justo.eu\/index.php?rest_route=\/wp\/v2\/posts\/9487\/revisions\/9489"}],"wp:attachment":[{"href":"https:\/\/antonio-justo.eu\/index.php?rest_route=%2Fwp%2Fv2%2Fmedia&parent=9487"}],"wp:term":[{"taxonomy":"category","embeddable":true,"href":"https:\/\/antonio-justo.eu\/index.php?rest_route=%2Fwp%2Fv2%2Fcategories&post=9487"},{"taxonomy":"post_tag","embeddable":true,"href":"https:\/\/antonio-justo.eu\/index.php?rest_route=%2Fwp%2Fv2%2Ftags&post=9487"}],"curies":[{"name":"wp","href":"https:\/\/api.w.org\/{rel}","templated":true}]}}