{"id":9483,"date":"2024-07-19T17:34:49","date_gmt":"2024-07-19T16:34:49","guid":{"rendered":"https:\/\/antonio-justo.eu\/?p=9483"},"modified":"2024-07-19T18:26:20","modified_gmt":"2024-07-19T17:26:20","slug":"ursula-von-der-leyen-chefe-da-comissao-europeia-por-mais-5-anos","status":"publish","type":"post","link":"https:\/\/antonio-justo.eu\/?p=9483","title":{"rendered":"URSULA VON DER LEYEN CHEFE DA COMISS\u00c3O EUROPEIA POR MAIS 5 ANOS"},"content":{"rendered":"<p style=\"text-align: center;\"><strong>O Presidente do Conselho Europeu Ant\u00f3nio Costa j\u00e1 nomeou como chefes do seu gabinete Pedro Lourtie e David Oppenheimer<\/strong><\/p>\n<p>Os chefes de Estado e de Governo da Europa tinham eleito Ursula von der Leyen como \u00fanica candidata no final de junho, para presidente da Comiss\u00e3o Europeia; esta foi agora (18.07.2024) confirmada pelo Parlamento Europeu.<\/p>\n<p><strong>Dos 707 representantes eleitos no Parlamento 401 votaram na candidata alem\u00e3 para um novo mandato de cinco anos! 284 parlamentares votaram contra e houve 15 absten\u00e7\u00f5es. Deste modo a EU demonstrou unidade e uma certa legitima\u00e7\u00e3o para continuar a sua pol\u00edtica advers\u00e1ria em rela\u00e7\u00e3o aos seus declarados concorrentes R\u00fassia, China e republicanos dos EUA. <\/strong><\/p>\n<p>Von der Leyen, para ser eleita precisaria de 361 votos. Dos 707 deputados fazem parte 21 portugueses, Alemanha 96, Fran\u00e7a 81, It\u00e1lia 76, Espanha 61, Pol\u00f3nia 53, etc. (1)<\/p>\n<p><strong>Pode-se dizer que o poder continua propriamente como antes nas m\u00e3os do PPE &#8211; grupo popular europeu (democratas crist\u00e3os) e do S&amp;D \u2013 Grupo da Alian\u00e7a Progressista dos Socialistas e Democratas no Parlamento Europeu com o apoio dos Verdes\/ALE \u2013 Grupo dos Verdes \/ Alian\u00e7a Livre Europeia. A coliga\u00e7\u00e3o informal acordou antecipadamente a distribui\u00e7\u00e3o dos cargos de topo entre si. O centro-esquerda e o centro-direita continuam a determinar o futuro da Europa. <\/strong>Quem est\u00e1 do lado do poder est\u00e1 sempre na frente da hist\u00f3ria. Von der Leyen tem 32.000 funcion\u00e1rios sob sua tutela (2).<\/p>\n<p><strong>O pacote de postos mais influentes, al\u00e9m da Presidente da Comiss\u00e3o (Von der Leyen) s\u00e3o o de Presidente do Conselho Europeu (Ant\u00f3nio Costa) que tomar\u00e1 posse a 1 de Dezembro e j\u00e1 nomeou como chefe do seu gabinete o embaixador\u00a0 Pedro Lourtie e como chefe do gabinete adjunto, David Oppenheimer; Costa sucede no cargo a Charles Michel ; outro cargo muito importante \u00e9 o de diplomata-chefe da EU (Kaja Kallas) e o cargo de Presidente do Parlamento Europeu (Roberta Metsola). <\/strong><\/p>\n<p><strong>A M\u00e3e de 7 filhos andou na escola de Angela Merkel e por isso a sua for\u00e7a revela-se na sua capacidade de conversa\u00e7\u00f5es entre os partidos do arco do poder e de estabelecer alian\u00e7as no carrossel dominado pela Alemanha e a Fran\u00e7a, mas onde os interesses v\u00e3o da Finlandia (e pa\u00edses b\u00e1lticos) a Portugal e ao Chipre.<\/strong> <strong>Pelo resultado v\u00ea-se que Von der Leyen n\u00e3o trope\u00e7ou sobre os duvidosos acordos secretos de vacinas contra o coronav\u00edrus que ela concluiu com gigantes farmac\u00eauticos como a Pfizer!<\/strong> Para o arco do poder e para a pol\u00edtica e geral a moral reduz-se a m\u00fasica de acompanhamento.<\/p>\n<p>A campanha de da Presidente da Comiss\u00e3o por um \u201cescudo protetor europeu para a democracia\u201d certamente n\u00e3o passar\u00e1 de um programa de maior controlo do cidad\u00e3o no sentido de uma polariza\u00e7\u00e3o desenfreada da sociedade.<\/p>\n<p>Para o partido alem\u00e3o da alian\u00e7a Sahra Wagenknecht, a reelei\u00e7\u00e3o foi um erro grave<strong>. A fundadora do partido, Sahra Wagenknecht disse: \u201cO BSW votou contra Ursula von der Leyen e&#8230; a UE enterrou definitivamente a ideia de um projecto de paz\u201d;<\/strong> <strong>Wagenknecht criticou o facto de Von der Leyen apoiar militarmente a Ucr\u00e2nia e n\u00e3o ter criticado suficientemente a guerra na Faixa de Gaza; atacou tamb\u00e9m o \u201cAcordo Verde\u201d que coloca \u201cum machado na prosperidade das pessoas, especialmente na Alemanha\u201d<\/strong> (3).<\/p>\n<p><strong>Ant\u00f3nio da Cunha Duarte Justo<\/strong><\/p>\n<p>Pegadas do Tempo<\/p>\n<p>(1) <a href=\"https:\/\/www.deutschlandfunk.de\/europawahl-von-der-leyen-kommission-europaparlament-posten-100.html\">https:\/\/www.deutschlandfunk.de\/europawahl-von-der-leyen-kommission-europaparlament-posten-100.html<\/a><\/p>\n<p>(2) As fac\u00e7\u00f5es do Partido Popular Europeu, dos Sociais Democratas e dos Liberais j\u00e1 tinham chegado a acordo sobre a reelei\u00e7\u00e3o. No curto prazo, os Verdes tamb\u00e9m sinalizaram apoio. <a href=\"https:\/\/www.parlamento.pt\/europa\/Paginas\/InstituicoesEuropeias.aspx\">https:\/\/www.parlamento.pt\/europa\/Paginas\/InstituicoesEuropeias.aspx<\/a><\/p>\n<p>(3) <a href=\"https:\/\/www.tagesschau.de\/ausland\/europa\/von-der-leyen-eu-kommissionspraesidentin-100.html\">https:\/\/www.tagesschau.de\/ausland\/europa\/von-der-leyen-eu-kommissionspraesidentin-100.html<\/a><\/p>\n<p>&nbsp;<\/p>\n","protected":false},"excerpt":{"rendered":"<p>O Presidente do Conselho Europeu Ant\u00f3nio Costa j\u00e1 nomeou como chefes do seu gabinete Pedro Lourtie e David Oppenheimer Os chefes de Estado e de Governo da Europa tinham eleito Ursula von der Leyen como \u00fanica candidata no final de junho, para presidente da Comiss\u00e3o Europeia; esta foi agora (18.07.2024) confirmada pelo Parlamento Europeu. Dos &hellip; <a href=\"https:\/\/antonio-justo.eu\/?p=9483\" class=\"more-link\">Continuar a ler <span class=\"screen-reader-text\">URSULA VON DER LEYEN CHEFE DA COMISS\u00c3O EUROPEIA POR MAIS 5 ANOS<\/span><\/a><\/p>\n","protected":false},"author":1,"featured_media":0,"comment_status":"open","ping_status":"open","sticky":false,"template":"","format":"standard","meta":{"sfsi_plus_gutenberg_text_before_share":"","sfsi_plus_gutenberg_show_text_before_share":"","sfsi_plus_gutenberg_icon_type":"","sfsi_plus_gutenberg_icon_alignemt":"","sfsi_plus_gutenburg_max_per_row":"","footnotes":""},"categories":[15,14,6,7,8,16],"tags":[],"class_list":["post-9483","post","type-post","status-publish","format-standard","hentry","category-cultura","category-economia","category-migracao","category-politica","category-religiao","category-sociedade"],"_links":{"self":[{"href":"https:\/\/antonio-justo.eu\/index.php?rest_route=\/wp\/v2\/posts\/9483","targetHints":{"allow":["GET"]}}],"collection":[{"href":"https:\/\/antonio-justo.eu\/index.php?rest_route=\/wp\/v2\/posts"}],"about":[{"href":"https:\/\/antonio-justo.eu\/index.php?rest_route=\/wp\/v2\/types\/post"}],"author":[{"embeddable":true,"href":"https:\/\/antonio-justo.eu\/index.php?rest_route=\/wp\/v2\/users\/1"}],"replies":[{"embeddable":true,"href":"https:\/\/antonio-justo.eu\/index.php?rest_route=%2Fwp%2Fv2%2Fcomments&post=9483"}],"version-history":[{"count":2,"href":"https:\/\/antonio-justo.eu\/index.php?rest_route=\/wp\/v2\/posts\/9483\/revisions"}],"predecessor-version":[{"id":9485,"href":"https:\/\/antonio-justo.eu\/index.php?rest_route=\/wp\/v2\/posts\/9483\/revisions\/9485"}],"wp:attachment":[{"href":"https:\/\/antonio-justo.eu\/index.php?rest_route=%2Fwp%2Fv2%2Fmedia&parent=9483"}],"wp:term":[{"taxonomy":"category","embeddable":true,"href":"https:\/\/antonio-justo.eu\/index.php?rest_route=%2Fwp%2Fv2%2Fcategories&post=9483"},{"taxonomy":"post_tag","embeddable":true,"href":"https:\/\/antonio-justo.eu\/index.php?rest_route=%2Fwp%2Fv2%2Ftags&post=9483"}],"curies":[{"name":"wp","href":"https:\/\/api.w.org\/{rel}","templated":true}]}}