{"id":9444,"date":"2024-06-30T10:11:50","date_gmt":"2024-06-30T09:11:50","guid":{"rendered":"https:\/\/antonio-justo.eu\/?p=9444"},"modified":"2024-06-30T10:22:00","modified_gmt":"2024-06-30T09:22:00","slug":"ideia-dominical-luminosa","status":"publish","type":"post","link":"https:\/\/antonio-justo.eu\/?p=9444","title":{"rendered":"IDEIA DOMINICAL LUMINOSA"},"content":{"rendered":"<div class=\"html-div xe8uvvx xdj266r x11i5rnm xat24cr x1mh8g0r xexx8yu x4uap5 x18d9i69 xkhd6sd\" dir=\"auto\">\n<div id=\":r59:\" class=\"x1iorvi4 x1pi30zi x1l90r2v x1swvt13\" data-ad-comet-preview=\"message\" data-ad-preview=\"message\">\n<div class=\"x78zum5 xdt5ytf xz62fqu x16ldp7u\">\n<div class=\"xu06os2 x1ok221b\">\n<div class=\"xdj266r x11i5rnm xat24cr x1mh8g0r x1vvkbs x126k92a\">\n<div dir=\"auto\" style=\"text-align: center;\"><strong><span class=\"x193iq5w xeuugli x13faqbe x1vvkbs x1xmvt09 x1lliihq x1s928wv xhkezso x1gmr53x x1cpjm7i x1fgarty x1943h6x xudqn12 x3x7a5m x6prxxf xvq8zen xo1l8bm xzsf02u x1yc453h\" dir=\"auto\">Proposta interessante sobretudo para Par\u00f3quias<\/span><\/strong><\/div>\n<\/div>\n<div class=\"x11i5rnm xat24cr x1mh8g0r x1vvkbs xtlvy1s x126k92a\">\n<div dir=\"auto\"><\/div>\n<div dir=\"auto\">Os\u00a0versos e m\u00fasica, aqui apresentados a t\u00edtulo de exemplo, \u00a0 que o meu amigo e antigo colega Padre Jos\u00e9 Fernandes, me enviou destinam-se a serem acompanhados com m\u00fasica semelhante \u00e0 do v\u00eddeo ou outra do g\u00e9nero (m\u00fasicas de baladas, de cantos \u00e0 desgarrada, de serenatas ou outras fruto da inspira\u00e7\u00e3o musical adaptada \u00e0s possibilidades locais, etc. podiam possibilitar maior contributo tamb\u00e9m jovem nas liturgias).<\/div>\n<div dir=\"auto\">O Pe. e psic\u00f3logo Jos\u00e9 Fernandes est\u00e1 a preparar poesias que resumem os evangelhos ou liturgia de cada Domingo.<\/div>\n<div dir=\"auto\">Seria interessante e muito proveitoso se jovens e respons\u00e1veis pela moldagem da liturgia de cada comingo pegassem da ideia e at\u00e9 preparssem v\u00eddeos, como \u00e9 inten\u00e7\u00e3o do Pe. Jos\u00e9 Fernandes fazer. Parab\u00e9ns amigo Jos\u00e9 Fernandes pela ideia e pelo trabalho que pode ser continuado em diferentes par\u00f3quias. O meu amigo certamente est\u00e1 dispon\u00edvel para colocar \u00e0 disposi\u00e7\u00e3o os textos que vai fazendo.<\/div>\n<div dir=\"auto\">\u00c9 uma bela maneira de resumir os textos lit\u00fargicos que depois de lidos, podem ser cantados em verso com acompanhamento musical, numa esp\u00e9cie de pequeno contributo integrado na liturgia.<\/div>\n<div dir=\"auto\">O Link que vem a acompanhar os versos relativos a este domingo s\u00e3o um exemplo de como poderiam ser cantados os versos.<\/div>\n<\/div>\n<div class=\"x11i5rnm xat24cr x1mh8g0r x1vvkbs xtlvy1s x126k92a\">\n<div dir=\"auto\">Domingo XIII do TC \u2013 Ano B<\/div>\n<div dir=\"auto\">M\u00fasica provis\u00f3ria: <span class=\"html-span xdj266r x11i5rnm xat24cr x1mh8g0r xexx8yu x4uap5 x18d9i69 xkhd6sd x1hl2dhg x16tdsg8 x1vvkbs\"><a class=\"x1i10hfl xjbqb8w x1ejq31n xd10rxx x1sy0etr x17r0tee x972fbf xcfux6l x1qhh985 xm0m39n x9f619 x1ypdohk xt0psk2 xe8uvvx xdj266r x11i5rnm xat24cr x1mh8g0r xexx8yu x4uap5 x18d9i69 xkhd6sd x16tdsg8 x1hl2dhg xggy1nq x1a2a7pz x1sur9pj xkrqix3 x1fey0fg\" tabindex=\"0\" role=\"link\" href=\"https:\/\/l.facebook.com\/l.php?u=https%3A%2F%2Fwww.youtube.com%2Fwatch%3Fv%3DDsfT85zSwr0%26fbclid%3DIwZXh0bgNhZW0CMTAAAR1OIWWx01VQ_xi2tE-IWA7d2reVNZ14Q1LiP7AzB9H3HEq0C1wdbRcoA2M_aem_vZ5y8zJapRekkIKGh0afbg&amp;h=AT3mdTKmVwV8RtIA2lzzzs-FsP4UYBw-8_bcnuuNdvBXpph8LhqKvtwJwzNYTxtePFeeBdzC7UBiytyOMWestk7hbTmLztFnviUCmv11Wsd2f1VF31Sprb-7gp-BVWm-xg&amp;__tn__=-UK-R&amp;c[0]=AT3HglZQFfm4WMQ3SKS2gdVudcRdPZX7EaZycEEvAbff3pFCB_Nqj8Wkm-8WdezUN6tGzs4BaXut0hKyN4PVw1zHa1fE7HztjR1hzPH9DSa_-_cuTQFv2YgmK0PTjsVOedsOkz8f91sOIhk0zP5cUJGJgj3xBRTjsoQSj-CJsRw4jGvDaTdYOw\" target=\"_blank\" rel=\"nofollow noopener noreferrer\">https:\/\/www.youtube.com\/watch?v=DsfT85zSwr0<\/a><\/span><\/div>\n<div dir=\"auto\">Evangelho: Mc 5, 21-43<\/div>\n<div dir=\"auto\">\u00abThalitha k\u00fam\u00bb. \u00abMenina, eu te ordeno: levanta-te!\u00bb<\/div>\n<div dir=\"auto\">\u00abJesus Cristo ama-te sempre,<\/div>\n<div dir=\"auto\">Morreu para te salvar.<\/div>\n<div dir=\"auto\">P\u2019ra sempre vive contigo<\/div>\n<div dir=\"auto\">Para te iluminar,<\/div>\n<div dir=\"auto\">Para te fortalecer,<\/div>\n<div dir=\"auto\">E para te libertar.\u00bb<\/div>\n<div dir=\"auto\"><\/div>\n<\/div>\n<div class=\"x11i5rnm xat24cr x1mh8g0r x1vvkbs xtlvy1s x126k92a\">\n<div dir=\"auto\">Chegados \u00e0 outra margem,<\/div>\n<div dir=\"auto\">Logo ali \u00e0 beira-mar,<\/div>\n<div dir=\"auto\">Novas urg\u00eancias do Reino<\/div>\n<div dir=\"auto\">N\u00e3o se fazem esperar:<\/div>\n<div dir=\"auto\">Umas caem de joelhos,<\/div>\n<div dir=\"auto\">Outras ousam s\u00f3 tocar.<\/div>\n<div dir=\"auto\"><\/div>\n<\/div>\n<div class=\"x11i5rnm xat24cr x1mh8g0r x1vvkbs xtlvy1s x126k92a\">\n<div dir=\"auto\">Outras ousam s\u00f3 tocar.<\/div>\n<div dir=\"auto\">Quem tocou as suas vestes<\/div>\n<div dir=\"auto\">No meio da multid\u00e3o,<\/div>\n<div dir=\"auto\">Porque quer Jesus saber?<\/div>\n<div dir=\"auto\">N\u00e3o quer ningu\u00e9m de joelhos,<\/div>\n<div dir=\"auto\">Mas sua f\u00e9 enaltecer.<\/div>\n<div dir=\"auto\"><\/div>\n<\/div>\n<div class=\"x11i5rnm xat24cr x1mh8g0r x1vvkbs xtlvy1s x126k92a\">\n<div dir=\"auto\">Mas sua f\u00e9 enaltecer<\/div>\n<div dir=\"auto\">Porque j\u00e1 a tinha curado<\/div>\n<div dir=\"auto\">Mal sentiu o seu tocar.<\/div>\n<div dir=\"auto\">Diferente o pai da jovem<\/div>\n<div dir=\"auto\">De joelhos a interceder<\/div>\n<div dir=\"auto\">Para ela n\u00e3o morrer.<\/div>\n<div dir=\"auto\"><\/div>\n<\/div>\n<div class=\"x11i5rnm xat24cr x1mh8g0r x1vvkbs xtlvy1s x126k92a\">\n<div dir=\"auto\">Para ela n\u00e3o morrer.<\/div>\n<div dir=\"auto\">S\u00e3o dif\u2019rentes atitudes<\/div>\n<div dir=\"auto\">De manifestar a f\u00e9,<\/div>\n<div dir=\"auto\">Confirmadas por Jesus:<\/div>\n<div dir=\"auto\">\u00abA tua f\u00e9 te salvou\u00bb.<\/div>\n<div dir=\"auto\">\u00abBasta s\u00f3 que tenhas f\u00e9\u00bb.<\/div>\n<div dir=\"auto\"><\/div>\n<\/div>\n<div class=\"x11i5rnm xat24cr x1mh8g0r x1vvkbs xtlvy1s x126k92a\">\n<div dir=\"auto\">\u00abBasta s\u00f3 que tenhas f\u00e9\u00bb.<\/div>\n<div dir=\"auto\">Como pode ser verdade,<\/div>\n<div dir=\"auto\">Se a morte, em minha casa,<\/div>\n<div dir=\"auto\">Entra e mata aos 12 anos?<\/div>\n<div dir=\"auto\">Basta que_em Mim tenhas F\u00e9.<\/div>\n<div dir=\"auto\">Outras \u201cf\u00e9s\u201d s\u00e3o s\u00f3 enganos.<\/div>\n<div dir=\"auto\"><\/div>\n<\/div>\n<div class=\"x11i5rnm xat24cr x1mh8g0r x1vvkbs xtlvy1s x126k92a\">\n<div dir=\"auto\">Outras \u201cf\u00e9s\u201d s\u00e3o s\u00f3 enganos.<\/div>\n<div dir=\"auto\">Ent\u00e3o o que \u00e9 a F\u00e9?<\/div>\n<div dir=\"auto\">\u00c9 um acto de mais vida,<\/div>\n<div dir=\"auto\">Milagre de filho e m\u00e3e:<\/div>\n<div dir=\"auto\">Entrego-me ao meu Senhor<\/div>\n<div dir=\"auto\">Como o fa\u00e7o \u00e0 minha m\u00e3e.<\/div>\n<div dir=\"auto\"><\/div>\n<\/div>\n<div class=\"x11i5rnm xat24cr x1mh8g0r x1vvkbs xtlvy1s x126k92a\">\n<div dir=\"auto\">Como o fa\u00e7o \u00e0 minha m\u00e3e.<\/div>\n<div dir=\"auto\">Deus \u00e9 o autor da vida,<\/div>\n<div dir=\"auto\">Que morre p\u2019ra vida dar.<\/div>\n<div dir=\"auto\">E toda a por\u00e7\u00e3o de morte,<\/div>\n<div dir=\"auto\">Que invada a minha vida,<\/div>\n<div dir=\"auto\">J\u00e1 traz selo de vencida.<\/div>\n<div dir=\"auto\"><\/div>\n<\/div>\n<div class=\"x11i5rnm xat24cr x1mh8g0r x1vvkbs xtlvy1s x126k92a\">\n<div dir=\"auto\">J\u00e1 traz selo de vencida.<\/div>\n<div dir=\"auto\">&#8211; \u00abA tua filha morreu,<\/div>\n<div dir=\"auto\">Porque importunas o Mestre?\u00bb<\/div>\n<div dir=\"auto\">&#8211; \u00abA menina n\u00e3o morreu.<\/div>\n<div dir=\"auto\">Basta s\u00f3 que tenhas f\u00e9.<\/div>\n<div dir=\"auto\">Ela dorme, ordeno Eu.\u00bb<\/div>\n<\/div>\n<\/div>\n<\/div>\n<\/div>\n<\/div>\n","protected":false},"excerpt":{"rendered":"<p>Proposta interessante sobretudo para Par\u00f3quias Os\u00a0versos e m\u00fasica, aqui apresentados a t\u00edtulo de exemplo, \u00a0 que o meu amigo e antigo colega Padre Jos\u00e9 Fernandes, me enviou destinam-se a serem acompanhados com m\u00fasica semelhante \u00e0 do v\u00eddeo ou outra do g\u00e9nero (m\u00fasicas de baladas, de cantos \u00e0 desgarrada, de serenatas ou outras fruto da inspira\u00e7\u00e3o &hellip; <a href=\"https:\/\/antonio-justo.eu\/?p=9444\" class=\"more-link\">Continuar a ler <span class=\"screen-reader-text\">IDEIA DOMINICAL LUMINOSA<\/span><\/a><\/p>\n","protected":false},"author":1,"featured_media":0,"comment_status":"open","ping_status":"open","sticky":false,"template":"","format":"standard","meta":{"sfsi_plus_gutenberg_text_before_share":"","sfsi_plus_gutenberg_show_text_before_share":"","sfsi_plus_gutenberg_icon_type":"","sfsi_plus_gutenberg_icon_alignemt":"","sfsi_plus_gutenburg_max_per_row":"","footnotes":""},"categories":[3,15,4,8,16],"tags":[],"class_list":["post-9444","post","type-post","status-publish","format-standard","hentry","category-arte","category-cultura","category-educacao","category-religiao","category-sociedade"],"_links":{"self":[{"href":"https:\/\/antonio-justo.eu\/index.php?rest_route=\/wp\/v2\/posts\/9444","targetHints":{"allow":["GET"]}}],"collection":[{"href":"https:\/\/antonio-justo.eu\/index.php?rest_route=\/wp\/v2\/posts"}],"about":[{"href":"https:\/\/antonio-justo.eu\/index.php?rest_route=\/wp\/v2\/types\/post"}],"author":[{"embeddable":true,"href":"https:\/\/antonio-justo.eu\/index.php?rest_route=\/wp\/v2\/users\/1"}],"replies":[{"embeddable":true,"href":"https:\/\/antonio-justo.eu\/index.php?rest_route=%2Fwp%2Fv2%2Fcomments&post=9444"}],"version-history":[{"count":4,"href":"https:\/\/antonio-justo.eu\/index.php?rest_route=\/wp\/v2\/posts\/9444\/revisions"}],"predecessor-version":[{"id":9448,"href":"https:\/\/antonio-justo.eu\/index.php?rest_route=\/wp\/v2\/posts\/9444\/revisions\/9448"}],"wp:attachment":[{"href":"https:\/\/antonio-justo.eu\/index.php?rest_route=%2Fwp%2Fv2%2Fmedia&parent=9444"}],"wp:term":[{"taxonomy":"category","embeddable":true,"href":"https:\/\/antonio-justo.eu\/index.php?rest_route=%2Fwp%2Fv2%2Fcategories&post=9444"},{"taxonomy":"post_tag","embeddable":true,"href":"https:\/\/antonio-justo.eu\/index.php?rest_route=%2Fwp%2Fv2%2Ftags&post=9444"}],"curies":[{"name":"wp","href":"https:\/\/api.w.org\/{rel}","templated":true}]}}