{"id":9442,"date":"2024-06-28T16:15:51","date_gmt":"2024-06-28T15:15:51","guid":{"rendered":"https:\/\/antonio-justo.eu\/?p=9442"},"modified":"2024-06-28T16:15:51","modified_gmt":"2024-06-28T15:15:51","slug":"a-caminho-do-papa-ecumenico","status":"publish","type":"post","link":"https:\/\/antonio-justo.eu\/?p=9442","title":{"rendered":"A CAMINHO DO PAPA ECUM\u00c9NICO"},"content":{"rendered":"<p style=\"text-align: center;\"><strong>Papa ecum\u00e9nico como chefe honor\u00e1rio de todos?<\/strong><\/p>\n<p><strong>O Vaticano (Dicast\u00e9rio para a promo\u00e7\u00e3o da uni\u00e3o crist\u00e3) publicou um<\/strong> <strong>documento <\/strong><a href=\"http:\/\/www.christianunity.va\/content\/unitacristiani\/it\/news\/2024\/2024-06-13-il-vescovo-di-roma-nuovo-documento-dpuc.html\"><strong>intitulado \u201cO Bispo de Roma\u201d<\/strong><\/a><strong>, em 13 de junho de 2024, com sugest\u00f5es sobre uma poss\u00edvel reinterpreta\u00e7\u00e3o cat\u00f3lica do papel do Papa de maneira a possibilitar o of\u00edcio do Papa como \u201cchefe honor\u00e1rio\u201d das confiss\u00f5es crist\u00e3s numa perspetiva ecum\u00e9nica de \u201cunidade na diversidade\u201d.<\/strong> <a href=\"http:\/\/www.christianunity.va\/content\/unitacristiani\/it\/news\/2024\/2024-06-13-il-vescovo-di-roma-nuovo-documento-dpuc.html\">O documento de estudo \u201cO BISPO DE ROMA<\/a> \u00a0Primado e sinodalidade nos di\u00e1logos ecum\u00e9nicos e nas respostas \u00e0 enc\u00edclica Ut Unum Sint\u201d, original em ingl\u00eas est\u00e1 traduzido em italiano e franc\u00eas (1).<\/p>\n<p><strong>O documento resulta de reflex\u00f5es e das rea\u00e7\u00f5es teol\u00f3gicas \u00e0 enc\u00edclica \u201cUt unum sint\u201d do papa Jo\u00e3o Paulo II publicada em 1995 (2). <\/strong>No di\u00e1logo ecum\u00e9nico al\u00e9m de quest\u00f5es de f\u00e9 h\u00e1 obst\u00e1culos como a infalibilidade papal.<\/p>\n<p>Em 1870 o Conc\u00edlio Vaticano I postulou a infalibilidade do Papa dando-lhe todo o poder em quest\u00f5es dogm\u00e1ticas e de direito can\u00f3nico. No contexto das confiss\u00f5es crist\u00e3s, a primazia do Papa tornou-se assim num obst\u00e1culo \u00e0 unidade das igrejas crist\u00e3s.<\/p>\n<p><strong>No novo documento, o Vaticano prev\u00ea uma \u201creinterpreta\u00e7\u00e3o\u201d dos ensinamentos do Conc\u00edlio Vaticano I que deveriam ser vistos no seu contexto hist\u00f3rico de monarquias.\u00a0 Tratar-se-ia agora de acentuar a perspetiva da comunidade e n\u00e3o tanto a hier\u00e1rquica e assim se avan\u00e7ar com a \u201csinodalidade\u201d numa intera\u00e7\u00e3o de consulta e tomada de decis\u00f5es conjuntas. O \u201cPapa Ecum\u00e9nico\u201d presidiria a conselhos interconfessionais e assumiria o papel de mediador em caso de conflitos disciplinares ou docentes. <\/strong><\/p>\n<p><strong>Teria de haver uma diferencia\u00e7\u00e3o das fun\u00e7\u00f5es do Papa <\/strong>\u201c<strong>entre o seu of\u00edcio patriarcal na Igreja Ocidental e o seu of\u00edcio principal de unidade na comunh\u00e3o das igrejas\u201d.<\/strong><\/p>\n<p><strong>Isto pressup\u00f5e tamb\u00e9m uma fase de grande di\u00e1logo dentro da Igreja cat\u00f3lica sobre a autoridade das confer\u00eancias episcopais nacionais e regionais e a sua rela\u00e7\u00e3o com o S\u00ednodo dos Bispos e a C\u00faria Romana.<\/strong><\/p>\n<p><strong>Este \u00e9 certamente um longo caminho que pressuporia a convoca\u00e7\u00e3o e aprova\u00e7\u00e3o por um Conc\u00edlio Vaticano III. E seria \u00f3bvio que o reconhecimento do Papa como \u201cchefe honor\u00e1rio\u201d de todos teria de vir de um \u201cS\u00ednodo Ecum\u00e9nico\u201d. <\/strong><\/p>\n<p><strong>O Papa entre outras tem tamb\u00e9m uma fun\u00e7\u00e3o pol\u00edtica como chefe de Estado aspectos que dificultam o reconhecimento do Papa na fun\u00e7\u00e3o ecum\u00e9nica como porta-voz de todos os crist\u00e3os.\u00a0 De facto, o que faz um crist\u00e3o \u00e9 a sua liga\u00e7\u00e3o a Deus (Jesus Cristo).<\/strong><\/p>\n<p>O presidente da Comiss\u00e3o Ecum\u00e9nica da Confer\u00eancia dos Bispos Cat\u00f3licos Alem\u00e3es, Dom Gerhard Feige, de Magdeburg, espera que o documento crie uma nova din\u00e2mica dentro da Igreja Cat\u00f3lica e no ecumenismo.<strong> O documento de estudo revela uma grande vontade de reforma na Igreja cat\u00f3lica e a apoi\u00e1-lo revela o esp\u00edrito de v\u00e1rias enc\u00edclicas (3). <\/strong><\/p>\n<p><strong>Talvez esta seja uma iniciativa charneira da hist\u00f3ria com significado religioso e pol\u00edtico-social no sentido de antecipar o desenrolar de toda a Comunidade humana nos pr\u00f3ximos s\u00e9culos. Se observamos a hist\u00f3ria da Europa e at\u00e9 da ONU retrospetivamente verifica-se que se adota o modelo cat\u00f3lico como um tipo prot\u00f3tipo, a n\u00edvel de institucionaliza\u00e7\u00e3o e socializa\u00e7\u00e3o da humanidade<\/strong> <strong>tamb\u00e9m no \u00e2mbito secular. <\/strong><\/p>\n<p><strong>O ecumenismo \u00e9 a busca da uni\u00e3o, da comunh\u00e3o e da harmonia, entre as confiss\u00f5es cat\u00f3lica, luterana, ortodoxa e protestante, apesar das diferen\u00e7as.<\/strong> Parte-se da universalidade da uni\u00e3o na procura de reconhecer e respeitar a diversidade, de cada um, de cada igreja e de cada grupo num processo de di\u00e1logo e coopera\u00e7\u00e3o.<\/p>\n<p>Trata-se de superar as diverg\u00eancias hist\u00f3ricas e culturais, a partir de uma reconcilia\u00e7\u00e3o que reuna o mundo crist\u00e3o, o mundo das religi\u00f5es, o mundo das culturas e das ideologias numa atitude de complementaridade que valoriza o outro, seja a n\u00edvel individual seja grupal ou institucional.<\/p>\n<p><strong>Para o Papa Francisco, o verdadeiro ecumenismo acontece quando caminhamos juntos:<\/strong> &#8220;devemos caminhar juntos, orar juntos e trabalhar juntos. O verdadeiro ecumenismo \u00e9 feito por meio da caminhada. N\u00e3o tenham medo disso. Sirvam os pobres, ajudem as comunidades crist\u00e3s e tamb\u00e9m as comunidades n\u00e3o crist\u00e3s\u201d.<\/p>\n<p>A \u00a0sociedade multicultural e inter-religiosa actual, v\u00ea como prioridade crist\u00e3 a universalidade e nesse sentido a import\u00e2ncia de recuperar a unidade na Igreja de Cristo,<\/p>\n<p><strong>Ant\u00f3nio da Cunha Duarte Justo<\/strong><\/p>\n<p>Pegadas do Tempo<\/p>\n<p>(1) <a href=\"http:\/\/www.christianunity.va\/content\/unitacristiani\/it\/news\/2024\/2024-06-13-il-vescovo-di-roma-nuovo-documento-dpuc.html\">http:\/\/www.christianunity.va\/content\/unitacristiani\/it\/news\/2024\/2024-06-13-il-vescovo-di-roma-nuovo-documento-dpuc.html<\/a><\/p>\n<p>(2) CARTA ENC\u00cdCLICA UT UNUM SINT CARTA ENC\u00cdCLICA DO SANTO PADRE JO\u00c3O PAULO II SOBRE O EMPENHO ECUM\u00c9NICO (1995): <a href=\"https:\/\/www.vatican.va\/content\/john-paul-ii\/pt\/encyclicals\/documents\/hf_jp-ii_enc_25051995_ut-unum-sint.html\">https:\/\/www.vatican.va\/content\/john-paul-ii\/pt\/encyclicals\/documents\/hf_jp-ii_enc_25051995_ut-unum-sint.html<\/a><\/p>\n<p>(3) A ENC\u00cdCLICA ECOL\u00d3GICA EM DEFESA DA \u201cNOSSA IRM\u00c3 E M\u00c3E TERRA\u201d: <a href=\"https:\/\/antonio-justo.eu\/?p=3191\">https:\/\/antonio-justo.eu\/?p=3191<\/a><\/p>\n<p>ECOLOGIA E TEOLOGIA: <a href=\"https:\/\/antonio-justo.eu\/?p=3359\">https:\/\/antonio-justo.eu\/?p=3359<\/a><\/p>\n<p>\u201cAlegria do Amor\u201d \u00e9 a ponta de lan\u00e7a do Vaticano II: <a href=\"https:\/\/beiranews.pt\/2018\/02\/27\/ponto-de-vista-por-antonio-justo-29\/\">https:\/\/beiranews.pt\/2018\/02\/27\/ponto-de-vista-por-antonio-justo-29\/<\/a><\/p>\n<p>TEOLOGIA DA LIBERTA\u00c7\u00c3O NO DI\u00c1LOGO DOUTRINA-PASTORAL: <a href=\"https:\/\/www.linkedin.com\/pulse\/teologia-da-liberta%C3%A7%C3%A3o-di%C3%A1logo-doutrina-pastoral-ant%C3%B3nio\/\">https:\/\/www.linkedin.com\/pulse\/teologia-da-liberta%C3%A7%C3%A3o-di%C3%A1logo-doutrina-pastoral-ant%C3%B3nio\/<\/a><\/p>\n<p>A Igreja n\u00e3o \u00e9 \u201cuma pequena capela\u201d \u00e9 \u201cuma casa para todos\u201d: <a href=\"https:\/\/religare.blogs.sapo.pt\/79894.html\">https:\/\/religare.blogs.sapo.pt\/79894.html<\/a><\/p>\n","protected":false},"excerpt":{"rendered":"<p>Papa ecum\u00e9nico como chefe honor\u00e1rio de todos? O Vaticano (Dicast\u00e9rio para a promo\u00e7\u00e3o da uni\u00e3o crist\u00e3) publicou um documento intitulado \u201cO Bispo de Roma\u201d, em 13 de junho de 2024, com sugest\u00f5es sobre uma poss\u00edvel reinterpreta\u00e7\u00e3o cat\u00f3lica do papel do Papa de maneira a possibilitar o of\u00edcio do Papa como \u201cchefe honor\u00e1rio\u201d das confiss\u00f5es crist\u00e3s &hellip; <a href=\"https:\/\/antonio-justo.eu\/?p=9442\" class=\"more-link\">Continuar a ler <span class=\"screen-reader-text\">A CAMINHO DO PAPA ECUM\u00c9NICO<\/span><\/a><\/p>\n","protected":false},"author":1,"featured_media":0,"comment_status":"open","ping_status":"open","sticky":false,"template":"","format":"standard","meta":{"sfsi_plus_gutenberg_text_before_share":"","sfsi_plus_gutenberg_show_text_before_share":"","sfsi_plus_gutenberg_icon_type":"","sfsi_plus_gutenberg_icon_alignemt":"","sfsi_plus_gutenburg_max_per_row":"","footnotes":""},"categories":[15,7,8,16],"tags":[],"class_list":["post-9442","post","type-post","status-publish","format-standard","hentry","category-cultura","category-politica","category-religiao","category-sociedade"],"_links":{"self":[{"href":"https:\/\/antonio-justo.eu\/index.php?rest_route=\/wp\/v2\/posts\/9442","targetHints":{"allow":["GET"]}}],"collection":[{"href":"https:\/\/antonio-justo.eu\/index.php?rest_route=\/wp\/v2\/posts"}],"about":[{"href":"https:\/\/antonio-justo.eu\/index.php?rest_route=\/wp\/v2\/types\/post"}],"author":[{"embeddable":true,"href":"https:\/\/antonio-justo.eu\/index.php?rest_route=\/wp\/v2\/users\/1"}],"replies":[{"embeddable":true,"href":"https:\/\/antonio-justo.eu\/index.php?rest_route=%2Fwp%2Fv2%2Fcomments&post=9442"}],"version-history":[{"count":1,"href":"https:\/\/antonio-justo.eu\/index.php?rest_route=\/wp\/v2\/posts\/9442\/revisions"}],"predecessor-version":[{"id":9443,"href":"https:\/\/antonio-justo.eu\/index.php?rest_route=\/wp\/v2\/posts\/9442\/revisions\/9443"}],"wp:attachment":[{"href":"https:\/\/antonio-justo.eu\/index.php?rest_route=%2Fwp%2Fv2%2Fmedia&parent=9442"}],"wp:term":[{"taxonomy":"category","embeddable":true,"href":"https:\/\/antonio-justo.eu\/index.php?rest_route=%2Fwp%2Fv2%2Fcategories&post=9442"},{"taxonomy":"post_tag","embeddable":true,"href":"https:\/\/antonio-justo.eu\/index.php?rest_route=%2Fwp%2Fv2%2Ftags&post=9442"}],"curies":[{"name":"wp","href":"https:\/\/api.w.org\/{rel}","templated":true}]}}