{"id":9356,"date":"2024-06-14T16:43:20","date_gmt":"2024-06-14T15:43:20","guid":{"rendered":"https:\/\/antonio-justo.eu\/?p=9356"},"modified":"2024-06-14T20:08:25","modified_gmt":"2024-06-14T19:08:25","slug":"relacao-entre-violencia-e-tolerancia","status":"publish","type":"post","link":"https:\/\/antonio-justo.eu\/?p=9356","title":{"rendered":"RELA\u00c7\u00c3O ENTRE VIOL\u00caNCIA E TOLER\u00c2NCIA"},"content":{"rendered":"<p style=\"text-align: center;\"><strong>Da Hipocrisia do Discurso<\/strong><\/p>\n<p><strong>A pessoa tolerante reconhece, mesmo em desacordo, o direito a opini\u00f5es e comportamentos contr\u00e1rios.<\/strong><\/p>\n<p>A viol\u00eancia que se observa em muitos movimentos activistas revela, muitas vezes, a falta de uma atitude bondosa e de respeito, e como tal uma predisposi\u00e7\u00e3o para a intoler\u00e2ncia. O discurso sobre toler\u00e2ncia torna-se hip\u00f3crita quando \u00e9 instrumentalizado para fins que por eles mesmos s\u00e3o intolerantes.<\/p>\n<p>\u00c9 importante que as minorias sejam reconhecidas, mas sem se sobreporem \u00e0 maioria.<strong> O grande problema que se observa na sociedade \u00e9 o facto de pessoas, pol\u00edticos e grupos usarem o argumento da toler\u00e2ncia para levarem a sua avante sem olharem a meios. Muitas vezes trata-se de movimentos seguidores de agendas que t\u00eam por objectivo, n\u00e3o o desenvolvimento da sociedade, mas a luta que vai dando sustento a alguns, na tentativa de imporem um projecto social contra o outro!<\/strong><\/p>\n<p>A sociedade \u00e9 de todos e tem lugar para todos, o que inclui evitar a exclus\u00e3o social na medida do poss\u00edvel. A viol\u00eancia cada vez mais presente na sociedade e acentuada em fases de guerra n\u00e3o se deve s\u00f3 \u00e0s desigualdades, mas tamb\u00e9m a traumas de abuso a n\u00edvel individual e social e a transtornos mentais e at\u00e9 componentes gen\u00e9ticos.<\/p>\n<p><strong>Uma pol\u00edtica afirmadora de conflitos e de adversidades, como se verifica nas posi\u00e7\u00f5es categ\u00f3ricas das partes beligerantes a n\u00edvel internacional, conduz \u00e0 polariza\u00e7\u00e3o pol\u00edtica e social de modo a colocar a \u00e9tica do governo acima da \u00e9tica da responsabilidade ao fomentarem o confronto e n\u00e3o o entendimento nem a media\u00e7\u00e3o; o mesmo se observa nas rela\u00e7\u00f5es partid\u00e1rias e nos meios de comunica\u00e7\u00e3o e de divertimento: tudo isto\u00a0 conduz a uma atitude de toler\u00e2ncia de actos violentos e a uma dessensibiliza\u00e7\u00e3o do humano.<\/strong><\/p>\n<p><strong>Querer reduzir a viol\u00eancia promovendo a toler\u00e2ncia torna-se insuficiente e at\u00e9 hip\u00f3crita quando a pol\u00edtica e os meios de comunica\u00e7\u00e3o educam, de facto, e sensibilizam as popula\u00e7\u00f5es para a viol\u00eancia. <\/strong>Uma pol\u00edtica Europeia ao servi\u00e7o de elites globalistas atrav\u00e9s de l\u00f3bis Woke, pr\u00f3-aborto e LGBTI, mais interessada em substituir o orgulho da generalidade pelo orgulho progressista, serra no seu pr\u00f3prio galho. Estes grupos, independentemente de interesses individuais por vezes justific\u00e1veis, s\u00e3o usados e instrumentalizados pela pol\u00edtica e pelos meios de comunica\u00e7\u00e3o para a propaga\u00e7\u00e3o de agendas destinadas a combater e desestabilizar a cultura de cunho ocidental para mais facilmente implantarem uma cultura meramente funcionalista de cunho marxista e maoista!<\/p>\n<p>A rela\u00e7\u00e3o entre viol\u00eancia e toler\u00e2ncia \u00e9 de caracter \u00edntimo e m\u00fatuo<\/p>\n<p><strong>Enquanto em pol\u00edtica, nos meios de comunica\u00e7\u00e3o e na economia dominar a cultura de viol\u00eancia declarada usam-se dois pesos e duas medidas para a mesma virtude o que implica uma atitude de ambival\u00eancia: toler\u00e2ncia para com a viol\u00eancia f\u00edsica e psicol\u00f3gica que vem de cima e intoler\u00e2ncia para com a viol\u00eancia entre os de baixo, \u00e9 reduzir o discurso sobre a toler\u00e2ncia a mera m\u00fasica de acompanhamento!<\/strong><\/p>\n<p><strong>Importante \u00e9 alcan\u00e7ar-se um equil\u00edbrio social em que todos se empenhem em promover uma cultura do respeito e do entendimento m\u00fatuo para um dia se tornar evidente uma cultura da paz!<\/strong><\/p>\n<p>&nbsp;<\/p>\n<p><strong>Ant\u00f3nio da Cunha Duarte Justo<\/strong><\/p>\n<p>Pegadas do Tempo<\/p>\n","protected":false},"excerpt":{"rendered":"<p>Da Hipocrisia do Discurso A pessoa tolerante reconhece, mesmo em desacordo, o direito a opini\u00f5es e comportamentos contr\u00e1rios. A viol\u00eancia que se observa em muitos movimentos activistas revela, muitas vezes, a falta de uma atitude bondosa e de respeito, e como tal uma predisposi\u00e7\u00e3o para a intoler\u00e2ncia. O discurso sobre toler\u00e2ncia torna-se hip\u00f3crita quando \u00e9 &hellip; <a href=\"https:\/\/antonio-justo.eu\/?p=9356\" class=\"more-link\">Continuar a ler <span class=\"screen-reader-text\">RELA\u00c7\u00c3O ENTRE VIOL\u00caNCIA E TOLER\u00c2NCIA<\/span><\/a><\/p>\n","protected":false},"author":1,"featured_media":0,"comment_status":"open","ping_status":"open","sticky":false,"template":"","format":"standard","meta":{"sfsi_plus_gutenberg_text_before_share":"","sfsi_plus_gutenberg_show_text_before_share":"","sfsi_plus_gutenberg_icon_type":"","sfsi_plus_gutenberg_icon_alignemt":"","sfsi_plus_gutenburg_max_per_row":"","footnotes":""},"categories":[3,15,4,16],"tags":[],"class_list":["post-9356","post","type-post","status-publish","format-standard","hentry","category-arte","category-cultura","category-educacao","category-sociedade"],"_links":{"self":[{"href":"https:\/\/antonio-justo.eu\/index.php?rest_route=\/wp\/v2\/posts\/9356","targetHints":{"allow":["GET"]}}],"collection":[{"href":"https:\/\/antonio-justo.eu\/index.php?rest_route=\/wp\/v2\/posts"}],"about":[{"href":"https:\/\/antonio-justo.eu\/index.php?rest_route=\/wp\/v2\/types\/post"}],"author":[{"embeddable":true,"href":"https:\/\/antonio-justo.eu\/index.php?rest_route=\/wp\/v2\/users\/1"}],"replies":[{"embeddable":true,"href":"https:\/\/antonio-justo.eu\/index.php?rest_route=%2Fwp%2Fv2%2Fcomments&post=9356"}],"version-history":[{"count":5,"href":"https:\/\/antonio-justo.eu\/index.php?rest_route=\/wp\/v2\/posts\/9356\/revisions"}],"predecessor-version":[{"id":9361,"href":"https:\/\/antonio-justo.eu\/index.php?rest_route=\/wp\/v2\/posts\/9356\/revisions\/9361"}],"wp:attachment":[{"href":"https:\/\/antonio-justo.eu\/index.php?rest_route=%2Fwp%2Fv2%2Fmedia&parent=9356"}],"wp:term":[{"taxonomy":"category","embeddable":true,"href":"https:\/\/antonio-justo.eu\/index.php?rest_route=%2Fwp%2Fv2%2Fcategories&post=9356"},{"taxonomy":"post_tag","embeddable":true,"href":"https:\/\/antonio-justo.eu\/index.php?rest_route=%2Fwp%2Fv2%2Ftags&post=9356"}],"curies":[{"name":"wp","href":"https:\/\/api.w.org\/{rel}","templated":true}]}}