{"id":9354,"date":"2024-06-13T18:36:17","date_gmt":"2024-06-13T17:36:17","guid":{"rendered":"https:\/\/antonio-justo.eu\/?p=9354"},"modified":"2024-06-20T14:19:47","modified_gmt":"2024-06-20T13:19:47","slug":"soldados-da-guerra","status":"publish","type":"post","link":"https:\/\/antonio-justo.eu\/?p=9354","title":{"rendered":"SOLDADOS DA GUERRA"},"content":{"rendered":"<p><strong>SOLDADOS DA GUERRA QUE DO POVO N\u00c3O!<br \/>\n<\/strong><\/p>\n<p><strong>\u00a0<\/strong><\/p>\n<p>De \u00f3rg\u00e3o em riste, marchando adiante,<\/p>\n<p>D\u00e3o a vida na guerra, num passo errante,<\/p>\n<p>Em nome de p\u00e1trias que foram roubadas,<\/p>\n<p>Por for\u00e7as cru\u00e9is, a serem desonradas.<\/p>\n<p>&nbsp;<\/p>\n<p>Soldados na fronte, a honra a salvar,<\/p>\n<p>De oligarcas e regentes, prontos a guerrear.<\/p>\n<p>Tudo que resta s\u00e3o frios n\u00fameros,<\/p>\n<p>Sem v\u00edtimas, nem povo, apenas sombras.<\/p>\n<p>&nbsp;<\/p>\n<p>Mortos contados como criaturas,<\/p>\n<p>Na hist\u00f3ria, n\u00fameros, sem ternuras.<\/p>\n<p>Permitem aos poderosos surgir,<\/p>\n<p>Em cerim\u00f3nias, sombrias, a fingir,<\/p>\n<p>Lavando as m\u00e3os, como Pilatos fez,<\/p>\n<p>Fomentam novas v\u00edtimas, na guerra de vez.<\/p>\n<p>&nbsp;<\/p>\n<p>Deixaram de ser gente, ao virarem soldados,<\/p>\n<p>N\u00e3o defendem a p\u00e1tria, mas planos malvados.<\/p>\n<p>Num mundo rasgado pela viol\u00eancia,<\/p>\n<p>Brilha a dureza, trazendo a doen\u00e7a.<\/p>\n<p><strong>Ant\u00f3nio da Cunha Duarte Justo<\/strong><\/p>\n<p><strong>Pegadas do tempo<\/strong><\/p>\n<p><strong>\u00a0PS: A Alemanha despende 2% do PIB nacional para o or\u00e7amento militar, isto \u00e9, no m\u00ednimo 90 mil milh\u00f5es de euros por ano e o mesmo fazem outros pa\u00edses! Isto poderia ser leg\u00edtimo se destinassem tamb\u00e9m \u00a02% do PIB para promover activamente\u00a0 a paz!<\/strong><\/p>\n<p><strong>O RASCUNHO:<\/strong><\/p>\n<p><strong>\u00a0<\/strong><\/p>\n<p><strong>SOLDADOS DA GUERRA <\/strong><\/p>\n<p><strong>\u00a0<\/strong><\/p>\n<p>De \u00f3rg\u00e3o em riste, eles marcham,<\/p>\n<p>D\u00e3o a vida pela guerra alheia,<\/p>\n<p>Em nome de p\u00e1trias desonradas,<\/p>\n<p>Usurpadas por poderes fortes.<\/p>\n<p>&nbsp;<\/p>\n<p>Soldados na fronte, a salvar<\/p>\n<p>A honra de governantes e oligarcas.<\/p>\n<p>Quando o que resta da guerra s\u00e3o sonhos perdidos<\/p>\n<p>Sem v\u00edtimas, nem povo, apenas n\u00fameros.<\/p>\n<p>&nbsp;<\/p>\n<p>Soldados mortos s\u00e3o contados como criaturas,<\/p>\n<p>Mas na hist\u00f3ria, meros n\u00fameros se tornam.<\/p>\n<p>Permitem aos usufruidores do poder<\/p>\n<p>Aparecer em cerim\u00f3nias e cemit\u00e9rios,<\/p>\n<p>Com rostos sombrios, afirmando-se<\/p>\n<p>E lavando as m\u00e3os, como Pilatos,<\/p>\n<p>Das novas v\u00edtimas da guerra,<\/p>\n<p>Captando o povo para novas guerras.<\/p>\n<p>&nbsp;<\/p>\n<p>Deixaram de ser pessoas,<\/p>\n<p>Para passarem a soldados,<\/p>\n<p>N\u00e3o para defender a p\u00e1tria amea\u00e7ada,<\/p>\n<p>Mas para proteger ataques preparados externamente.<\/p>\n<p>&nbsp;<\/p>\n<p>Num mundo dilacerado pela guerra,<\/p>\n<p>Irradia a dureza que nos adoece.<\/p>\n<p>(Rascunho)<\/p>\n<p>&nbsp;<\/p>\n<p><strong>Ant\u00f3nio da Cunha Duarte Justo<\/strong><\/p>\n<p>Pegadas do Tempo<\/p>\n","protected":false},"excerpt":{"rendered":"<p>SOLDADOS DA GUERRA QUE DO POVO N\u00c3O! \u00a0 De \u00f3rg\u00e3o em riste, marchando adiante, D\u00e3o a vida na guerra, num passo errante, Em nome de p\u00e1trias que foram roubadas, Por for\u00e7as cru\u00e9is, a serem desonradas. &nbsp; Soldados na fronte, a honra a salvar, De oligarcas e regentes, prontos a guerrear. Tudo que resta s\u00e3o frios &hellip; <a href=\"https:\/\/antonio-justo.eu\/?p=9354\" class=\"more-link\">Continuar a ler <span class=\"screen-reader-text\">SOLDADOS DA GUERRA<\/span><\/a><\/p>\n","protected":false},"author":1,"featured_media":0,"comment_status":"open","ping_status":"open","sticky":false,"template":"","format":"standard","meta":{"sfsi_plus_gutenberg_text_before_share":"","sfsi_plus_gutenberg_show_text_before_share":"","sfsi_plus_gutenberg_icon_type":"","sfsi_plus_gutenberg_icon_alignemt":"","sfsi_plus_gutenburg_max_per_row":"","footnotes":""},"categories":[3,15,14,4,5,6,7,8,16],"tags":[],"class_list":["post-9354","post","type-post","status-publish","format-standard","hentry","category-arte","category-cultura","category-economia","category-educacao","category-escola","category-migracao","category-politica","category-religiao","category-sociedade"],"_links":{"self":[{"href":"https:\/\/antonio-justo.eu\/index.php?rest_route=\/wp\/v2\/posts\/9354","targetHints":{"allow":["GET"]}}],"collection":[{"href":"https:\/\/antonio-justo.eu\/index.php?rest_route=\/wp\/v2\/posts"}],"about":[{"href":"https:\/\/antonio-justo.eu\/index.php?rest_route=\/wp\/v2\/types\/post"}],"author":[{"embeddable":true,"href":"https:\/\/antonio-justo.eu\/index.php?rest_route=\/wp\/v2\/users\/1"}],"replies":[{"embeddable":true,"href":"https:\/\/antonio-justo.eu\/index.php?rest_route=%2Fwp%2Fv2%2Fcomments&post=9354"}],"version-history":[{"count":5,"href":"https:\/\/antonio-justo.eu\/index.php?rest_route=\/wp\/v2\/posts\/9354\/revisions"}],"predecessor-version":[{"id":9395,"href":"https:\/\/antonio-justo.eu\/index.php?rest_route=\/wp\/v2\/posts\/9354\/revisions\/9395"}],"wp:attachment":[{"href":"https:\/\/antonio-justo.eu\/index.php?rest_route=%2Fwp%2Fv2%2Fmedia&parent=9354"}],"wp:term":[{"taxonomy":"category","embeddable":true,"href":"https:\/\/antonio-justo.eu\/index.php?rest_route=%2Fwp%2Fv2%2Fcategories&post=9354"},{"taxonomy":"post_tag","embeddable":true,"href":"https:\/\/antonio-justo.eu\/index.php?rest_route=%2Fwp%2Fv2%2Ftags&post=9354"}],"curies":[{"name":"wp","href":"https:\/\/api.w.org\/{rel}","templated":true}]}}