{"id":9337,"date":"2024-06-07T19:55:56","date_gmt":"2024-06-07T18:55:56","guid":{"rendered":"https:\/\/antonio-justo.eu\/?p=9337"},"modified":"2024-06-08T10:10:03","modified_gmt":"2024-06-08T09:10:03","slug":"europa-em-eleicoes-num-momento-de-reflexao-e-de-viragem","status":"publish","type":"post","link":"https:\/\/antonio-justo.eu\/?p=9337","title":{"rendered":"EUROPA EM ELEI\u00c7\u00d5ES EM TEMPOS DE CRISE E DE VIRAGEM"},"content":{"rendered":"<p style=\"text-align: center;\"><strong>Tentativa falhada de construir uma Sociedade aberta sem contar com o pr\u00f3prio Povo?<\/strong><\/p>\n<p><strong>A \u00fanica institui\u00e7\u00e3o da Uni\u00e3o Europeia (EU) legitimada democraticamente \u00e9 o Parlamento Europeu e da\u00ed a import\u00e2ncia de fortalec\u00ea-lo participando nas elei\u00e7\u00f5es.<\/strong><\/p>\n<p><strong>Pela observa\u00e7\u00e3o das constela\u00e7\u00f5es partid\u00e1rias na concorr\u00eancia pelo poder, tudo leva a indicar que os novos assentos no parlamento ir\u00e3o desestabilizar a ala esquerda que at\u00e9 agora influenciava mais os destinos da Europa.<\/strong><\/p>\n<p><strong>Von der Leyen, atual Presidente da Comiss\u00e3o Europeia desde 2019, j\u00e1 reagiu \u00e0s sondagens e para assegurar a sua reelei\u00e7\u00e3o de Presidente viu-se obrigada a cortejar Georgia Meloni (chefe do governo italiano, que \u00e9 contra o aborto), porque conta que o poder no parlamento se deslocar\u00e1 para a direita.<\/strong><\/p>\n<p><strong>A causa da direita estar a afirmar-se em rela\u00e7\u00e3o \u00e0 esquerda n\u00e3o se deve ao extremismo mas \u00e0 necessidade de corre\u00e7\u00e3o de pol\u00edticas que h\u00e1 dezenas de anos t\u00eam determinado as atitudes dos governos na Europa.<\/strong> O mais estranho \u00e9 o facto de as chamadas extremas direitas se encontrarem mais activas nas pot\u00eancias europeias. Marine Le Pen na Fran\u00e7a,\u00a0 Georgia Meloni na It\u00e1lia\u00a0 a AfD na Alemanha encontram-se de vento em popa; de notar por\u00e9m que na Alemanha a AfD recebeu concorr\u00eancia do partido BSW de Sahra Wagenknecht (1) de origem esquerda mas que assumiu alguns pontos cr\u00edticos da chamada extrema-direita, o que poder\u00e1 evitar que a AfD se afirme como segundo partido para se situar\u00a0 ao n\u00edvel do SPD, depois do previs\u00edvel vencedor CDU\/CSU.<\/p>\n<p>Governantes europeus ao deixarem-se orientar por agendas globalistas e ao deixarem-se envolver acriticamente na guerra da Ucr\u00e2nia confirmaram a ideia do povo de que a Uni\u00e3o Europeia n\u00e3o passa de executor do programa militar da NATO e dos interesses econ\u00f3micos dos EUA descurando, para isso, os interesses europeus.<\/p>\n<p><strong>Um projeto europeu, de conota\u00e7\u00e3o militarista, surgido tardiamente e \u00e0 sombra dos Estados Unidos contra a R\u00fassia, encontra-se na mesma linha que criou as condi\u00e7\u00f5es para os actuais movimentos de contesta\u00e7\u00e3o<\/strong>. Isto prolongar\u00e1 a crise econ\u00f3mico-socio-politica dado o que vai surgir na arena pol\u00edtica europeia se orientar em termos de lutas dos partidos pelo poder e n\u00e3o na luta pol\u00edtica por uma pol\u00edtica partid\u00e1ria de caracter complementar.<\/p>\n<p>Na atual fase da campanha para as europeias observa-se maior irrita\u00e7\u00e3o e preocupa\u00e7\u00e3o dos partidos do arco do poder por assegurar o pr\u00f3prio poder, recorrendo at\u00e9 \u00e0 difama\u00e7\u00e3o dos concorrentes, do que verdadeiro empenho respons\u00e1vel em dar resposta \u00e0s necessidades dos cidad\u00e3os. Os temas de discuss\u00e3o n\u00e3o contemplam conte\u00fados importantes para darem oportunidade \u00e0 apolog\u00e9tica de interesse partid\u00e1rio.<\/p>\n<p>Um certo nacionalismo que se observa na ac\u00e7\u00e3o pol\u00edtica da direita \u00e9 explic\u00e1vel como reac\u00e7\u00e3o ao demasiado internacionalismo que conduz os interesses governantes que sacrificam valores culturais tradicionais em favor de uma pol\u00edtica de esquerda unilateral.<\/p>\n<p><strong>Os conservadores pretendem que a Uni\u00e3o Europeia restitua compet\u00eancias e poderes soberanos aos estados membros e que a Europa se governe por interesses pr\u00f3prios no sentido de se ganhar peso geopol\u00edtico num mundo que se encontra na fase de passar da unipolaridade mundial regida pelos EUA para a fase da multipolaridade de blocos globais<\/strong>.<\/p>\n<p><strong>A n\u00edvel cultural os conservadores manifestam-se contra a introdu\u00e7\u00e3o do aborto (IVG) no c\u00f3digo dos direitos humanos (pol\u00edticas pr\u00f3-abortivas que fortalecem o enfraquecimento demogr\u00e1fico do pr\u00f3prio pa\u00eds e fomentam ainda mais a necessidade de fortalecer a imigra\u00e7\u00e3o);<\/strong> <strong>um outro ponto crucial \u00e9 o envolvimento europeu na guerra da Ucr\u00e2nia, contra o poder que institui\u00e7\u00f5es n\u00e3o legitimadas democraticamente\u00a0 terem o poder de impor aos Estados\u00a0 agendas tanto a n\u00edvel militar (NATO), a n\u00edvel de sa\u00fade (OMS) como de educa\u00e7\u00e3o (degrada\u00e7\u00e3o da qualidade de ensino em benef\u00edcio de ideologiza\u00e7\u00e3o). <\/strong><\/p>\n<p><strong>A polariza\u00e7\u00e3o do discurso p\u00fablico em termos de op\u00e7\u00f5es \u00fanicas Ocidente ou a R\u00fassia obrigam a ignorar interesses de compromisso que favoreceriam a perspetiva europeia<\/strong> (Uma Europa desde Lisboa aos Urais). <strong>Isto vem-se juntar \u00e0 observa\u00e7\u00e3o de uma pol\u00edtica globalista de organiza\u00e7\u00f5es n\u00e3o eleitas que determinam as pol\u00edticas nacionais que se desejariam mais democr\u00e1ticas e de orienta\u00e7\u00e3o mais regional.<\/strong> Uma pol\u00edtica econ\u00f3mica de caracter mais humano implica colabora\u00e7\u00e3o com todos e n\u00e3o afirma\u00e7\u00e3o \u00e0 custa de algu\u00e9m!<\/p>\n<p>A Europa balanceia insegura num momento em que precisaria de um correctivo em defesa dos interesses da Europa e n\u00e3o apenas de um bloco ocidental querido hegem\u00f3nico, mas que se encontra em grande crise. Numa era de caracter multipolar urge a colabora\u00e7\u00e3o a n\u00edvel de todos os parceiros e n\u00e3o uma atmosfera de advers\u00e1rios criada.<\/p>\n<p><strong>A Uni\u00e3o Europeia merecer\u00e1 ser restaurada e afirmada no sentido de seguir em frente sem se perderem as pegadas do Cristianismo que possibilitou a forma\u00e7\u00e3o da Europa come\u00e7ada propriamente com Carlos Magno no ano 800.<\/strong><\/p>\n<p>A Europa encontra-se num momento de autorreflex\u00e3o e de nova orienta\u00e7\u00e3o que n\u00e3o deve ser difamado pelas for\u00e7as da fam\u00edlia socialista da EU pois a Europa tem lugar para todos e precisa de todos. <strong>Para isso a Europa n\u00e3o pode ser medida apenas pela afirma\u00e7\u00e3o dos interesses do capitalismo liberalista (muito embora o poder econ\u00f3mico seja o factor determinante do desenvolvimento e do comportamento dos povos) nem do poder socialista;<\/strong> \u00e9 necess\u00e1rio salvaguardar a cultura que pressup\u00f5e respeito pela tradi\u00e7\u00e3o e integra\u00e7\u00e3o do novo nela para que se possa tornar numa tradi\u00e7\u00e3o que garanta sustentabilidade..<\/p>\n<p><strong>Desde os anos 60 o progressismo tem-se afirmado demasiadamente sem ter em conta que para tal ele precisaria do tapete conservador (tradi\u00e7\u00e3o) que o suporte (Torna-se ilus\u00f3rio querer transformar uma cultura num constructo sem povo!). S\u00f3 uma consci\u00eancia humanista, solid\u00e1ria e de consci\u00eancia complementar poder\u00e3o dar resposta a um futuro est\u00e1vel e aberto.<\/strong><\/p>\n<p><strong>Estamos todos no mesmo barco onde o l\u00f3gico seria entender-se e aceitar-se uns aos outros, quando pelo contr\u00e1rio com tanto barulho que fazemos, nem chegamos a perceber para onde o barco vai. <\/strong><\/p>\n<p>A impress\u00e3o que se chega a ter da sociedade \u00e9 que as pessoas est\u00e3o sempre a ser mantidas sob r\u00e9dea curta, com quest\u00f5es como o coronav\u00edrus, a guerra na Ucr\u00e2nia e agora a guerra em Gaza. Perante isto \u00e9 importante adotar-se uma atitude distanciada em rela\u00e7\u00e3o \u00e0quilo que se ouve ou v\u00ea e que n\u00e3o se pode controlar, seria prejudicial e tr\u00e1gico se nos identific\u00e1ssemos com essas coisas de maneira a perdermos a calma interior e a perdermos\u00a0 o sono. Geralmente o que \u00e9 apresentado s\u00e3o interesses de grupos e n\u00e3o o interesse das pessoas.<\/p>\n<p>&nbsp;<\/p>\n<p><strong>Ant\u00f3nio da Cunha Duarte Justo<\/strong><\/p>\n<p>Pegadas do Tempo<\/p>\n<p>(1)\u00a0 <span class=\"HwtZe\" lang=\"pt\">Sahra Wagenknecht inaugurou um novo estilo pol\u00edtico onde o shargon da esquerda ou da direita n\u00e3o ser\u00e1 mais tomado a s\u00e9rio por gente de pensar diferenciado. O que se passar\u00e1 mais a aplicar \u00e9 a raz\u00e3o transversal de esquerda e de direita. Os tempos de pura ideologia est\u00e3o lentamente a tornar-se uma coisa do passado!<\/span><\/p>\n","protected":false},"excerpt":{"rendered":"<p>Tentativa falhada de construir uma Sociedade aberta sem contar com o pr\u00f3prio Povo? A \u00fanica institui\u00e7\u00e3o da Uni\u00e3o Europeia (EU) legitimada democraticamente \u00e9 o Parlamento Europeu e da\u00ed a import\u00e2ncia de fortalec\u00ea-lo participando nas elei\u00e7\u00f5es. Pela observa\u00e7\u00e3o das constela\u00e7\u00f5es partid\u00e1rias na concorr\u00eancia pelo poder, tudo leva a indicar que os novos assentos no parlamento ir\u00e3o &hellip; <a href=\"https:\/\/antonio-justo.eu\/?p=9337\" class=\"more-link\">Continuar a ler <span class=\"screen-reader-text\">EUROPA EM ELEI\u00c7\u00d5ES EM TEMPOS DE CRISE E DE VIRAGEM<\/span><\/a><\/p>\n","protected":false},"author":1,"featured_media":0,"comment_status":"open","ping_status":"open","sticky":false,"template":"","format":"standard","meta":{"sfsi_plus_gutenberg_text_before_share":"","sfsi_plus_gutenberg_show_text_before_share":"","sfsi_plus_gutenberg_icon_type":"","sfsi_plus_gutenberg_icon_alignemt":"","sfsi_plus_gutenburg_max_per_row":"","footnotes":""},"categories":[3,15,14,4,5,6,7,8,16],"tags":[],"class_list":["post-9337","post","type-post","status-publish","format-standard","hentry","category-arte","category-cultura","category-economia","category-educacao","category-escola","category-migracao","category-politica","category-religiao","category-sociedade"],"_links":{"self":[{"href":"https:\/\/antonio-justo.eu\/index.php?rest_route=\/wp\/v2\/posts\/9337","targetHints":{"allow":["GET"]}}],"collection":[{"href":"https:\/\/antonio-justo.eu\/index.php?rest_route=\/wp\/v2\/posts"}],"about":[{"href":"https:\/\/antonio-justo.eu\/index.php?rest_route=\/wp\/v2\/types\/post"}],"author":[{"embeddable":true,"href":"https:\/\/antonio-justo.eu\/index.php?rest_route=\/wp\/v2\/users\/1"}],"replies":[{"embeddable":true,"href":"https:\/\/antonio-justo.eu\/index.php?rest_route=%2Fwp%2Fv2%2Fcomments&post=9337"}],"version-history":[{"count":9,"href":"https:\/\/antonio-justo.eu\/index.php?rest_route=\/wp\/v2\/posts\/9337\/revisions"}],"predecessor-version":[{"id":9346,"href":"https:\/\/antonio-justo.eu\/index.php?rest_route=\/wp\/v2\/posts\/9337\/revisions\/9346"}],"wp:attachment":[{"href":"https:\/\/antonio-justo.eu\/index.php?rest_route=%2Fwp%2Fv2%2Fmedia&parent=9337"}],"wp:term":[{"taxonomy":"category","embeddable":true,"href":"https:\/\/antonio-justo.eu\/index.php?rest_route=%2Fwp%2Fv2%2Fcategories&post=9337"},{"taxonomy":"post_tag","embeddable":true,"href":"https:\/\/antonio-justo.eu\/index.php?rest_route=%2Fwp%2Fv2%2Ftags&post=9337"}],"curies":[{"name":"wp","href":"https:\/\/api.w.org\/{rel}","templated":true}]}}