{"id":9249,"date":"2024-05-19T17:18:41","date_gmt":"2024-05-19T16:18:41","guid":{"rendered":"https:\/\/antonio-justo.eu\/?p=9249"},"modified":"2024-05-19T18:55:07","modified_gmt":"2024-05-19T17:55:07","slug":"pentecostes-e-o-dia-do-espirito-santo","status":"publish","type":"post","link":"https:\/\/antonio-justo.eu\/?p=9249","title":{"rendered":"PENTECOSTES \u00c9 O DIA DO ESP\u00cdRITO SANTO"},"content":{"rendered":"<p><strong>Pentecostes \u00e9 a festa do Esp\u00edrito Santo, que em termos hodiernos se poderia tamb\u00e9m dizer que \u00e9 a festa em que se celebra a proclama\u00e7\u00e3o da democratiza\u00e7\u00e3o do esp\u00edrito divino, o sopro da vida, que se encontra, mais ou menos encoberto, no \u00e2mago da pessoa. <\/strong><\/p>\n<p>Com ela expressa-se a esperan\u00e7a de uma nova era de irmandade e paz entre os seres humanos.<\/p>\n<p><strong>Para os crist\u00e3os com o acontecimento do Pentecostes d\u00e1-se o nascimento oficial da igreja e o in\u00edcio da miss\u00e3o de evangeliza\u00e7\u00e3o. <\/strong><\/p>\n<p><strong>Em termos generalizados e abrangentes simb\u00f3licos, poder-se-ia dizer que o Esp\u00edrito Santo \u00e9 uma for\u00e7a ou energia (presen\u00e7a) divina que actua no mundo e na pessoa de modo a inspirar, orientar e transformar a pessoa, capacitando-a a ir realizando o prot\u00f3tipo do Homem e da humanidade que \u00e9 Jesus Cristo.<\/strong><\/p>\n<p><strong>Na tradi\u00e7\u00e3o crist\u00e3,<\/strong> <strong>o Esp\u00edrito Santo ou Par\u00e1clito (guia e consolador) \u00e9 uma das tr\u00eas partes da Trindade Crist\u00e3 (divindade), ao lado de Deus Pai e do Filho, Jesus Cristo.<\/strong> <strong>O Esp\u00edrito Santo \u00e9 visto como a forma pela qual Deus est\u00e1 presente no mundo e entendido como a presen\u00e7a de Deus que atua no mundo e nas pessoas de forma invis\u00edvel e sustent\u00e1vel. \u00c9 vivenciado (na ora\u00e7\u00e3o) como guia, base do livre arb\u00edtrio, que ajuda as pessoas a tomarem boas decis\u00f5es e a terem paz (soberania individual). <\/strong>Segundo o magist\u00e9rio da Igreja o Esp\u00edrito Santo concede dons (habilidades especiais) aos crentes e produz frutos (caracter\u00edsticas como amor, alegria, paz) em suas vidas.<\/p>\n<p>Os Actos dos Ap\u00f3stolos (2:1-13) descrevem: \u201cAo cumprir-se o dia de Pentecostes, estavam todos reunidos no mesmo lugar; de repente, veio do c\u00e9u um som, como de um vento impetuoso, e encheu toda a casa onde estavam assentados. E apareceram, distribu\u00eddas entre eles, l\u00ednguas, como de fogo, e pousou uma sobre cada um deles\u201d.<\/p>\n<p>O milagre das l\u00ednguas pretende indicar que a mensagem \u00e9 importante para o mundo inteiro. O Esp\u00edrito Santo \u00e9 muitas vezes simbolizado em forma de pomba. No batismo de Jesus, quando Jesus saiu da \u00e1gua, \u201cos c\u00e9us abriram-se e ele viu o Esp\u00edrito de Deus descer sobre ele como uma pomba\u201d.<\/p>\n<p>O Par\u00e1clito continua na pessoa e no mundo a obra de Cristo.<\/p>\n<p>O Pentecostes (expresso no rito da Confirma\u00e7\u00e3o ou Crisma) une a experi\u00eancia pessoal iniciada no rito do baptismo com a experi\u00eancia espiritual tida a n\u00edvel de comunidade eclesial (disc\u00edpulos). O sacramento da confirma\u00e7\u00e3o \u00e9 a confirma\u00e7\u00e3o do baptismo infantil j\u00e1 percepcionado de forma consciente e adulta implicando o envolvimento experiencial no sentido espiritual humano.<\/p>\n<p>O esp\u00edrito democr\u00e1tico j\u00e1 se encontrava na Igreja, pelo baptismo e na presen\u00e7a do esp\u00edrito santo presente em todos, antes de aparecer na sociedade pol\u00edtica ecivil europeia. S\u00f3 que os poderes das institui\u00e7\u00f5es, por vezes, tiram muito do poder aos membros para o poderem redistribuir \u00e0 sua maneira.<\/p>\n<p>As festas mais importantes da cristandade s\u00e3o Natal, P\u00e1scoa e Pentecostes e por isso na Alemanha se celebra cada uma delas com dois feriados nacionais. O Pentecostes \u00e9 celebrado 50 dias depois da P\u00e1scoa e 10 dias depois da Ascens\u00e3o.<\/p>\n<p>Numa altura em que os bons esp\u00edritos parecem querer abandonar a Europa, o Pentecostes seria uma boa oportunidade para reflectir sobre a renova\u00e7\u00e3o do esp\u00edrito no seu sentido original.<\/p>\n<p><strong>Ant\u00f3nio da Cunha Duarte Justo<\/strong><\/p>\n<p>Pegadas do Tempo<\/p>\n","protected":false},"excerpt":{"rendered":"<p>Pentecostes \u00e9 a festa do Esp\u00edrito Santo, que em termos hodiernos se poderia tamb\u00e9m dizer que \u00e9 a festa em que se celebra a proclama\u00e7\u00e3o da democratiza\u00e7\u00e3o do esp\u00edrito divino, o sopro da vida, que se encontra, mais ou menos encoberto, no \u00e2mago da pessoa. Com ela expressa-se a esperan\u00e7a de uma nova era de &hellip; <a href=\"https:\/\/antonio-justo.eu\/?p=9249\" class=\"more-link\">Continuar a ler <span class=\"screen-reader-text\">PENTECOSTES \u00c9 O DIA DO ESP\u00cdRITO SANTO<\/span><\/a><\/p>\n","protected":false},"author":1,"featured_media":0,"comment_status":"open","ping_status":"open","sticky":false,"template":"","format":"standard","meta":{"sfsi_plus_gutenberg_text_before_share":"","sfsi_plus_gutenberg_show_text_before_share":"","sfsi_plus_gutenberg_icon_type":"","sfsi_plus_gutenberg_icon_alignemt":"","sfsi_plus_gutenburg_max_per_row":"","footnotes":""},"categories":[15,8,16],"tags":[],"class_list":["post-9249","post","type-post","status-publish","format-standard","hentry","category-cultura","category-religiao","category-sociedade"],"_links":{"self":[{"href":"https:\/\/antonio-justo.eu\/index.php?rest_route=\/wp\/v2\/posts\/9249","targetHints":{"allow":["GET"]}}],"collection":[{"href":"https:\/\/antonio-justo.eu\/index.php?rest_route=\/wp\/v2\/posts"}],"about":[{"href":"https:\/\/antonio-justo.eu\/index.php?rest_route=\/wp\/v2\/types\/post"}],"author":[{"embeddable":true,"href":"https:\/\/antonio-justo.eu\/index.php?rest_route=\/wp\/v2\/users\/1"}],"replies":[{"embeddable":true,"href":"https:\/\/antonio-justo.eu\/index.php?rest_route=%2Fwp%2Fv2%2Fcomments&post=9249"}],"version-history":[{"count":4,"href":"https:\/\/antonio-justo.eu\/index.php?rest_route=\/wp\/v2\/posts\/9249\/revisions"}],"predecessor-version":[{"id":9253,"href":"https:\/\/antonio-justo.eu\/index.php?rest_route=\/wp\/v2\/posts\/9249\/revisions\/9253"}],"wp:attachment":[{"href":"https:\/\/antonio-justo.eu\/index.php?rest_route=%2Fwp%2Fv2%2Fmedia&parent=9249"}],"wp:term":[{"taxonomy":"category","embeddable":true,"href":"https:\/\/antonio-justo.eu\/index.php?rest_route=%2Fwp%2Fv2%2Fcategories&post=9249"},{"taxonomy":"post_tag","embeddable":true,"href":"https:\/\/antonio-justo.eu\/index.php?rest_route=%2Fwp%2Fv2%2Ftags&post=9249"}],"curies":[{"name":"wp","href":"https:\/\/api.w.org\/{rel}","templated":true}]}}