{"id":9216,"date":"2024-05-03T19:09:35","date_gmt":"2024-05-03T18:09:35","guid":{"rendered":"https:\/\/antonio-justo.eu\/?p=9216"},"modified":"2024-05-05T12:13:28","modified_gmt":"2024-05-05T11:13:28","slug":"manifestacao-islamista-em-hamburgo-contra-os-valores-ocidentais","status":"publish","type":"post","link":"https:\/\/antonio-justo.eu\/?p=9216","title":{"rendered":"MANIFESTA\u00c7\u00c3O ISLAMISTA EM HAMBURGO CONTRA OS VALORES OCIDENTAIS"},"content":{"rendered":"<p style=\"text-align: center;\"><strong>Reivindica\u00e7\u00e3o de Teocracia como Forma de Incurs\u00e3o?<\/strong><\/p>\n<p><strong>A marcha isl\u00e2mica de 27 de abril em Hamburgo<\/strong> <strong>reuniu mais de 1000 manifestantes com dizeres como: \u201cAlemanha = valores da ditadura&#8221; e o \u201eCalifado \u00e9 a solu\u00e7\u00e3o&#8221;(1)!<\/strong><\/p>\n<p>A disputa contra a ofensiva islamista na Europa encontra os seus limites na pr\u00f3pria doutrina isl\u00e2mica e nos interesses ideol\u00f3gicos partid\u00e1rios empenhados em ganhar clientela e em concretizar agendas contrariadoras da opini\u00e3o maiorit\u00e1ria. Por isso no que toca \u00e0s palavras dos pol\u00edticos vale o ditado de Lutero: \u201cMuitas palavras, pouca ora\u00e7\u00e3o\u201d!<\/p>\n<p><strong>Os governantes, al\u00e9m do mais, n\u00e3o agem porque n\u00e3o se interessam em conhecer a doutrina isl\u00e2mica que se encontra no Cor\u00e3o + Sharia + Ditos e Feitos de Maom\u00e9 (os Ahadith) e que impede at\u00e9 os pr\u00f3prios mu\u00e7ulmanos liberais de se insurgirem em p\u00fablico contra o extremismo isl\u00e2mico.<\/strong><\/p>\n<p><strong>Embora precisemos da alteridade e do estranho para moldar o nosso eu, n\u00e3o precisamos de abrir m\u00e3o do nosso n\u00f3s para fazer isso. A agenda anglo-sax\u00f3nica, que nos domina tamb\u00e9m atrav\u00e9s de agendas provindas da ONU onde se esconde a inten\u00e7\u00e3o de desconstruir a cultura ocidental e em especial o catolicismo (na qualidade de institui\u00e7\u00e3o global), favorece agendas pol\u00edticas sob a orienta\u00e7\u00e3o de minorias contra qualquer consenso.<\/strong> <strong>A democracia est\u00e1 a ser querida ao servi\u00e7o das minorias contra a maioria, segundo o padr\u00e3o de pensamento do mundo anglo-sax\u00f3nico secundado pelo socialismo.<\/strong> A Alemanha mostra isto de modo exemplar principalmente com a aplica\u00e7\u00e3o da ideologia dos Verdes no programa da coliga\u00e7\u00e3o governamental. Tamb\u00e9m no que diz respeito \u00e0 manifesta\u00e7\u00e3o islamista se mostram coniventes ao renunciarem a participar em aconselhamento interpartid\u00e1rio sobre medidas a tomar contra os atuantes na manifesta\u00e7\u00e3o.<\/p>\n<p>Numa altura em que os mu\u00e7ulmanos pretendem que nas cidades alem\u00e3s haja ilumina\u00e7\u00f5es das ruas das cidades no tempo do Ramad\u00e3o, tal como acontece na cultura crist\u00e3 na \u00e9poca do Natal, estas e outras actividades islamistas desacreditam as autoridades camar\u00e1rias que j\u00e1 determinaram haver ilumina\u00e7\u00e3o no tempo do Ramad\u00e3o.<\/p>\n<p><strong>Mu\u00e7ulmanos que se sentem moralmente superiores n\u00e3o hesitam em defender a luta contra a ordem b\u00e1sica democr\u00e1tica livre e contra o estado constitucional. Segundo sondagens feitas num dos Estados da RFA, 49% dos alunos isl\u00e2micos preferem o Califado = teocracia ao sistema de valores europeus (2)! Embora tendo raz\u00f5es factuais para serem cr\u00edticos perante o sistema ocidental, como cidad\u00e3os dele, \u00e9 incoerente repeli-lo.<\/strong><\/p>\n<p>Na Europa e em especial na Alemanha assiste-se \u00e0 infiltra\u00e7\u00e3o de associa\u00e7\u00f5es de mesquitas como Ditib nas institui\u00e7\u00f5es escolares para que o fascismo isl\u00e2mico seja garantido de maneira sustent\u00e1vel. O regime pol\u00edtico usa dois pesos e duas medidas no trato de partidos concorrentes ao poder pol\u00edtico e no trato de movimentos ou institui\u00e7\u00f5es isl\u00e2micas adversas \u00e0 cultura ocidental.<strong> O isl\u00e3o \u00e9 favorecido pelas elites por constituir um movimento que ajuda a abater uma sociedade maiorit\u00e1ria baseada nos valores tradicionais ocidentais. O isl\u00e3o serve os interesses delas pelo facto de a pessoa no isl\u00e3o n\u00e3o ter valor pr\u00f3prio, mas apenas na medida em que funciona em benef\u00edcio do sistema, do colectivo. <\/strong>Neste sentido torna-se incompreens\u00edvel que H\u00f6cke do partido AfD seja levado a tribunal por expressar slogans nazis e, por outro lado, isl\u00e2micos que exigem a aboli\u00e7\u00e3o da ordem constitucional da Rep\u00fablica Federal da Alemanha e a queiram ver substitu\u00edda pela desumana lei Sharia sejam tolerados por governantes e pelos Media.<\/p>\n<p>O Movimento Califado est\u00e1 proibido de operar na Alemanha desde 2003, mas age atrav\u00e9s de plataformas online como a \u201cMuslim Interaktiv\u201d. O Califado desde a morte de Maom\u00e9 em 632 \u00e9 um sistema baseado na lei isl\u00e2mica (Sharia). O Califa \u00e9 como que o deputado (substituto) de Maom\u00e9 e n\u00e3o conhece distin\u00e7\u00e3o entre poder religioso e poder secular.<\/p>\n<p><strong>Do partido FDP surgiram vozes apelando para que apoiantes do Califado (teocracia) sejam<\/strong> <strong>deportados do pa\u00eds (mas tamb\u00e9m este apelo \u00e9 em v\u00e3o dado muitos dos manifestantes terem nacionalidade alem\u00e3 ou dupla: a maioria s\u00e3o jovens).<\/strong><\/p>\n<p><strong>Uma realidade que os pol\u00edticos n\u00e3o quererem reconhecer \u00e9 o facto de a radicaliza\u00e7\u00e3o dos mu\u00e7ulmanos ser protegida e baseada no Cor\u00e3o,<\/strong> na Sahria (preceitos) e nos Ahadith (ditos e feitos de Maom\u00e9) que s\u00e3o ao mesmo tempo direito religioso e direito civil e constituem a base da orienta\u00e7\u00e3o dos mu\u00e7ulmanos no mundo. <strong>Este sistema pol\u00edtico sob forma religiosa \u00e9 t\u00e3o coerente e eficiente em si que mesmo passados s\u00e9culos s\u00e3o formadas monoculturas isl\u00e2micas ou independ\u00eancias pol\u00edticas como aconteceu no Kosovo e na Alb\u00e2nia que no s\u00e9culo XV come\u00e7ou a ser islamizada aquando da invas\u00e3o turca).<\/strong><\/p>\n<p><strong>O Islamismo est\u00e1 a espalhar-se pela Europa e n\u00e3o se limita \u00e0 determina\u00e7\u00e3o do vestu\u00e1rio nem \u00e0 imposi\u00e7\u00e3o de h\u00e1bitos alimentares nas institui\u00e7\u00f5es p\u00fablicas; ele consegue j\u00e1 determinar o que pode ou n\u00e3o ter espa\u00e7o na cabe\u00e7a das pessoas e tem grande influ\u00eancia pol\u00edtica exagerada dado ter uma representa\u00e7\u00e3o<\/strong> <strong>desproporcional nas institui\u00e7\u00f5es pol\u00edticas e sociais.<\/strong><\/p>\n<p>Os manifestantes n\u00e3o podem ser expulsos porque j\u00e1 nasceram na Alemanha tendo por isso um passaporte alem\u00e3o ou possuem dupla nacionalidade.<\/p>\n<p><strong>A amea\u00e7a dos islamistas \u00e9 negligenciada porque a luta contra o antissemitismo e contra o extremismo de direita \u00e9 considerada uma prioridade no interesse do neg\u00f3cio partid\u00e1rio<\/strong>. A vontade pol\u00edtica \u00e9 outra. Quando vozes cr\u00edticas contra os islamitas n\u00e3o se enquadram no cen\u00e1rio pol\u00edtico estas passam a ser difamadas ou a n\u00e3o ser levadas a s\u00e9rio. H\u00e1 extremistas cuja luta vale politicamente a pena combater, como a AfD porque o combate a ela (indevidamente identificada com os conservadores), reverte em benef\u00edcio dos partidos do arco do poder. A movimenta\u00e7\u00e3o das manifesta\u00e7\u00f5es de massas populares foi implementada por governantes.<\/p>\n<p>Sharia \u00e9 a doutrina isl\u00e2mica de normas constituinte da \u00e9tica isl\u00e2mica de um mu\u00e7ulmano frequentador da mesquita. Vemos isto no Ir\u00e3o e no Afeganist\u00e3o, onde a sharia se aplica. O debate sobre isto \u00e9 consensualmente indesejado pol\u00edtica e mediaticamente. Um aspecto positivo do sistema mu\u00e7ulmano no meio das massas europeias ser\u00e1 o fazer acordar a Europa para os seus valores de caracter universal.<\/p>\n<p><strong>Urge uma pol\u00edtica que respeite toda a pessoa, seja ela mu\u00e7ulmana, crist\u00e3, budista, etc., e que respeite os direitos da maioria e assuma responsabilidade no que toca \u00e0 defesa da cultura ocidental que deu origem aos direitos humanos expressos tamb\u00e9m na democracia aberta. O pensar politicamente correcto explora a contradi\u00e7\u00e3o ao inverter a realidade dando primazia a grupos minorit\u00e1rios e desrespeitando as maiorias populacionais (inverte a ordem das coisas ao colocar a excep\u00e7\u00e3o em primeiro lugar e a regra em segundo. A toler\u00e2ncia, o bom gosto e o crit\u00e9rio querem-se revers\u00edveis e transversais!<\/strong><\/p>\n<p><strong>Ant\u00f3nio CD Justo<\/strong><\/p>\n<p>Pegadas do Tempo<\/p>\n<p><strong>(1) \u00a0<\/strong><strong><a href=\"https:\/\/www-ndr-de.translate.goog\/nachrichten\/hamburg\/Nach-Islamisten-Demo-in-Hamburg-Forderungen-nach-Konsequenzen,musliminteraktiv102.html?_x_tr_sl=de&amp;_x_tr_tl=pt&amp;_x_tr_hl=pt-PT&amp;_x_tr_pto=sc\">https:\/\/www-ndr-de.translate.goog\/nachrichten\/hamburg\/Nach-Islamisten-Demo-in-Hamburg-Forderungen-nach-Konsequenzen,musliminteraktiv102.html?_x_tr_sl=de&amp;_x_tr_tl=pt&amp;_x_tr_hl=pt-PT&amp;_x_tr_pto=sc<\/a> <\/strong><\/p>\n<p><strong>(2) <\/strong><a href=\"https:\/\/www.youtube.com\/watch?v=orlsR_v_jBw\"><strong>https:\/\/www.youtube.com\/watch?v=orlsR_v_jBw<\/strong><\/a><\/p>\n","protected":false},"excerpt":{"rendered":"<p>Reivindica\u00e7\u00e3o de Teocracia como Forma de Incurs\u00e3o? A marcha isl\u00e2mica de 27 de abril em Hamburgo reuniu mais de 1000 manifestantes com dizeres como: \u201cAlemanha = valores da ditadura&#8221; e o \u201eCalifado \u00e9 a solu\u00e7\u00e3o&#8221;(1)! A disputa contra a ofensiva islamista na Europa encontra os seus limites na pr\u00f3pria doutrina isl\u00e2mica e nos interesses ideol\u00f3gicos &hellip; <a href=\"https:\/\/antonio-justo.eu\/?p=9216\" class=\"more-link\">Continuar a ler <span class=\"screen-reader-text\">MANIFESTA\u00c7\u00c3O ISLAMISTA EM HAMBURGO CONTRA OS VALORES OCIDENTAIS<\/span><\/a><\/p>\n","protected":false},"author":1,"featured_media":0,"comment_status":"open","ping_status":"open","sticky":false,"template":"","format":"standard","meta":{"sfsi_plus_gutenberg_text_before_share":"","sfsi_plus_gutenberg_show_text_before_share":"","sfsi_plus_gutenberg_icon_type":"","sfsi_plus_gutenberg_icon_alignemt":"","sfsi_plus_gutenburg_max_per_row":"","footnotes":""},"categories":[15,4,5,6,7,8,16],"tags":[],"class_list":["post-9216","post","type-post","status-publish","format-standard","hentry","category-cultura","category-educacao","category-escola","category-migracao","category-politica","category-religiao","category-sociedade"],"_links":{"self":[{"href":"https:\/\/antonio-justo.eu\/index.php?rest_route=\/wp\/v2\/posts\/9216","targetHints":{"allow":["GET"]}}],"collection":[{"href":"https:\/\/antonio-justo.eu\/index.php?rest_route=\/wp\/v2\/posts"}],"about":[{"href":"https:\/\/antonio-justo.eu\/index.php?rest_route=\/wp\/v2\/types\/post"}],"author":[{"embeddable":true,"href":"https:\/\/antonio-justo.eu\/index.php?rest_route=\/wp\/v2\/users\/1"}],"replies":[{"embeddable":true,"href":"https:\/\/antonio-justo.eu\/index.php?rest_route=%2Fwp%2Fv2%2Fcomments&post=9216"}],"version-history":[{"count":4,"href":"https:\/\/antonio-justo.eu\/index.php?rest_route=\/wp\/v2\/posts\/9216\/revisions"}],"predecessor-version":[{"id":9222,"href":"https:\/\/antonio-justo.eu\/index.php?rest_route=\/wp\/v2\/posts\/9216\/revisions\/9222"}],"wp:attachment":[{"href":"https:\/\/antonio-justo.eu\/index.php?rest_route=%2Fwp%2Fv2%2Fmedia&parent=9216"}],"wp:term":[{"taxonomy":"category","embeddable":true,"href":"https:\/\/antonio-justo.eu\/index.php?rest_route=%2Fwp%2Fv2%2Fcategories&post=9216"},{"taxonomy":"post_tag","embeddable":true,"href":"https:\/\/antonio-justo.eu\/index.php?rest_route=%2Fwp%2Fv2%2Ftags&post=9216"}],"curies":[{"name":"wp","href":"https:\/\/api.w.org\/{rel}","templated":true}]}}