{"id":9189,"date":"2024-04-19T22:31:52","date_gmt":"2024-04-19T21:31:52","guid":{"rendered":"https:\/\/antonio-justo.eu\/?p=9189"},"modified":"2024-04-26T16:56:17","modified_gmt":"2024-04-26T15:56:17","slug":"lei-da-autodeterminacao-mais-um-passo-na-decomposicao-da-personalide-humana-e-um-acto-de-sabotagem-cultural","status":"publish","type":"post","link":"https:\/\/antonio-justo.eu\/?p=9189","title":{"rendered":"LEI DA AUTODETERMINA\u00c7\u00c3O &#8211; MAIS UM PASSO \u00a0NA DECOMPOSI\u00c7\u00c3O DA PERSONALIDE HUMANA E UM ACTO DE SABOTAGEM CULTURAL"},"content":{"rendered":"<p style=\"text-align: center;\"><strong>O Parlamento alem\u00e3o aprovou a lei de Autodetermina\u00e7\u00e3o que possibilita anualmente uma Escolha de Sexo <\/strong><\/p>\n<p><strong>Ide\u00f3logos e poderes n\u00e3o declarados pretendem uma mudan\u00e7a de paradigma da sociedade e para tal fazem uso de agendas, de activistas, da pol\u00edtica, do direito e de novas tecnologias para estabelecerem uma nova realidade social \u2013 a sociedade plural. <\/strong><\/p>\n<p><strong>Como uma sociedade plural traz consigo conflitos sociais, para se evitarem reivindica\u00e7\u00f5es sociais est\u00e1 em via uma pol\u00edtica de informa\u00e7\u00e3o (formata\u00e7\u00e3o social) no sentido de ser modelada uma nova consci\u00eancia social de modo a ser anonimizada mediante um procedimento de despersonaliza\u00e7\u00e3o.<\/strong><\/p>\n<p>Por estas e por outras verifica-se que o Estado, em cumprimento de agendas superiores, est\u00e1 empenhado at\u00e9 na pr\u00f3pria deslegitima\u00e7\u00e3o que leva a uma autodestrui\u00e7\u00e3o legitimadora da forma\u00e7\u00e3o de supraestruturas globais. A velha gera\u00e7\u00e3o dos governantes est\u00e1, \u00e0 margem das popula\u00e7\u00f5es, a ser transformada paulatinamente numa nova gera\u00e7\u00e3o de meros administradores e aplicadores de agendas e de diretrizes superiores.<\/p>\n<p><strong>Mais uma medida no sentido de nos tirarem a identidade para ficarmos \u00e0 disposi\u00e7\u00e3o dos donos disto tudo. <\/strong>Querem levar-nos \u00e0 apatia, do j\u00e1 n\u00e3o sou eu e deste modo criar pessoas dispon\u00edveis de obedi\u00eancia cega e algum menos adaptado pode recorrer ao suic\u00eddio.<\/p>\n<p><strong>A 12 de abril de 2024, o Bundestag aprovou a Lei de Autodetermina\u00e7\u00e3o; <\/strong>independentemente do sexo os pais poder\u00e3o escolher o g\u00e9nero da crian\u00e7a at\u00e9 aos cinco anos; depois dos cinco anos come\u00e7a-se a perguntar \u00e0 crian\u00e7a se est\u00e1 de acordo;<strong> os jovens podem mudar de sexo a partir dos 14 anos,<\/strong> <strong>sem nenhuma exig\u00eancia, uma vez por ano. Podem faz\u00ea-lo<\/strong> <strong>mesmo contra a vontade dos pais,<\/strong> <strong>porque em caso de lit\u00edgio o tribunal de fam\u00edlia conceder\u00e1 a autoriza\u00e7\u00e3o e se se \u201cchamar algu\u00e9m pelo nome que os pais lhe deram pode custar-lhe ent\u00e3o uma multa at\u00e9 10 mil euros\u201d.<\/strong><\/p>\n<p><strong>A organiza\u00e7\u00e3o CitizenGO chama a aten\u00e7\u00e3o para a aberra\u00e7\u00e3o de tal lei. \u201cVivemos num pa\u00eds onde voc\u00ea pode escolher o seu sexo, mas n\u00e3o o seu sistema de aquecimento\u201d.<\/strong><\/p>\n<p><strong>Atribuem autonomia ao cidad\u00e3o at\u00e9 ao rid\u00edculo e por outro lado aumentam a sua depend\u00eancia do Poder<\/strong> <strong>e de corpora\u00e7\u00f5es a ele ligadas. <\/strong>Assim o paragrafo 9 n\u00e3o permite a aplica\u00e7\u00e3o de tal lei para assuntos de servi\u00e7o militar.<\/p>\n<p><strong>A lei<\/strong><strong> entra em vigor em 1 de novembro de 2024 se os chefes de governo dos estados federados alem\u00e3es n\u00e3o obstarem.<\/strong> O Tribunal Constitucional ainda pode derrubar a Lei de Autodetermina\u00e7\u00e3o desde que um partido apele contra a lei<strong>.<\/strong> O resultado da vota\u00e7\u00e3o no parlamento foi escasso tendo votado a favor da lei quase 51% dos deputados.<\/p>\n<p><strong>A irresponsabilidade e falta de crit\u00e9rio de muitos que nos dirigem \u00e9 tal que criam um mundo que nos transforma em meros possu\u00eddos: a pretexto de uma\u00a0extrema liberdade individual cria-se um sistema pol\u00edtico-social controlador da pr\u00f3pria consci\u00eancia humana no sentido de um determinismo orquestrado. <\/strong>O sexo j\u00e1 n\u00e3o conta sendo degradado para experi\u00eancias m\u00e9dicas que se v\u00e3o afirmando de experi\u00eancia em experi\u00eancia.<\/p>\n<p><strong>Faz parte de agendas globais quebrar a orienta\u00e7\u00e3o do indiv\u00edduo e da popula\u00e7\u00e3o. <\/strong>O que \u00e9 dado como certo \u00e9 questionado. As ideologias que prevalecem colocam em perigo n\u00e3o s\u00f3 os jovens e os adultos desprotegidos como abrem tamb\u00e9m a porta \u00e0 arbitrariedade.<\/p>\n<p><strong>Tal lei tamb\u00e9m permite a possibilidade de m\u00faltiplas personalidades porque um homem que escolhe ser mulher na Alemanha continua a ser um homem na Turquia ou noutros pa\u00edses.<\/strong><\/p>\n<p><strong>Esta das pessoas poderem mudar de sexo todos os anos vai dar oportunidade a homens e a mulheres que poder\u00e3o mudar de sexo tamb\u00e9m para escolher a pris\u00e3o de mulheres ou de homens conforme o instinto ordene. <\/strong><\/p>\n<p><strong>Segundo o sindicato da pol\u00edcia alem\u00e3, criminosos poder\u00e3o aproveitar-se desta lei para se esconderem.<\/strong><strong> Os criminosos poder\u00e3o esquivar-se de um mandado de pris\u00e3o ou limpar a ficha criminal mudando de nome.<\/strong> Isto vem de encontro aos interesses de respons\u00e1veis do partido, do governo, Os Verdes, interessados na degrada\u00e7\u00e3o n\u00e3o s\u00f3 da pessoa, mas tamb\u00e9m nacional.<\/p>\n<p>Outra poss\u00edvel consequ\u00eancia na qual a coliga\u00e7\u00e3o do governo aparentemente n\u00e3o pensou: <strong>pode ser que tenham tamb\u00e9m inadvertidamente legalizado a mutila\u00e7\u00e3o genital de raparigas com a Lei de Autodetermina\u00e7\u00e3o.<\/strong><\/p>\n<p><strong>Os governos da Uni\u00e3o Europeia encontram-se em processo de despedida da realidade.<\/strong><\/p>\n<p><strong>Ant\u00f3nio CD Justo<\/strong><\/p>\n<p><strong>Pegadas do Tempo<br \/>\n<\/strong><\/p>\n<p>&nbsp;<\/p>\n","protected":false},"excerpt":{"rendered":"<p>O Parlamento alem\u00e3o aprovou a lei de Autodetermina\u00e7\u00e3o que possibilita anualmente uma Escolha de Sexo Ide\u00f3logos e poderes n\u00e3o declarados pretendem uma mudan\u00e7a de paradigma da sociedade e para tal fazem uso de agendas, de activistas, da pol\u00edtica, do direito e de novas tecnologias para estabelecerem uma nova realidade social \u2013 a sociedade plural. Como &hellip; <a href=\"https:\/\/antonio-justo.eu\/?p=9189\" class=\"more-link\">Continuar a ler <span class=\"screen-reader-text\">LEI DA AUTODETERMINA\u00c7\u00c3O &#8211; MAIS UM PASSO \u00a0NA DECOMPOSI\u00c7\u00c3O DA PERSONALIDE HUMANA E UM ACTO DE SABOTAGEM CULTURAL<\/span><\/a><\/p>\n","protected":false},"author":1,"featured_media":0,"comment_status":"open","ping_status":"open","sticky":false,"template":"","format":"standard","meta":{"sfsi_plus_gutenberg_text_before_share":"","sfsi_plus_gutenberg_show_text_before_share":"","sfsi_plus_gutenberg_icon_type":"","sfsi_plus_gutenberg_icon_alignemt":"","sfsi_plus_gutenburg_max_per_row":"","footnotes":""},"categories":[15,4,5,6,7,16],"tags":[],"class_list":["post-9189","post","type-post","status-publish","format-standard","hentry","category-cultura","category-educacao","category-escola","category-migracao","category-politica","category-sociedade"],"_links":{"self":[{"href":"https:\/\/antonio-justo.eu\/index.php?rest_route=\/wp\/v2\/posts\/9189","targetHints":{"allow":["GET"]}}],"collection":[{"href":"https:\/\/antonio-justo.eu\/index.php?rest_route=\/wp\/v2\/posts"}],"about":[{"href":"https:\/\/antonio-justo.eu\/index.php?rest_route=\/wp\/v2\/types\/post"}],"author":[{"embeddable":true,"href":"https:\/\/antonio-justo.eu\/index.php?rest_route=\/wp\/v2\/users\/1"}],"replies":[{"embeddable":true,"href":"https:\/\/antonio-justo.eu\/index.php?rest_route=%2Fwp%2Fv2%2Fcomments&post=9189"}],"version-history":[{"count":4,"href":"https:\/\/antonio-justo.eu\/index.php?rest_route=\/wp\/v2\/posts\/9189\/revisions"}],"predecessor-version":[{"id":9193,"href":"https:\/\/antonio-justo.eu\/index.php?rest_route=\/wp\/v2\/posts\/9189\/revisions\/9193"}],"wp:attachment":[{"href":"https:\/\/antonio-justo.eu\/index.php?rest_route=%2Fwp%2Fv2%2Fmedia&parent=9189"}],"wp:term":[{"taxonomy":"category","embeddable":true,"href":"https:\/\/antonio-justo.eu\/index.php?rest_route=%2Fwp%2Fv2%2Fcategories&post=9189"},{"taxonomy":"post_tag","embeddable":true,"href":"https:\/\/antonio-justo.eu\/index.php?rest_route=%2Fwp%2Fv2%2Ftags&post=9189"}],"curies":[{"name":"wp","href":"https:\/\/api.w.org\/{rel}","templated":true}]}}