{"id":9183,"date":"2024-03-27T23:50:49","date_gmt":"2024-03-27T22:50:49","guid":{"rendered":"https:\/\/antonio-justo.eu\/?p=9183"},"modified":"2024-03-27T23:50:49","modified_gmt":"2024-03-27T22:50:49","slug":"a-direta-entrou-com-o-pe-esquerdo-no-seu-governo","status":"publish","type":"post","link":"https:\/\/antonio-justo.eu\/?p=9183","title":{"rendered":"A DIRETA ENTROU COM O P\u00c9 ESQUERDO NO SEU GOVERNO"},"content":{"rendered":"<p style=\"text-align: center;\"><strong>Presid\u00eancia da Assembleia da Rep\u00fablica \u00e0 Maneira de Geringon\u00e7a?<\/strong><\/p>\n<p>Dois partidos advers\u00e1rios (PSD e PS) dividem entre si a presid\u00eancia da AR! <strong>No teatro pol\u00edtico-partid\u00e1rio a que assistimos para a elei\u00e7\u00e3o do presidente da Assembleia da Rep\u00fablica manifestou-se como causa primeira a luta de interesses e intrigas partid\u00e1rias. \u00a0<\/strong>A cena \u00e9 indigna de um povo s\u00e9rio que esperaria menos c\u00e1lculo pol\u00edtico e menos preconceitos nos deputados em que a disciplina partid\u00e1ria se manifesta superior \u00e0 consci\u00eancia individual dos eleitos.<\/p>\n<p><strong>Temos assim numa legislatura dois presidentes da AR que se poder\u00e3o tornar numa esp\u00e9cie de cangalheiros do pr\u00f3prio governo se n\u00e3o houver compromissos que evitem tocar nos assuntos de corrup\u00e7\u00e3o sist\u00e9mica (numa esp\u00e9cie de fiabilidade de coniv\u00eancia partid\u00e1ria). Assim passa a haver uma esp\u00e9cie de concubinato pol\u00edticoentre o PSD e o PS, o que s\u00f3 prejudicar\u00e1 o PSD. <\/strong><\/p>\n<p>\u00c9 pena constatar como uns se afirmam atrav\u00e9s do caos e outros a partir do preconceito e da difama\u00e7\u00e3o.<\/p>\n<p><strong>Para enganarem o povo dizem que a rota\u00e7\u00e3o introduzida <\/strong>(primeiro PSD com Aguiar-Branco e PS em 2026 com candidato a designar)<strong> n\u00e3o \u00e9 resultado de um acordo program\u00e1tico, mas sim institucional! E isto como se a institui\u00e7\u00e3o pudesse ser responsabilizada pelos verdadeiros interesses ideol\u00f3gico-partid\u00e1rios que determinaram tal op\u00e7\u00e3o.<\/strong><\/p>\n<p>Uma outra coisa triste de ver no nosso Portugal pol\u00edtico foi o afirmarem-se uns contra os outros com base sobretudo em preconceitos.<\/p>\n<p><strong>O preconceito \u00e9 uma caracter\u00edstica comum ao humano independentemente da sua nacionalidade, partido, ideologia ou cor de pele. O pior mal que se pode enraizar numa pessoa \u00e9 a arrog\u00e2ncia. O que mais perturba \u00e9 encontrarem-se pessoas de \u201cnariz arrebitado\u201d: os donos da democracia e da verdade.<\/strong><\/p>\n<p><strong>Esta foi a hora dos partidos espera-se que chegue a hora dos portugueses. As 4 vota\u00e7\u00f5es s\u00e3o o melhor press\u00e1gio da instabilidade pol\u00edtica deste governo.<\/strong><\/p>\n<p><strong>Apesar de tudo, parab\u00e9ns e bom sucesso aos eleitos no sentido de servirem Portugal.<\/strong><\/p>\n<p><strong>Ant\u00f3nio CD Justo<\/strong><\/p>\n<p><strong>Pegadas do Tempo<\/strong><\/p>\n","protected":false},"excerpt":{"rendered":"<p>Presid\u00eancia da Assembleia da Rep\u00fablica \u00e0 Maneira de Geringon\u00e7a? Dois partidos advers\u00e1rios (PSD e PS) dividem entre si a presid\u00eancia da AR! No teatro pol\u00edtico-partid\u00e1rio a que assistimos para a elei\u00e7\u00e3o do presidente da Assembleia da Rep\u00fablica manifestou-se como causa primeira a luta de interesses e intrigas partid\u00e1rias. \u00a0A cena \u00e9 indigna de um povo &hellip; <a href=\"https:\/\/antonio-justo.eu\/?p=9183\" class=\"more-link\">Continuar a ler <span class=\"screen-reader-text\">A DIRETA ENTROU COM O P\u00c9 ESQUERDO NO SEU GOVERNO<\/span><\/a><\/p>\n","protected":false},"author":1,"featured_media":0,"comment_status":"open","ping_status":"open","sticky":false,"template":"","format":"standard","meta":{"sfsi_plus_gutenberg_text_before_share":"","sfsi_plus_gutenberg_show_text_before_share":"","sfsi_plus_gutenberg_icon_type":"","sfsi_plus_gutenberg_icon_alignemt":"","sfsi_plus_gutenburg_max_per_row":"","footnotes":""},"categories":[15,14,7,16],"tags":[],"class_list":["post-9183","post","type-post","status-publish","format-standard","hentry","category-cultura","category-economia","category-politica","category-sociedade"],"_links":{"self":[{"href":"https:\/\/antonio-justo.eu\/index.php?rest_route=\/wp\/v2\/posts\/9183","targetHints":{"allow":["GET"]}}],"collection":[{"href":"https:\/\/antonio-justo.eu\/index.php?rest_route=\/wp\/v2\/posts"}],"about":[{"href":"https:\/\/antonio-justo.eu\/index.php?rest_route=\/wp\/v2\/types\/post"}],"author":[{"embeddable":true,"href":"https:\/\/antonio-justo.eu\/index.php?rest_route=\/wp\/v2\/users\/1"}],"replies":[{"embeddable":true,"href":"https:\/\/antonio-justo.eu\/index.php?rest_route=%2Fwp%2Fv2%2Fcomments&post=9183"}],"version-history":[{"count":1,"href":"https:\/\/antonio-justo.eu\/index.php?rest_route=\/wp\/v2\/posts\/9183\/revisions"}],"predecessor-version":[{"id":9184,"href":"https:\/\/antonio-justo.eu\/index.php?rest_route=\/wp\/v2\/posts\/9183\/revisions\/9184"}],"wp:attachment":[{"href":"https:\/\/antonio-justo.eu\/index.php?rest_route=%2Fwp%2Fv2%2Fmedia&parent=9183"}],"wp:term":[{"taxonomy":"category","embeddable":true,"href":"https:\/\/antonio-justo.eu\/index.php?rest_route=%2Fwp%2Fv2%2Fcategories&post=9183"},{"taxonomy":"post_tag","embeddable":true,"href":"https:\/\/antonio-justo.eu\/index.php?rest_route=%2Fwp%2Fv2%2Ftags&post=9183"}],"curies":[{"name":"wp","href":"https:\/\/api.w.org\/{rel}","templated":true}]}}