{"id":9176,"date":"2024-03-21T19:59:10","date_gmt":"2024-03-21T18:59:10","guid":{"rendered":"https:\/\/antonio-justo.eu\/?p=9176"},"modified":"2024-03-22T11:27:35","modified_gmt":"2024-03-22T10:27:35","slug":"no-dia-da-poesia","status":"publish","type":"post","link":"https:\/\/antonio-justo.eu\/?p=9176","title":{"rendered":"NO DIA DA POESIA"},"content":{"rendered":"<p><strong>NO DIA DA POESIA<\/strong><\/p>\n<p><strong>\u00a0<\/strong><\/p>\n<p><strong>Neste dia dedicado \u00e0 poesia,<\/strong><\/p>\n<p><strong>Meu ser junta as m\u00e3os em harmonia, <\/strong><\/p>\n<p><strong>A querer ser o que n\u00e3o tenho <\/strong><\/p>\n<p><strong>A querer ter o que n\u00e3o sou<\/strong><\/p>\n<p><strong>\u00a0<\/strong><\/p>\n<p><strong>Poesia, meu manto de cores curvadas<\/strong><\/p>\n<p><strong>Com subtis rendas de dores continuadas<\/strong><\/p>\n<p><strong>Em ti, abrigo a voz que se esvai,<\/strong><\/p>\n<p><strong>Na saudade que o ferido peito distrai.<\/strong><\/p>\n<p><strong>\u00a0<\/strong><\/p>\n<p><strong>A magia de um sol prestes a despontar, <\/strong><\/p>\n<p><strong>Na esquina de um verso por descrever.<\/strong><\/p>\n<p><strong>Se esconde uma vida por desencantar \u00a0<\/strong><\/p>\n<p><strong>Num jogo das escondidas a querer recome\u00e7ar.<\/strong><\/p>\n<p><strong>\u00a0<\/strong><\/p>\n<p><strong>Um rosto lindo surge, na dist\u00e2ncia <\/strong><\/p>\n<p><strong>Num horizonte de azul em abund\u00e2ncia<\/strong><\/p>\n<p><strong>Mas tarda em mostrar-se por inteiro,<\/strong><\/p>\n<p><strong>Nesse azul escondido, verdadeiro.<\/strong><\/p>\n<p><strong>\u00a0<\/strong><\/p>\n<p><strong>Tu \u00e9s eu, sou tu, \u00e1gua em vapor,<\/strong><\/p>\n<p><strong>Juntos ascendemos, sem temor.<\/strong><\/p>\n<p><strong>A um c\u00e9u matizado de arco-\u00edris,<\/strong><\/p>\n<p><strong>Ah! Meu azul na nuvem enrolado!<\/strong><\/p>\n<p><strong>\u00a0<\/strong><\/p>\n<p><strong>Amor que me embriaga de tanto sofrer<\/strong><\/p>\n<p><strong>Tu em gestos fugazes segues ao lado<\/strong><\/p>\n<p><strong>E eu desfeito em acenos de m\u00e1goa fecunda,<\/strong><\/p>\n<p><strong>De n\u00e3o te encontrar, na busca profunda.<\/strong><\/p>\n<p><strong>\u00a0<\/strong><\/p>\n<p><strong>Oh saudade que em mim se embala<\/strong><\/p>\n<p><strong>Em ti abrigo a voz da tristeza que cala.<\/strong><\/p>\n<p><strong>Minha vida esva\u00edda por caminhos magoados<\/strong><\/p>\n<p><strong>Na procura de uma \u00e1rea de descanso<\/strong><\/p>\n<p><strong>\u00a0<\/strong><\/p>\n<p><strong>Que as desrimas tecidas nesta poesia, <\/strong><\/p>\n<p><strong>Encontrem eco na alma, de quem confia<\/strong><\/p>\n<p><strong>Assim brindo a ti, amor que me conheces <\/strong><\/p>\n<p><strong>Na eterna dan\u00e7a da poesia que me aquece.<\/strong><\/p>\n<p><strong>\u00a0<\/strong><\/p>\n<p><strong>Ant\u00f3nio CD Justo<\/strong><\/p>\n<p><strong>Pegadas do Tempo<\/strong><\/p>\n<p><strong>\u00a0<\/strong><\/p>\n<p><strong><a href=\"https:\/\/www.google.de\/search?q=No+dia+da+poesia%2C+Ant%C3%B3nio+Justo&amp;sca_esv=def40fa9418a875e&amp;sxsrf=ACQVn0-35cUNinLl84YwGOC4TadYWqNHtQ%3A1711047218635&amp;source=hp&amp;ei=MoL8Zef0JPaGxc8P7K-RgAk&amp;iflsig=ANes7DEAAAAAZfyQQmUd0Mo6yBYD13FLdfP8Pws6VgjK&amp;udm=&amp;ved=0ahUKEwjn1aLNg4aFAxV2Q_EDHexXBJAQ4dUDCBU&amp;uact=5&amp;oq=No+dia+da+poesia%2C+Ant%C3%B3nio+Justo&amp;gs_lp=Egdnd3Mtd2l6IiBObyBkaWEgZGEgcG9lc2lhLCBBbnTDs25pbyBKdXN0bzIFECEYoAEyBRAhGKABSJpiUL0KWMFccAF4AJABAJgBtwGgAbgWqgEEMjYuNbgBA8gBAPgBAZgCIKAC-RaoAgrCAgcQIxjqAhgnwgIKECMYgAQYigUYJ8ICBRAAGIAEwgILEC4YgAQYxwEY0QPCAgUQLhiABMICCxAuGIAEGMcBGK8BwgIIEC4YgAQY1ALCAggQLhiABBjLAcICCBAAGIAEGMsBwgIKEAAYgAQYywEYCsICBhAAGBYYHpgDBZIHBDI1LjegB6-cAQ&amp;sclient=gws-wiz#vhid=FrTViovy-eewKM&amp;vssid=videos-45f0870b\">https:\/\/www.google.de\/search?q=No+dia+da+poesia%2C+Ant%C3%B3nio+Justo&amp;sca_esv=def40fa9418a875e&amp;sxsrf=ACQVn0-35cUNinLl84YwGOC4TadYWqNHtQ%3A1711047218635&amp;source=hp&amp;ei=MoL8Zef0JPaGxc8P7K-RgAk&amp;iflsig=ANes7DEAAAAAZfyQQmUd0Mo6yBYD13FLdfP8Pws6VgjK&amp;udm=&amp;ved=0ahUKEwjn1aLNg4aFAxV2Q_EDHexXBJAQ4dUDCBU&amp;uact=5&amp;oq=No+dia+da+poesia%2C+Ant%C3%B3nio+Justo&amp;gs_lp=Egdnd3Mtd2l6IiBObyBkaWEgZGEgcG9lc2lhLCBBbnTDs25pbyBKdXN0bzIFECEYoAEyBRAhGKABSJpiUL0KWMFccAF4AJABAJgBtwGgAbgWqgEEMjYuNbgBA8gBAPgBAZgCIKAC-RaoAgrCAgcQIxjqAhgnwgIKECMYgAQYigUYJ8ICBRAAGIAEwgILEC4YgAQYxwEY0QPCAgUQLhiABMICCxAuGIAEGMcBGK8BwgIIEC4YgAQY1ALCAggQLhiABBjLAcICCBAAGIAEGMsBwgIKEAAYgAQYywEYCsICBhAAGBYYHpgDBZIHBDI1LjegB6-cAQ&amp;sclient=gws-wiz#vhid=FrTViovy-eewKM&amp;vssid=videos-45f0870b<\/a><\/strong><\/p>\n<p><strong><a href=\"http:\/\/poesiajusto.blogspot.com\/\">http:\/\/poesiajusto.blogspot.com\/<\/a><\/strong><\/p>\n","protected":false},"excerpt":{"rendered":"<p>NO DIA DA POESIA \u00a0 Neste dia dedicado \u00e0 poesia, Meu ser junta as m\u00e3os em harmonia, A querer ser o que n\u00e3o tenho A querer ter o que n\u00e3o sou \u00a0 Poesia, meu manto de cores curvadas Com subtis rendas de dores continuadas Em ti, abrigo a voz que se esvai, Na saudade que &hellip; <a href=\"https:\/\/antonio-justo.eu\/?p=9176\" class=\"more-link\">Continuar a ler <span class=\"screen-reader-text\">NO DIA DA POESIA<\/span><\/a><\/p>\n","protected":false},"author":1,"featured_media":0,"comment_status":"open","ping_status":"open","sticky":false,"template":"","format":"standard","meta":{"sfsi_plus_gutenberg_text_before_share":"","sfsi_plus_gutenberg_show_text_before_share":"","sfsi_plus_gutenberg_icon_type":"","sfsi_plus_gutenberg_icon_alignemt":"","sfsi_plus_gutenburg_max_per_row":"","footnotes":""},"categories":[3,15,16],"tags":[],"class_list":["post-9176","post","type-post","status-publish","format-standard","hentry","category-arte","category-cultura","category-sociedade"],"_links":{"self":[{"href":"https:\/\/antonio-justo.eu\/index.php?rest_route=\/wp\/v2\/posts\/9176","targetHints":{"allow":["GET"]}}],"collection":[{"href":"https:\/\/antonio-justo.eu\/index.php?rest_route=\/wp\/v2\/posts"}],"about":[{"href":"https:\/\/antonio-justo.eu\/index.php?rest_route=\/wp\/v2\/types\/post"}],"author":[{"embeddable":true,"href":"https:\/\/antonio-justo.eu\/index.php?rest_route=\/wp\/v2\/users\/1"}],"replies":[{"embeddable":true,"href":"https:\/\/antonio-justo.eu\/index.php?rest_route=%2Fwp%2Fv2%2Fcomments&post=9176"}],"version-history":[{"count":2,"href":"https:\/\/antonio-justo.eu\/index.php?rest_route=\/wp\/v2\/posts\/9176\/revisions"}],"predecessor-version":[{"id":9178,"href":"https:\/\/antonio-justo.eu\/index.php?rest_route=\/wp\/v2\/posts\/9176\/revisions\/9178"}],"wp:attachment":[{"href":"https:\/\/antonio-justo.eu\/index.php?rest_route=%2Fwp%2Fv2%2Fmedia&parent=9176"}],"wp:term":[{"taxonomy":"category","embeddable":true,"href":"https:\/\/antonio-justo.eu\/index.php?rest_route=%2Fwp%2Fv2%2Fcategories&post=9176"},{"taxonomy":"post_tag","embeddable":true,"href":"https:\/\/antonio-justo.eu\/index.php?rest_route=%2Fwp%2Fv2%2Ftags&post=9176"}],"curies":[{"name":"wp","href":"https:\/\/api.w.org\/{rel}","templated":true}]}}