{"id":9159,"date":"2024-03-12T00:43:46","date_gmt":"2024-03-11T23:43:46","guid":{"rendered":"https:\/\/antonio-justo.eu\/?p=9159"},"modified":"2024-03-12T00:51:19","modified_gmt":"2024-03-11T23:51:19","slug":"maior-participacao-nas-eleicoes-proporcionou-um-portugal-mais-equilibrado","status":"publish","type":"post","link":"https:\/\/antonio-justo.eu\/?p=9159","title":{"rendered":"MAIOR PARTICIPA\u00c7\u00c3O NAS ELEI\u00c7\u00d5ES PROPORCIONOU UM PORTUGAL MAIS EQUILIBRADO"},"content":{"rendered":"<p style=\"text-align: center;\"><strong>Montenegro condicionado a fazer Coliga\u00e7\u00e3o com o Chega por Lealdade ao Conservadorismo e para reconhecer a Vontade soberana dos Votantes<\/strong><\/p>\n<p><strong>As elei\u00e7\u00f5es realizadas no domingo (10\/3\/24) marcam um acerto \u00e0 direita de Portugal, com a vit\u00f3ria da Alian\u00e7a Democr\u00e1tica (AD), coliga\u00e7\u00e3o entre o Partido Social Democrata (PSD) e o Centro Democr\u00e1tico Social (CDS). AD 79 deputados (29,5%), PS 77<\/strong><strong> (<\/strong><strong>28,7%), Chega 48 (18,1%), IL 8 (5,1%), BE 5 (4,5%), CDU 4 (3,3%), L 4 (3,3%), PAN 1 (1,9%) e ADN 0 deputados. <\/strong>Os quatro deputados da emigra\u00e7\u00e3o ainda n\u00e3o contabilizados n\u00e3o influenciar\u00e3o os resultados partid\u00e1rios.<\/p>\n<p>A consci\u00eancia popular tamb\u00e9m ganhou passando a percentagem de isen\u00e7\u00e3o nas elei\u00e7\u00f5es de 48,5% em 2022 para 33,8% em 2024. A legitima\u00e7\u00e3o do poder tornou-se maior!<\/p>\n<p><strong>Embora Montenegro tenha negado a coliga\u00e7\u00e3o com o Chega, em termos de poder e atendendo \u00e0 vota\u00e7\u00e3o de grande parte do povo nele, Montenegro teria de rever a sua posi\u00e7\u00e3o, doutro modo iniciar\u00e1 um governo muito inst\u00e1vel e um per\u00edodo ingovern\u00e1vel que faria lembrar o tempo da \u201cgeringon\u00e7a\u201d.<\/strong> <strong>Doutro modo s\u00f3 favoreceria a esquerda mais radical ou provocaria novas elei\u00e7\u00f5es em que seria castigado.<\/strong> O Chega ao participar no Governo moderar-se-\u00e1 automaticamente, como se tem a experi\u00eancia da esquerda (Verdes) na Alemanha; e quer se queira ou n\u00e3o as pol\u00edticas nacionais s\u00e3o em grande parte determinadas por Bruxelas.<\/p>\n<p>A Alian\u00e7a Democr\u00e1tica (AD) venceu com o principal candidato Lu\u00eds Montenegro. Mas o grande vencedor foi o partido CHEGA afirmando-se como terceira for\u00e7a pol\u00edtica e o grande perdedor foi o PS, partido no poder, que ficou em segundo lugar.<\/p>\n<p>Uma coisa \u00e9 votar por convic\u00e7\u00e3o ou votar por op\u00e7\u00e3o estrat\u00e9gica. O governo PS n\u00e3o permitia convic\u00e7\u00e3o e por isso restou a op\u00e7\u00e3o de votar noutros; na base desta op\u00e7\u00e3o n\u00e3o foi o mero descontentamento que esteve na base dos resultados das elei\u00e7\u00f5es; <strong>o que motivou o povo a acorrer em maior percentagem \u00e0s elei\u00e7\u00f5es foi sobretudo a necessidade nacional de um pa\u00eds mais equilibrado para n\u00e3o continuar a mancar s\u00f3 para a esquerda.<\/strong> Trata-se agora de defender a liberdade de todos os portugueses e n\u00e3o da verdade acantonada numa s\u00f3 via pol\u00edtica.<\/p>\n<p>Depois de tantos anos de ensino populista feito pelo Bloco de Esquerda e tolerado pela imprensa, seria hipocrisia admirarem-se do populismo do Chega! O povo revela-se como mais inteligente perante os populistas de cima como dos populistas de baixo!<\/p>\n<p><strong>Agora que o PS deixou \u201ca casa desarrumada\u201d \u00e9 hora de a AD a arrumar. Isso, em termos pol\u00edticos poderia tornar-se num golpe contra si mesma se n\u00e3o tiver em conta o estilo de pol\u00edtica partid\u00e1ria do PS<\/strong>: o dilema ser\u00e1 implementar a ideologia como fazia o socialismo ou implementar o bem de todos em Portugal com uma pol\u00edtica econ\u00f3mico-social-cultural equilibrada. A AD tem personalidades, entre elas Paulo N\u00fancio e Isabel Neto que prometem boas perspectivas para o centro direita e para Portugal.<\/p>\n<p><strong>O pior que a casta pol\u00edtica poderia fazer seria entrar numa discuss\u00e3o antidemocr\u00e1tica destrutiva-partid\u00e1ria e a AD e o Presidente da Rep\u00fablica se deixassem levar numa pol\u00e9mica de fazer coliga\u00e7\u00e3o ou n\u00e3o com o Chega. Depois de tantos anos de solidariedade esperta entre partidos da esquerda, fossem eles extremistas ou n\u00e3o, tornar-se-ia hip\u00f3crita uma discuss\u00e3o de n\u00e3o aceita\u00e7\u00e3o de uma coliga\u00e7\u00e3o da AD com o CHEGA e possivelmente IL. Tal como no passado a esquerda foi solid\u00e1ria entre si em defesa do poder e do progressismo socialista, a direita \u00a0tem a oportunidade de se unir para pouco a pouco ir criando uma mentalidade popular mais equilibrada e deste modo estabilizar uma plataforma social de abertura ao conservadorismo humanista em Portugal.<\/strong> <strong>S\u00f3 uma sociedade equilibrada entre conservadorismo e progressismo poder\u00e1 funcionar bem!<\/strong><\/p>\n<p><strong>Ant\u00f3nio CD Justo<\/strong><\/p>\n<p>Pegadas do Tempo<\/p>\n","protected":false},"excerpt":{"rendered":"<p>Montenegro condicionado a fazer Coliga\u00e7\u00e3o com o Chega por Lealdade ao Conservadorismo e para reconhecer a Vontade soberana dos Votantes As elei\u00e7\u00f5es realizadas no domingo (10\/3\/24) marcam um acerto \u00e0 direita de Portugal, com a vit\u00f3ria da Alian\u00e7a Democr\u00e1tica (AD), coliga\u00e7\u00e3o entre o Partido Social Democrata (PSD) e o Centro Democr\u00e1tico Social (CDS). AD 79 &hellip; <a href=\"https:\/\/antonio-justo.eu\/?p=9159\" class=\"more-link\">Continuar a ler <span class=\"screen-reader-text\">MAIOR PARTICIPA\u00c7\u00c3O NAS ELEI\u00c7\u00d5ES PROPORCIONOU UM PORTUGAL MAIS EQUILIBRADO<\/span><\/a><\/p>\n","protected":false},"author":1,"featured_media":0,"comment_status":"open","ping_status":"open","sticky":false,"template":"","format":"standard","meta":{"sfsi_plus_gutenberg_text_before_share":"","sfsi_plus_gutenberg_show_text_before_share":"","sfsi_plus_gutenberg_icon_type":"","sfsi_plus_gutenberg_icon_alignemt":"","sfsi_plus_gutenburg_max_per_row":"","footnotes":""},"categories":[15,7,16],"tags":[],"class_list":["post-9159","post","type-post","status-publish","format-standard","hentry","category-cultura","category-politica","category-sociedade"],"_links":{"self":[{"href":"https:\/\/antonio-justo.eu\/index.php?rest_route=\/wp\/v2\/posts\/9159","targetHints":{"allow":["GET"]}}],"collection":[{"href":"https:\/\/antonio-justo.eu\/index.php?rest_route=\/wp\/v2\/posts"}],"about":[{"href":"https:\/\/antonio-justo.eu\/index.php?rest_route=\/wp\/v2\/types\/post"}],"author":[{"embeddable":true,"href":"https:\/\/antonio-justo.eu\/index.php?rest_route=\/wp\/v2\/users\/1"}],"replies":[{"embeddable":true,"href":"https:\/\/antonio-justo.eu\/index.php?rest_route=%2Fwp%2Fv2%2Fcomments&post=9159"}],"version-history":[{"count":3,"href":"https:\/\/antonio-justo.eu\/index.php?rest_route=\/wp\/v2\/posts\/9159\/revisions"}],"predecessor-version":[{"id":9162,"href":"https:\/\/antonio-justo.eu\/index.php?rest_route=\/wp\/v2\/posts\/9159\/revisions\/9162"}],"wp:attachment":[{"href":"https:\/\/antonio-justo.eu\/index.php?rest_route=%2Fwp%2Fv2%2Fmedia&parent=9159"}],"wp:term":[{"taxonomy":"category","embeddable":true,"href":"https:\/\/antonio-justo.eu\/index.php?rest_route=%2Fwp%2Fv2%2Fcategories&post=9159"},{"taxonomy":"post_tag","embeddable":true,"href":"https:\/\/antonio-justo.eu\/index.php?rest_route=%2Fwp%2Fv2%2Ftags&post=9159"}],"curies":[{"name":"wp","href":"https:\/\/api.w.org\/{rel}","templated":true}]}}