{"id":9102,"date":"2024-02-28T12:34:02","date_gmt":"2024-02-28T11:34:02","guid":{"rendered":"https:\/\/antonio-justo.eu\/?p=9102"},"modified":"2024-02-28T22:56:02","modified_gmt":"2024-02-28T21:56:02","slug":"contradicoes-democraticas","status":"publish","type":"post","link":"https:\/\/antonio-justo.eu\/?p=9102","title":{"rendered":"CONTRADI\u00c7\u00d5ES DEMOCR\u00c1TICAS"},"content":{"rendered":"<p>Para se defender a diversidade e a imigra\u00e7\u00e3o expressas na vontade dos governos europeus, outros grupos populacionais com opini\u00f5es diversas s\u00e3o demonizados ou exclu\u00eddos, como se observa exemplarmente na Alemanha e na maneira como \u00e9 canalizada a insatisfa\u00e7\u00e3o das massas populares.<\/p>\n<p>A\u00a0\u00a0 pol\u00edtica de imigra\u00e7\u00e3o, as exageradas medidas governamentais relativas ao Coronav\u00edrus, a guerra na Ucr\u00e2nia e por \u00faltimo Gaza acentuaram a desconfian\u00e7a das popula\u00e7\u00f5es nos governos que com o seu seguimento de agendas alheias incrementam a divis\u00e3o social e pol\u00edtica cada vez mais insuport\u00e1vel.<\/p>\n<p>Tr\u00e1gico torna-se, por\u00e9m, o facto de vidas particulares, familiares e de amigos serem intoxicadas com posi\u00e7\u00f5es partid\u00e1rias ideologicamente envenenadas que, sem levarem em conta perdas de humanidade, t\u00eam a inten\u00e7\u00e3o de influenciar a opini\u00e3o popular para rebuscadamente levarem a sua avante.<\/p>\n<p>A Democracia cada vez se desacredita mais ao n\u00e3o aceitar pensares diferentes. E os principais demolidores est\u00e3o a tornar-se os partidos pol\u00edticos ao expressarem-se de maneira radical na nega\u00e7\u00e3o das raz\u00f5es do advers\u00e1rio chegando mesmo a demoniz\u00e1-lo.<\/p>\n<p>A imigra\u00e7\u00e3o desregrada constitui um problema cultural e social tal como qualquer posi\u00e7\u00e3o xen\u00f3foba. Da\u00ed a necessidade de ser permitida uma discuss\u00e3o sem tabus em atmosfera relaxada sobre os aspectos negativos e positivos da imigra\u00e7\u00e3o e assim se evitar uma discuss\u00e3o pol\u00edtica preconceituosa de um lado e do outro dos polos interessados no neg\u00f3cio!<\/p>\n<p>O pol\u00edtico e economista Thilo Sarrazin escreveu o livro \u201cA Alemanha abole-se a si mesma\u201d e foi considerado \u201cpoluidor do ninho\u201d pol\u00edtico sendo, por isso, boicotado e difamado pela pol\u00edtica estabelecida embora o livro oferecesse uma oportunidade para uma an\u00e1lise diferenciada da situa\u00e7\u00e3o. Sarrazin explica os perigos do pensamento ideol\u00f3gico para a nossa sociedade e a nossa cultura pol\u00edtica e descreve caminhos errados t\u00edpicos.<\/p>\n<p>A pol\u00edtica \u00e9 mal-aconselhada ao dar-se ao luxo de estabelecer temas tabus e ao p\u00f4r fora de jogo grupos inc\u00f3modos ou ent\u00e3o jogando-os uns contra os outros, como est\u00e1 acontecendo na Alemanha, em Portugal e por toda a Europa; enfim, a afirma\u00e7\u00e3o do poder atrav\u00e9s de ideologias encontra-se em estado exaltado!<\/p>\n<p>Muitos pol\u00edticos preferem ir de cabe\u00e7a contra a parede a encarar a quest\u00e3o de maneira pr\u00e1tica, racional e argumentativa. Certamente, se as popula\u00e7\u00f5es tamb\u00e9m pensassem seria dificultada a praxis governativa atual, mas, a longo prazo, dar-se-ia uma evolu\u00e7\u00e3o social e pol\u00edtica.<\/p>\n<p>A pol\u00edtica ainda n\u00e3o passou da fase moral do que \u00e9 certo ou errado para a fase da\u00a0 \u00e9tica do que \u00e9 bom e do que \u00e9 mau!<\/p>\n<p>Ant\u00f3nio CD Justo<\/p>\n<p>Pegadas do Tempo<\/p>\n","protected":false},"excerpt":{"rendered":"<p>Para se defender a diversidade e a imigra\u00e7\u00e3o expressas na vontade dos governos europeus, outros grupos populacionais com opini\u00f5es diversas s\u00e3o demonizados ou exclu\u00eddos, como se observa exemplarmente na Alemanha e na maneira como \u00e9 canalizada a insatisfa\u00e7\u00e3o das massas populares. A\u00a0\u00a0 pol\u00edtica de imigra\u00e7\u00e3o, as exageradas medidas governamentais relativas ao Coronav\u00edrus, a guerra na &hellip; <a href=\"https:\/\/antonio-justo.eu\/?p=9102\" class=\"more-link\">Continuar a ler <span class=\"screen-reader-text\">CONTRADI\u00c7\u00d5ES DEMOCR\u00c1TICAS<\/span><\/a><\/p>\n","protected":false},"author":1,"featured_media":0,"comment_status":"open","ping_status":"open","sticky":false,"template":"","format":"standard","meta":{"sfsi_plus_gutenberg_text_before_share":"","sfsi_plus_gutenberg_show_text_before_share":"","sfsi_plus_gutenberg_icon_type":"","sfsi_plus_gutenberg_icon_alignemt":"","sfsi_plus_gutenburg_max_per_row":"","footnotes":""},"categories":[15,14,6,7,8,16],"tags":[],"class_list":["post-9102","post","type-post","status-publish","format-standard","hentry","category-cultura","category-economia","category-migracao","category-politica","category-religiao","category-sociedade"],"_links":{"self":[{"href":"https:\/\/antonio-justo.eu\/index.php?rest_route=\/wp\/v2\/posts\/9102","targetHints":{"allow":["GET"]}}],"collection":[{"href":"https:\/\/antonio-justo.eu\/index.php?rest_route=\/wp\/v2\/posts"}],"about":[{"href":"https:\/\/antonio-justo.eu\/index.php?rest_route=\/wp\/v2\/types\/post"}],"author":[{"embeddable":true,"href":"https:\/\/antonio-justo.eu\/index.php?rest_route=\/wp\/v2\/users\/1"}],"replies":[{"embeddable":true,"href":"https:\/\/antonio-justo.eu\/index.php?rest_route=%2Fwp%2Fv2%2Fcomments&post=9102"}],"version-history":[{"count":7,"href":"https:\/\/antonio-justo.eu\/index.php?rest_route=\/wp\/v2\/posts\/9102\/revisions"}],"predecessor-version":[{"id":9110,"href":"https:\/\/antonio-justo.eu\/index.php?rest_route=\/wp\/v2\/posts\/9102\/revisions\/9110"}],"wp:attachment":[{"href":"https:\/\/antonio-justo.eu\/index.php?rest_route=%2Fwp%2Fv2%2Fmedia&parent=9102"}],"wp:term":[{"taxonomy":"category","embeddable":true,"href":"https:\/\/antonio-justo.eu\/index.php?rest_route=%2Fwp%2Fv2%2Fcategories&post=9102"},{"taxonomy":"post_tag","embeddable":true,"href":"https:\/\/antonio-justo.eu\/index.php?rest_route=%2Fwp%2Fv2%2Ftags&post=9102"}],"curies":[{"name":"wp","href":"https:\/\/api.w.org\/{rel}","templated":true}]}}