{"id":8982,"date":"2024-01-22T22:22:39","date_gmt":"2024-01-22T21:22:39","guid":{"rendered":"https:\/\/antonio-justo.eu\/?p=8982"},"modified":"2024-01-24T16:03:05","modified_gmt":"2024-01-24T15:03:05","slug":"alemanha-em-estado-de-revolta","status":"publish","type":"post","link":"https:\/\/antonio-justo.eu\/?p=8982","title":{"rendered":"ALEMANHA SOCIALMENTE EM ESTADO DE REVOLTA"},"content":{"rendered":"<p style=\"text-align: center;\"><strong>Atmosfera de Combatentes opinativos contra Combatentes opinativos &#8211; Perigo de uma Democracia contra cidad\u00e3os<\/strong><\/p>\n<p><strong>Tr\u00eas quartos dos alem\u00e3es est\u00e3o insatisfeitos com o governo de \u201ccoliga\u00e7\u00e3o de sem\u00e1foros\u201d (SPD, FDP e Verdes); apenas 15% est\u00e3o contentes com o SPD, 12% com os Verdes e 5% com FDP (1). <\/strong><\/p>\n<p>Segundo o portal Statista (2), se houvesse elei\u00e7\u00f5es federais agora, o SPD ficaria com 13%, a CDU\/CSU 31%, os Verdes 14%, o FDP 4%, a AfD 22%, a Esquerda 4%, os Eleitores Livres 3% e os restantes 9%.<strong> Isto desconsola profundamente os partidos do arco do poder que veem o seu poder em perigo; agora, com unhas e dentes, tentam mover todo o povo contra os votantes da AfD, partido da extrema direita.<\/strong><\/p>\n<p><strong>A popula\u00e7\u00e3o alem\u00e3 encontra-se esgotada pelas crises, pela impostura governamental e cansada do &#8220;alarmismo persistente, da agita\u00e7\u00e3o, da estrat\u00e9gica de pintar as coisas a preto e branco e do facto de at\u00e9 os partidos democr\u00e1ticos se tratarem uns outros com um desrespeito perturbador. \u00c9 hora de algo mudar! \u201c, queixa-se o di\u00e1rio Augsburger Allgemeine, a semana passada.<\/strong><\/p>\n<p><strong>Como as manifesta\u00e7\u00f5es do fim de semana (20 e 21 de dezembro 2024) mostram com cerca de 900.000 participantes, a democracia parece firme, mas ao pedir a proibi\u00e7\u00e3o da AfD com o argumento de se proibir o fascismo n\u00e3o \u00e9 apenas infame, mas tamb\u00e9m antidemocr\u00e1tico. Deve-se ter em mente que a AfD j\u00e1 tem assento em muitos parlamentos.<\/strong> Dividir para governar faz parte da velha vis\u00e3o de mundo. Ambos os lados jogam e discutem principalmente com base em suposi\u00e7\u00f5es. As pessoas querem lutar contra a &#8220;ideologia parda&#8221;, mas lutar tamb\u00e9m fomenta a resist\u00eancia, como se pode ver com o militarismo e a militariza\u00e7\u00e3o na nossa sociedade e suas consequ\u00eancias na mente e na influ\u00eancia do agir das pessoas. Manifestamo-nos contra, principalmente contra suposi\u00e7\u00f5es, mas n\u00e3o contra a guerra. A nossa NATO tamb\u00e9m est\u00e1 agora a provocar manobras com 90.000 soldados na fronteira da R\u00fassia. Seria chegada a hora de se refletir sobre verdades desagrad\u00e1veis.<\/p>\n<p>Eu, que acompanho de perto a vida pol\u00edtica e cultural alem\u00e3 h\u00e1 quarenta anos, nunca vi nem imaginava a possibilidade de vir a ver uma Alemanha t\u00e3o agitada, emocionalmente aquecida e desequilibrada. O ambiente social \u00e9 muito desconfort\u00e1vel (A movimenta\u00e7\u00e3o das massas pelos media e pol\u00edticos torna-se assustadora podendo permitir a conclus\u00e3o que a opini\u00e3o das popula\u00e7\u00f5es \u00e9 facilmente manipul\u00e1vel &#8211; Medidas Corona, Ucr\u00e2nia, etc. \u2013 fen\u00f3meno este que desresponsabiliza tamb\u00e9m a histeria popular de outrora em torno de Hitler). <strong>Tem-se a impress\u00e3o que a Alemanha e com ela a Europa est\u00e3o imitando a polariza\u00e7\u00e3o dos EUA. Todos parecem estar contra todos e com o argumento aparente de que todos est\u00e3o preocupados com a democracia.<\/strong>\u00a0 Vive-se uma luta que sofre de hipocrisia porque n\u00e3o se trata de uma luta por resolver os problemas do pa\u00eds nem t\u00e3o-pouco de uma discuss\u00e3o tem\u00e1tica objectiva, mas apenas de uma luta por defender posi\u00e7\u00f5es de poder, o que tristemente concorre para desacreditar a Democracia.<\/p>\n<p><strong>Como express\u00e3o de tudo isto temos: Personalidades de partidos de esquerda e de direita descontentes<\/strong> <strong>a formar partidos alternativos (o partido de Wagenknecht quer a esquerda mais no centro \u00a0e Maa\u00dfen pretene fundar um partido mais conservador que a CDU); AfD (Alternativa para a Alemanha) contra a imigra\u00e7\u00e3o e os meios de comunica\u00e7\u00e3o contra a AfD; camponeses contra o governo, supremo tribunal contra medidas do governo; Alemanha contra a R\u00fassia, governo contra os \u201cpalestinenses\u201d; habitantes sobretudo mu\u00e7ulmanos contra Israel; \u00a0luta entre tr\u00eas partidos da coliga\u00e7\u00e3o governamental (SPD, FDP e Verdes), manifesta\u00e7\u00f5es pol\u00edticas e laborais. Temos tamb\u00e9m muitas pessoas contra o governo queixando-se que ele segue ideologias globais e n\u00e3o se preocupa com o pr\u00f3prio povo; por seu lado o governo cala e n\u00e3o responde. <\/strong><\/p>\n<p>A Coliga\u00e7\u00e3o mudou de curso e encontra-se numa recess\u00e3o que favorece extremismos.<\/p>\n<p><strong>A popula\u00e7\u00e3o baloi\u00e7a insuspeitamente na onda das p\u00e1ginas dos jornais e do tempo; juntou-se o populismo dos de cima ao populismo dos de baixo. No meio de tudo isto h\u00e1 muito boa gente a viver da c\u00f3lera oportuna e aclimatada.<\/strong><\/p>\n<p>O povo incitado manifesta-se nas ruas ou recolhe-se dentro das quatro paredes da pr\u00f3pria casa. <strong>Na \u201crua\u201d e na arena p\u00fablica s\u00f3 se notam combatentes opinativos contra combatentes opinativos e todos eles com o rei na barriga.<\/strong> <strong>Enfim, uma atmosfera pr\u00f3pria de guerra em que o barulho atordoa a intelig\u00eancia. Muitos j\u00e1 renunciam a ver televis\u00e3o ou a ler os jornais.<\/strong><\/p>\n<p>Os regentes da EU que parecem ter renunciado \u00e0 Europa puxam a si os len\u00e7\u00f3is e depois admiram-se que o povo se queixe do frio! O facto de o povo reagir \u00e9 um grande sinal de desenvolvimento porque o povo \u00e9 inocente e como tal desejoso de paz.<\/p>\n<p><strong>A solu\u00e7\u00e3o seria utilizar os partidos estabelecidos para prosseguirem pol\u00edticas baseadas na vontade do povo e numa discuss\u00e3o de t\u00f3picos factuais. De louvar \u00e9 o empenho de um povo que \u00e0 sua maneira demonstra que a pol\u00edtica n\u00e3o lhe \u00e9 indiferente. Por isso por vezes se tem a impress\u00e3o que os pol\u00edticos alem\u00e3es t\u00eam medo do seu povo<\/strong> <strong>quando o que os devia mover deveria ser a responsabilidade pelo bem comum e o respeito!!<\/strong><\/p>\n<p><strong>No meio de tudo isto s\u00f3 ajuda o bom humor. Numa atmosfera provocativa com respostas provocantes h\u00e1 que contar com viol\u00eancia contra viol\u00eancia. <\/strong>Numa sociedade alem\u00e3 que antes parecia madura chega-se a ter a sensa\u00e7\u00e3o de que a democracia chegou a um ponto de virar as pessoas contra as pessoas chegando-se a um estado ambivalente de ver democracia contra democracia. Isto num pa\u00eds europeu com tanta influ\u00eancia torna-se preocupante. <strong>Por outro lado, a Alemanha tem estofo suficiente para aguentar at\u00e9 grandes ondas revoltas devido \u00e0 sua estrutura org\u00e2nica de Estado com uma Constitui\u00e7\u00e3o resistente a ventos ideol\u00f3gicos.<\/strong><\/p>\n<p><strong>Minha Alemanha, quem te viu e quem te v\u00ea!<\/strong><\/p>\n<p><strong>Ant\u00f3nio CD Justo<\/strong><\/p>\n<p>Pegadas do Tempo<\/p>\n<p>(1) https:\/\/www-berliner&#8211;zeitung-de.translate.goog\/news\/umfrage-drei-viertel-der-deutschen-mit-ampel-koalition-unzufrieden-li.2176571?_x_tr_sl=de&amp;_x_tr_tl=pt&amp;_x_tr_hl=pt-PT&amp;_x_tr_pto=sc&amp;_x_tr_hist=true<\/p>\n<p>(2) https:\/\/de.statista.com\/statistik\/daten\/studie\/953\/umfrage\/aktuelle-parteipraeferenz-bei-bundestagswahl\/<\/p>\n<p>(3) Novo partido na Alemanha: <a href=\"https:\/\/antonio-justo.eu\/?p=8945\">https:\/\/antonio-justo.eu\/?p=8945<\/a><\/p>\n","protected":false},"excerpt":{"rendered":"<p>Atmosfera de Combatentes opinativos contra Combatentes opinativos &#8211; Perigo de uma Democracia contra cidad\u00e3os Tr\u00eas quartos dos alem\u00e3es est\u00e3o insatisfeitos com o governo de \u201ccoliga\u00e7\u00e3o de sem\u00e1foros\u201d (SPD, FDP e Verdes); apenas 15% est\u00e3o contentes com o SPD, 12% com os Verdes e 5% com FDP (1). Segundo o portal Statista (2), se houvesse elei\u00e7\u00f5es &hellip; <a href=\"https:\/\/antonio-justo.eu\/?p=8982\" class=\"more-link\">Continuar a ler <span class=\"screen-reader-text\">ALEMANHA SOCIALMENTE EM ESTADO DE REVOLTA<\/span><\/a><\/p>\n","protected":false},"author":1,"featured_media":0,"comment_status":"open","ping_status":"open","sticky":false,"template":"","format":"standard","meta":{"sfsi_plus_gutenberg_text_before_share":"","sfsi_plus_gutenberg_show_text_before_share":"","sfsi_plus_gutenberg_icon_type":"","sfsi_plus_gutenberg_icon_alignemt":"","sfsi_plus_gutenburg_max_per_row":"","footnotes":""},"categories":[15,14,4,6,7,8,16],"tags":[],"class_list":["post-8982","post","type-post","status-publish","format-standard","hentry","category-cultura","category-economia","category-educacao","category-migracao","category-politica","category-religiao","category-sociedade"],"_links":{"self":[{"href":"https:\/\/antonio-justo.eu\/index.php?rest_route=\/wp\/v2\/posts\/8982","targetHints":{"allow":["GET"]}}],"collection":[{"href":"https:\/\/antonio-justo.eu\/index.php?rest_route=\/wp\/v2\/posts"}],"about":[{"href":"https:\/\/antonio-justo.eu\/index.php?rest_route=\/wp\/v2\/types\/post"}],"author":[{"embeddable":true,"href":"https:\/\/antonio-justo.eu\/index.php?rest_route=\/wp\/v2\/users\/1"}],"replies":[{"embeddable":true,"href":"https:\/\/antonio-justo.eu\/index.php?rest_route=%2Fwp%2Fv2%2Fcomments&post=8982"}],"version-history":[{"count":7,"href":"https:\/\/antonio-justo.eu\/index.php?rest_route=\/wp\/v2\/posts\/8982\/revisions"}],"predecessor-version":[{"id":8997,"href":"https:\/\/antonio-justo.eu\/index.php?rest_route=\/wp\/v2\/posts\/8982\/revisions\/8997"}],"wp:attachment":[{"href":"https:\/\/antonio-justo.eu\/index.php?rest_route=%2Fwp%2Fv2%2Fmedia&parent=8982"}],"wp:term":[{"taxonomy":"category","embeddable":true,"href":"https:\/\/antonio-justo.eu\/index.php?rest_route=%2Fwp%2Fv2%2Fcategories&post=8982"},{"taxonomy":"post_tag","embeddable":true,"href":"https:\/\/antonio-justo.eu\/index.php?rest_route=%2Fwp%2Fv2%2Ftags&post=8982"}],"curies":[{"name":"wp","href":"https:\/\/api.w.org\/{rel}","templated":true}]}}