{"id":8881,"date":"2023-12-12T17:46:15","date_gmt":"2023-12-12T16:46:15","guid":{"rendered":"https:\/\/antonio-justo.eu\/?p=8881"},"modified":"2023-12-12T17:46:15","modified_gmt":"2023-12-12T16:46:15","slug":"modo-de-crise","status":"publish","type":"post","link":"https:\/\/antonio-justo.eu\/?p=8881","title":{"rendered":"MODO DE CRISE"},"content":{"rendered":"<p>A palavra do ano 2023 na Alemanha \u00e9 \u201cmodo crise\u201d porque a pol\u00edtica n\u00e3o consegue sair da crise e a coliga\u00e7\u00e3o dos sem\u00e1foros em Berlim est\u00e1 ela pr\u00f3pria a criar crise na sua forma de governar. O governo quis burlar o or\u00e7amento de 2024 para contornar o trav\u00e3o constitucional da d\u00edvida, mas o Tribunal Constitucional impediu-o e deste modo o governo j\u00e1 n\u00e3o p\u00f4de utilizar os 60 mil milh\u00f5es de d\u00edvidas da pandemia de Corona para a transforma\u00e7\u00e3o ecol\u00f3gica e outros planos do governo.<\/p>\n<p>O conflito pol\u00edtico, econ\u00f3mico e geoestrat\u00e9gico na Ucr\u00e2nia e em Gaza e um amontoado de novas emerg\u00eancias est\u00e3o a causar crises em todo o mundo. Esperemos que o modus de crise n\u00e3o passe a stand bei nos desafios da futura coexist\u00eancia global.<\/p>\n<p>Por estas e por outras, embora doloroso teremos todos, no futuro, de aprender a viver em \u201cmodo de crise\u201d.<\/p>\n<p>Ant\u00f3nio CD Justo<\/p>\n<p>Pegadas do Tempo<\/p>\n","protected":false},"excerpt":{"rendered":"<p>A palavra do ano 2023 na Alemanha \u00e9 \u201cmodo crise\u201d porque a pol\u00edtica n\u00e3o consegue sair da crise e a coliga\u00e7\u00e3o dos sem\u00e1foros em Berlim est\u00e1 ela pr\u00f3pria a criar crise na sua forma de governar. O governo quis burlar o or\u00e7amento de 2024 para contornar o trav\u00e3o constitucional da d\u00edvida, mas o Tribunal Constitucional &hellip; <a href=\"https:\/\/antonio-justo.eu\/?p=8881\" class=\"more-link\">Continuar a ler <span class=\"screen-reader-text\">MODO DE CRISE<\/span><\/a><\/p>\n","protected":false},"author":1,"featured_media":0,"comment_status":"open","ping_status":"open","sticky":false,"template":"","format":"standard","meta":{"sfsi_plus_gutenberg_text_before_share":"","sfsi_plus_gutenberg_show_text_before_share":"","sfsi_plus_gutenberg_icon_type":"","sfsi_plus_gutenberg_icon_alignemt":"","sfsi_plus_gutenburg_max_per_row":"","footnotes":""},"categories":[15,14,6,7,8,16],"tags":[],"class_list":["post-8881","post","type-post","status-publish","format-standard","hentry","category-cultura","category-economia","category-migracao","category-politica","category-religiao","category-sociedade"],"_links":{"self":[{"href":"https:\/\/antonio-justo.eu\/index.php?rest_route=\/wp\/v2\/posts\/8881","targetHints":{"allow":["GET"]}}],"collection":[{"href":"https:\/\/antonio-justo.eu\/index.php?rest_route=\/wp\/v2\/posts"}],"about":[{"href":"https:\/\/antonio-justo.eu\/index.php?rest_route=\/wp\/v2\/types\/post"}],"author":[{"embeddable":true,"href":"https:\/\/antonio-justo.eu\/index.php?rest_route=\/wp\/v2\/users\/1"}],"replies":[{"embeddable":true,"href":"https:\/\/antonio-justo.eu\/index.php?rest_route=%2Fwp%2Fv2%2Fcomments&post=8881"}],"version-history":[{"count":1,"href":"https:\/\/antonio-justo.eu\/index.php?rest_route=\/wp\/v2\/posts\/8881\/revisions"}],"predecessor-version":[{"id":8882,"href":"https:\/\/antonio-justo.eu\/index.php?rest_route=\/wp\/v2\/posts\/8881\/revisions\/8882"}],"wp:attachment":[{"href":"https:\/\/antonio-justo.eu\/index.php?rest_route=%2Fwp%2Fv2%2Fmedia&parent=8881"}],"wp:term":[{"taxonomy":"category","embeddable":true,"href":"https:\/\/antonio-justo.eu\/index.php?rest_route=%2Fwp%2Fv2%2Fcategories&post=8881"},{"taxonomy":"post_tag","embeddable":true,"href":"https:\/\/antonio-justo.eu\/index.php?rest_route=%2Fwp%2Fv2%2Ftags&post=8881"}],"curies":[{"name":"wp","href":"https:\/\/api.w.org\/{rel}","templated":true}]}}