{"id":8834,"date":"2023-11-11T22:49:51","date_gmt":"2023-11-11T21:49:51","guid":{"rendered":"https:\/\/antonio-justo.eu\/?p=8834"},"modified":"2023-11-15T21:58:20","modified_gmt":"2023-11-15T20:58:20","slug":"o-presidente-rebelo-de-sousa-ordenou-novas-eleicoes-para-10-de-marco","status":"publish","type":"post","link":"https:\/\/antonio-justo.eu\/?p=8834","title":{"rendered":"NOVAS ELEI\u00c7\u00d5ES EM PORTUGAL A 10 DE MAR\u00c7O 2014"},"content":{"rendered":"<h6 style=\"text-align: center;\">Uma Oportunidade para Portugal passar da Cepa torta?<\/h6>\n<p>No meu entender esta foi uma boa decis\u00e3o do Presidente para n\u00e3o deixar margens para mais manobras partid\u00e1rias.<\/p>\n<p>Costa permanecer\u00e1 como chefe de governo interino at\u00e9 ser substitu\u00eddo ap\u00f3s as elei\u00e7\u00f5es. O Parlamento permanece operacional apenas at\u00e9 ao decreto formal do presidente de dissolu\u00e7\u00e3o, que acontecer\u00e1 depois de aprovar o or\u00e7amento de Estado e alguma outra lei importante.<\/p>\n<p>Segundo informou a imprensa, Costa apresentou a sua demiss\u00e3o ao Presidente depois de a pol\u00edcia ter revistado a sua resid\u00eancia e a de outros pol\u00edticos e empres\u00e1rios do governo.<\/p>\n<p>O Presidente Rebelo de Sousa ordenou novas elei\u00e7\u00f5es para 10 de mar\u00e7o. S\u00f3 seria de esperar que esta n\u00e3o fosse mais uma estrat\u00e9gia de for\u00e7as detentoras do Estado para tentarem fugir ao julgamento do cidad\u00e3o; esta suposi\u00e7\u00e3o \u00e9 leg\u00edtima num pa\u00eds onde a esquerda (PS) tem ocupado todos os lugares relevantes do Estado com a comparticipa\u00e7\u00e3o de partidos da oposi\u00e7\u00e3o, pertencentes ao arco do poder tamb\u00e9m eles mais ou menos comprometidos ou coniventes com a corrup\u00e7\u00e3o \u00a0por interesses pessoais.<\/p>\n<p>Passo a citar um documento que me chegou \u00e0s m\u00e3os sem que reconhecesse a fonte, mas pela evid\u00eancia e sobriedade da apresenta\u00e7\u00e3o oferece dados que obrigariam a repensarmos em termos de Estado: &#8220;Ant\u00f3nio Costa demite-se do Governo e deixa: &#8211; A maior carga fiscal de sempre: 36,4% do PIB &#8211; A maior d\u00edvida p\u00fablica de sempre: 276 mil milh\u00f5es de euros &#8211; O maior n\u00famero de portugueses sem m\u00e9dico de fam\u00edlia de sempre: 1,7 milh\u00f5es de portugueses &#8211; 42,5% dos portugueses em risco de pobreza antes de transfer\u00eancias sociais &#8211; O menor n\u00famero de processos findos nos tribunais portugueses desde 1985: 524 mil (com exce\u00e7\u00e3o de 2020, ano de maior impacto da pandemia) &#8211; O ano de menor acesso dos cidad\u00e3os \u00e0 justi\u00e7a desde 1979: 484 mil processos entrados nos tribunais portugueses &#8211; O pior m\u00eas da hist\u00f3ria do Servi\u00e7o Nacional de Sa\u00fade, nas palavras do pr\u00f3prio Governo &#8211; 583 mil utentes em lista de espera para consultas &#8211; 235 mil inscritos em lista de espera para cirurgias &#8211; 32% dos utentes a serem atendidos para l\u00e1 do tempo recomendado\u00b4 &#8211; M\u00e9dicos e enfermeiros em guerra &#8211; Professores e auxiliares em guerra &#8211; For\u00e7as Armadas em processo de fal\u00eancia e com n\u00edveis operacionais em risco &#8211; Crise total na habita\u00e7\u00e3o, impossibilidade de os portugueses conseguirem casa para morar\u00b4 &#8211; A pr\u00f3pria Economia a come\u00e7ar a definhar, o \u00faltimo trimestre j\u00e1 foi de contra\u00e7\u00e3o. Esta \u00e9 uma fotografia real, com dados oficiais, de alguns dos mais importantes indicadores da sociedade que somos. \u00c9 neste quadro que Ant\u00f3nio Costa se demite.&#8221;<\/p>\n<p>Agora os portugueses t\u00eam a oportunidade de durante os pr\u00f3ximos quatro meses repensarem a maneira de estar do Estado portugu\u00eas e em especial sobre a promiscuidade pol\u00edtico-econ\u00f3mica de muitos dos seus governantes e outras for\u00e7as em que se apoiam.<\/p>\n<p>A promiscuidade e o compadrio institucional \u00e9 tanto &#8211; tamb\u00e9m na imprensa e TV &#8211; que j\u00e1 brada aos c\u00e9us, mas seria necess\u00e1ria uma for\u00e7a sobre-humana do povo para poder remover do Estado e do pa\u00eds a gangrena que o tolhe.<\/p>\n<p>Um regime pol\u00edtico que transforma o seu povo em rebanho prescinde at\u00e9 de pastores porque a sua elite pode viver melhor na anonimidade, bastando-lhe, para isso, alimentar bem os seus c\u00e3es de guarda.<\/p>\n<p><strong>Ant\u00f3nio CD Justo <\/strong><\/p>\n<p>Pegadas do Tempo<\/p>\n","protected":false},"excerpt":{"rendered":"<p>Uma Oportunidade para Portugal passar da Cepa torta? No meu entender esta foi uma boa decis\u00e3o do Presidente para n\u00e3o deixar margens para mais manobras partid\u00e1rias. Costa permanecer\u00e1 como chefe de governo interino at\u00e9 ser substitu\u00eddo ap\u00f3s as elei\u00e7\u00f5es. O Parlamento permanece operacional apenas at\u00e9 ao decreto formal do presidente de dissolu\u00e7\u00e3o, que acontecer\u00e1 depois &hellip; <a href=\"https:\/\/antonio-justo.eu\/?p=8834\" class=\"more-link\">Continuar a ler <span class=\"screen-reader-text\">NOVAS ELEI\u00c7\u00d5ES EM PORTUGAL A 10 DE MAR\u00c7O 2014<\/span><\/a><\/p>\n","protected":false},"author":1,"featured_media":0,"comment_status":"open","ping_status":"open","sticky":false,"template":"","format":"standard","meta":{"sfsi_plus_gutenberg_text_before_share":"","sfsi_plus_gutenberg_show_text_before_share":"","sfsi_plus_gutenberg_icon_type":"","sfsi_plus_gutenberg_icon_alignemt":"","sfsi_plus_gutenburg_max_per_row":"","footnotes":""},"categories":[3,15,14,4,5,6,7,8,16],"tags":[],"class_list":["post-8834","post","type-post","status-publish","format-standard","hentry","category-arte","category-cultura","category-economia","category-educacao","category-escola","category-migracao","category-politica","category-religiao","category-sociedade"],"_links":{"self":[{"href":"https:\/\/antonio-justo.eu\/index.php?rest_route=\/wp\/v2\/posts\/8834","targetHints":{"allow":["GET"]}}],"collection":[{"href":"https:\/\/antonio-justo.eu\/index.php?rest_route=\/wp\/v2\/posts"}],"about":[{"href":"https:\/\/antonio-justo.eu\/index.php?rest_route=\/wp\/v2\/types\/post"}],"author":[{"embeddable":true,"href":"https:\/\/antonio-justo.eu\/index.php?rest_route=\/wp\/v2\/users\/1"}],"replies":[{"embeddable":true,"href":"https:\/\/antonio-justo.eu\/index.php?rest_route=%2Fwp%2Fv2%2Fcomments&post=8834"}],"version-history":[{"count":6,"href":"https:\/\/antonio-justo.eu\/index.php?rest_route=\/wp\/v2\/posts\/8834\/revisions"}],"predecessor-version":[{"id":8849,"href":"https:\/\/antonio-justo.eu\/index.php?rest_route=\/wp\/v2\/posts\/8834\/revisions\/8849"}],"wp:attachment":[{"href":"https:\/\/antonio-justo.eu\/index.php?rest_route=%2Fwp%2Fv2%2Fmedia&parent=8834"}],"wp:term":[{"taxonomy":"category","embeddable":true,"href":"https:\/\/antonio-justo.eu\/index.php?rest_route=%2Fwp%2Fv2%2Fcategories&post=8834"},{"taxonomy":"post_tag","embeddable":true,"href":"https:\/\/antonio-justo.eu\/index.php?rest_route=%2Fwp%2Fv2%2Ftags&post=8834"}],"curies":[{"name":"wp","href":"https:\/\/api.w.org\/{rel}","templated":true}]}}