{"id":8825,"date":"2023-11-08T21:37:29","date_gmt":"2023-11-08T20:37:29","guid":{"rendered":"https:\/\/antonio-justo.eu\/?p=8825"},"modified":"2023-11-08T22:13:45","modified_gmt":"2023-11-08T21:13:45","slug":"primeiro-ministro-antonio-costa-apresentou-demissao-do-cargo","status":"publish","type":"post","link":"https:\/\/antonio-justo.eu\/?p=8825","title":{"rendered":"Aproveitar\u00e1 a Justi\u00e7a portuguesa esta Oportunidade para se reabilitar?"},"content":{"rendered":"<p style=\"text-align: center;\"><strong>PRIMEIRO MINISTRO ANT\u00d3NIO COSTA APRESENTOU DEMISS\u00c3O DO CARGO<\/strong><\/p>\n<p>O sistema de justi\u00e7a portugu\u00eas emitiu um mandado de deten\u00e7\u00e3o contra o chefe de gabinete de Costa e outros suspeitos. As investiga\u00e7\u00f5es dizem respeito a suspeitas de apropria\u00e7\u00e3o ind\u00e9bita, corrup\u00e7\u00e3o e suborno. O pr\u00f3prio Costa tamb\u00e9m est\u00e1 sendo investigado. Trata-se de suspeitas s\u00e9rias de corrup\u00e7\u00e3o em projetos de l\u00edtio e hidrog\u00e9nio.<\/p>\n<p>Esta seria a hora em que a Justi\u00e7a portuguesa se poderia revalorizar e uma oportunidade para se reabilitar: mat\u00e9ria partid\u00e1ria transversal n\u00e3o lhe faltaria em quest\u00f5es de corrup\u00e7\u00e3o!<\/p>\n<p>Seria de esperar que este caso fosse levado a s\u00e9rio e n\u00e3o caia tudo em \u00e1guas de bacalhau como no caso de S\u00f3crates e outros.<\/p>\n<p>J\u00e1 surgem vozes dos que vivem bem na sombra de corruptos que quererem pedir contas ao Minist\u00e9rio P\u00fablico pela medida que tomou.<\/p>\n<p>A meada em torno da EDP, TAP, L\u00edtio e hidrog\u00e9nio (1) que tem envolvido altas personalidades da pol\u00edtica portuguesa tem sido de tal ordem que justificaria at\u00e9 fazer ju\u00edzos temer\u00e1rios: A corrup\u00e7\u00e3o que envolve grandes empresas multinacionais e governantes cria pobreza em Portugal e gera perspectivas de bons cargos internacionais para pol\u00edticos.<\/p>\n<p>Como de costume o pa\u00eds assistir\u00e1 a um momento do discurso p\u00fablico de desconversa pelo facto de se tratar de pessoas p\u00fablicas envolvidas em quest\u00f5es de corrup\u00e7\u00e3o. Aproveitar\u00e1 a Justi\u00e7a portuguesa esta Oportunidade para se reabilitar? Tudo leva a crer que n\u00e3o, atendendo \u00e0 doen\u00e7a cr\u00f3nica de um sistema de compadres e amiguinhos e que opera segundo o princ\u00edpio dos vasos comunicantes! Parece haver consenso que basta um Portugal de pequeninos!<\/p>\n<p>Muitos portugueses equivocam-se ao pensar que a vidinha de muitos dos seus pol\u00edticos valoriza o povo e o pa\u00eds. Portugal paga caro o brilho dos seus representantes: dentro com uma corrup\u00e7\u00e3o j\u00e1 sist\u00e9mica e fora (na EU) cedendo direitos soberanos \u00e0s pot\u00eancias europeias.<\/p>\n<p>Este \u00e9 o caso da trai\u00e7\u00e3o de interesses portugueses em favor dos interesses da Alemanha e de pot\u00eancias grandes, como se viu na reuni\u00e3o de l\u00edderes europeus (2) em que Portugal se adianta formulando os interesses das na\u00e7\u00f5es fortes da EU na\u00a0 reuni\u00e3o de Granada (Espanha em 6.11.2023) ao defender uma Uni\u00e3o Europeia alargada e a redu\u00e7\u00e3o de direitos de interven\u00e7\u00e3o na EU aos pa\u00edses pequenos que passam assim a ser ainda menos relevantes .<\/p>\n<p>Ant\u00f3nio CD Justo<\/p>\n<p>&nbsp;<\/p>\n<p>Ant\u00f3nio CD Justo<\/p>\n<p>Pegadas do Tempo<\/p>\n<p>(1) Portugal \u00e0 venda: https:\/\/antonio-justo.eu\/?p=8127<\/p>\n<p>(2) https:\/\/www.portugal.gov.pt\/pt\/gc23\/comunicacao\/noticia?i=-antonio-costa-propoe-aos-lideres-europeus-quadro-de-reformas-para-uma-uniao-europeia-alargada-<\/p>\n","protected":false},"excerpt":{"rendered":"<p>PRIMEIRO MINISTRO ANT\u00d3NIO COSTA APRESENTOU DEMISS\u00c3O DO CARGO O sistema de justi\u00e7a portugu\u00eas emitiu um mandado de deten\u00e7\u00e3o contra o chefe de gabinete de Costa e outros suspeitos. As investiga\u00e7\u00f5es dizem respeito a suspeitas de apropria\u00e7\u00e3o ind\u00e9bita, corrup\u00e7\u00e3o e suborno. O pr\u00f3prio Costa tamb\u00e9m est\u00e1 sendo investigado. Trata-se de suspeitas s\u00e9rias de corrup\u00e7\u00e3o em projetos &hellip; <a href=\"https:\/\/antonio-justo.eu\/?p=8825\" class=\"more-link\">Continuar a ler <span class=\"screen-reader-text\">Aproveitar\u00e1 a Justi\u00e7a portuguesa esta Oportunidade para se reabilitar?<\/span><\/a><\/p>\n","protected":false},"author":1,"featured_media":0,"comment_status":"open","ping_status":"open","sticky":false,"template":"","format":"standard","meta":{"sfsi_plus_gutenberg_text_before_share":"","sfsi_plus_gutenberg_show_text_before_share":"","sfsi_plus_gutenberg_icon_type":"","sfsi_plus_gutenberg_icon_alignemt":"","sfsi_plus_gutenburg_max_per_row":"","footnotes":""},"categories":[15,14,7,16],"tags":[],"class_list":["post-8825","post","type-post","status-publish","format-standard","hentry","category-cultura","category-economia","category-politica","category-sociedade"],"_links":{"self":[{"href":"https:\/\/antonio-justo.eu\/index.php?rest_route=\/wp\/v2\/posts\/8825","targetHints":{"allow":["GET"]}}],"collection":[{"href":"https:\/\/antonio-justo.eu\/index.php?rest_route=\/wp\/v2\/posts"}],"about":[{"href":"https:\/\/antonio-justo.eu\/index.php?rest_route=\/wp\/v2\/types\/post"}],"author":[{"embeddable":true,"href":"https:\/\/antonio-justo.eu\/index.php?rest_route=\/wp\/v2\/users\/1"}],"replies":[{"embeddable":true,"href":"https:\/\/antonio-justo.eu\/index.php?rest_route=%2Fwp%2Fv2%2Fcomments&post=8825"}],"version-history":[{"count":6,"href":"https:\/\/antonio-justo.eu\/index.php?rest_route=\/wp\/v2\/posts\/8825\/revisions"}],"predecessor-version":[{"id":8833,"href":"https:\/\/antonio-justo.eu\/index.php?rest_route=\/wp\/v2\/posts\/8825\/revisions\/8833"}],"wp:attachment":[{"href":"https:\/\/antonio-justo.eu\/index.php?rest_route=%2Fwp%2Fv2%2Fmedia&parent=8825"}],"wp:term":[{"taxonomy":"category","embeddable":true,"href":"https:\/\/antonio-justo.eu\/index.php?rest_route=%2Fwp%2Fv2%2Fcategories&post=8825"},{"taxonomy":"post_tag","embeddable":true,"href":"https:\/\/antonio-justo.eu\/index.php?rest_route=%2Fwp%2Fv2%2Ftags&post=8825"}],"curies":[{"name":"wp","href":"https:\/\/api.w.org\/{rel}","templated":true}]}}