{"id":8802,"date":"2023-10-22T20:57:22","date_gmt":"2023-10-22T19:57:22","guid":{"rendered":"https:\/\/antonio-justo.eu\/?p=8802"},"modified":"2023-10-26T21:14:58","modified_gmt":"2023-10-26T20:14:58","slug":"direito-internacional-nos-caminhos-tortos-dos-povos-e-da-historia","status":"publish","type":"post","link":"https:\/\/antonio-justo.eu\/?p=8802","title":{"rendered":"DIREITO INTERNACIONAL NOS CAMINHOS TORTOS DOS POVOS E DA HIST\u00d3RIA"},"content":{"rendered":"<p>Segundo a opini\u00e3o de especialistas, o direito internacional tenta encontrar um equil\u00edbrio entre os interesses militares e humanidade. E parte do princ\u00edpio que os objectivos militares pressup\u00f5em danos colaterais.<br \/>\n\u00c9 crime de guerra utilizar civis para fins militares (por exemplo, como escudo protetor).<br \/>\nA puni\u00e7\u00e3o coletiva \u00e9 ileg\u00edtima. Um cerco \u00e9 leg\u00edtimo se o objetivo n\u00e3o for matar a popula\u00e7\u00e3o de fome.<br \/>\nComo se pode ver na guerra, a desumanidade \u00e9 senhora embora com apar\u00eancias de humanismo.<\/p>\n<p>A hist\u00f3ria da humanidade \u00e9 uma hist\u00f3ria de guerras e, gostemos ou n\u00e3o, o homem continua a ser \u201cmadeira torta\u201d, como afirmou o fil\u00f3sofo Kant. A esperan\u00e7a, por\u00e9m ser\u00e1 a \u00faltima a morrer porque sem esperan\u00e7a n\u00e3o haveria Hist\u00f3ria humana.<br \/>\nChurchil que liderara a Inglaterra contra a Alemanha nazi dizia: A diferen\u00e7a entre os humanos e os animais \u00e9 que os \u00faltimos nunca permitem que um est\u00fapido lidere a manada!\u201d<br \/>\nAnt\u00f3nio CDJusto<br \/>\nPegadas do Tempo<\/p>\n","protected":false},"excerpt":{"rendered":"<p>Segundo a opini\u00e3o de especialistas, o direito internacional tenta encontrar um equil\u00edbrio entre os interesses militares e humanidade. E parte do princ\u00edpio que os objectivos militares pressup\u00f5em danos colaterais. \u00c9 crime de guerra utilizar civis para fins militares (por exemplo, como escudo protetor). A puni\u00e7\u00e3o coletiva \u00e9 ileg\u00edtima. Um cerco \u00e9 leg\u00edtimo se o objetivo &hellip; <a href=\"https:\/\/antonio-justo.eu\/?p=8802\" class=\"more-link\">Continuar a ler <span class=\"screen-reader-text\">DIREITO INTERNACIONAL NOS CAMINHOS TORTOS DOS POVOS E DA HIST\u00d3RIA<\/span><\/a><\/p>\n","protected":false},"author":1,"featured_media":0,"comment_status":"open","ping_status":"open","sticky":false,"template":"","format":"standard","meta":{"sfsi_plus_gutenberg_text_before_share":"","sfsi_plus_gutenberg_show_text_before_share":"","sfsi_plus_gutenberg_icon_type":"","sfsi_plus_gutenberg_icon_alignemt":"","sfsi_plus_gutenburg_max_per_row":"","footnotes":""},"categories":[15,4,7,8,16],"tags":[],"class_list":["post-8802","post","type-post","status-publish","format-standard","hentry","category-cultura","category-educacao","category-politica","category-religiao","category-sociedade"],"_links":{"self":[{"href":"https:\/\/antonio-justo.eu\/index.php?rest_route=\/wp\/v2\/posts\/8802","targetHints":{"allow":["GET"]}}],"collection":[{"href":"https:\/\/antonio-justo.eu\/index.php?rest_route=\/wp\/v2\/posts"}],"about":[{"href":"https:\/\/antonio-justo.eu\/index.php?rest_route=\/wp\/v2\/types\/post"}],"author":[{"embeddable":true,"href":"https:\/\/antonio-justo.eu\/index.php?rest_route=\/wp\/v2\/users\/1"}],"replies":[{"embeddable":true,"href":"https:\/\/antonio-justo.eu\/index.php?rest_route=%2Fwp%2Fv2%2Fcomments&post=8802"}],"version-history":[{"count":4,"href":"https:\/\/antonio-justo.eu\/index.php?rest_route=\/wp\/v2\/posts\/8802\/revisions"}],"predecessor-version":[{"id":8817,"href":"https:\/\/antonio-justo.eu\/index.php?rest_route=\/wp\/v2\/posts\/8802\/revisions\/8817"}],"wp:attachment":[{"href":"https:\/\/antonio-justo.eu\/index.php?rest_route=%2Fwp%2Fv2%2Fmedia&parent=8802"}],"wp:term":[{"taxonomy":"category","embeddable":true,"href":"https:\/\/antonio-justo.eu\/index.php?rest_route=%2Fwp%2Fv2%2Fcategories&post=8802"},{"taxonomy":"post_tag","embeddable":true,"href":"https:\/\/antonio-justo.eu\/index.php?rest_route=%2Fwp%2Fv2%2Ftags&post=8802"}],"curies":[{"name":"wp","href":"https:\/\/api.w.org\/{rel}","templated":true}]}}