{"id":8770,"date":"2023-09-05T15:20:55","date_gmt":"2023-09-05T14:20:55","guid":{"rendered":"https:\/\/antonio-justo.eu\/?p=8770"},"modified":"2023-09-05T15:29:53","modified_gmt":"2023-09-05T14:29:53","slug":"cimeira-eua-coreia-do-sul-e-japao","status":"publish","type":"post","link":"https:\/\/antonio-justo.eu\/?p=8770","title":{"rendered":"CIMEIRA EUA-COREIA DO SUL E JAP\u00c3O"},"content":{"rendered":"<p><strong>A situa\u00e7\u00e3o cr\u00edtica na Ucr\u00e2nia e em Taiwan leva pa\u00edses de interesses comuns a cooperarem entre si criando novas medidas de defesa no sentido de refor\u00e7arem a presen\u00e7a do Ocidente na \u00c1sia.<\/strong><\/p>\n<p><strong>Para Antony Blinken,<\/strong> <strong>secret\u00e1rio de Estado americano a cimeira (18\/08\/2023) significa <\/strong><strong>\u201e<\/strong><strong>uma nova era na coopera\u00e7\u00e3o trilateral&#8221;.<\/strong><\/p>\n<p>Neste sentido deu-se a cimeira precisamente em Camp David entre EUA, Jap\u00e3o e Coreia do Sul para ser expandida a coopera\u00e7\u00e3o nas \u00e1reas da economia e seguran\u00e7a. <strong>Superam-se assim o contencioso entre Jap\u00e3o e Coreia do Sul, um grande trunfo para os EUA na regi\u00e3o.<\/strong><\/p>\n<p><strong>A cimeira \u00e9 ao mesmo tempo uma mensagem e um aviso \u00e0 China e \u00e0 Coreia do Norte.<\/strong><\/p>\n<p>Pelo que se observa, atualmente, o mundo encontra-se em especial movimento.<\/p>\n<p><strong>Ant\u00f3nio CD Justo<\/strong><\/p>\n<p>Pegadas do Tempo<\/p>\n<p>(1) Veja mais em <a href=\"https:\/\/www.bol.uol.com.br\/noticias\/2023\/08\/18\/biden-quer-reforcar-lacos-de-seguranca-com-toquio-e-seul-em-mensagem-clara-para-pequim.htm?cmpid=copiaecola\">https:\/\/www.bol.uol.com.br\/noticias\/2023\/08\/18\/biden-quer-reforcar-lacos-de-seguranca-com-toquio-e-seul-em-mensagem-clara-para-pequim.htm?cmpid=copiaecola<\/a><\/p>\n","protected":false},"excerpt":{"rendered":"<p>A situa\u00e7\u00e3o cr\u00edtica na Ucr\u00e2nia e em Taiwan leva pa\u00edses de interesses comuns a cooperarem entre si criando novas medidas de defesa no sentido de refor\u00e7arem a presen\u00e7a do Ocidente na \u00c1sia. Para Antony Blinken, secret\u00e1rio de Estado americano a cimeira (18\/08\/2023) significa \u201euma nova era na coopera\u00e7\u00e3o trilateral&#8221;. Neste sentido deu-se a cimeira precisamente &hellip; <a href=\"https:\/\/antonio-justo.eu\/?p=8770\" class=\"more-link\">Continuar a ler <span class=\"screen-reader-text\">CIMEIRA EUA-COREIA DO SUL E JAP\u00c3O<\/span><\/a><\/p>\n","protected":false},"author":1,"featured_media":0,"comment_status":"open","ping_status":"open","sticky":false,"template":"","format":"standard","meta":{"sfsi_plus_gutenberg_text_before_share":"","sfsi_plus_gutenberg_show_text_before_share":"","sfsi_plus_gutenberg_icon_type":"","sfsi_plus_gutenberg_icon_alignemt":"","sfsi_plus_gutenburg_max_per_row":"","footnotes":""},"categories":[15,4,7],"tags":[],"class_list":["post-8770","post","type-post","status-publish","format-standard","hentry","category-cultura","category-educacao","category-politica"],"_links":{"self":[{"href":"https:\/\/antonio-justo.eu\/index.php?rest_route=\/wp\/v2\/posts\/8770","targetHints":{"allow":["GET"]}}],"collection":[{"href":"https:\/\/antonio-justo.eu\/index.php?rest_route=\/wp\/v2\/posts"}],"about":[{"href":"https:\/\/antonio-justo.eu\/index.php?rest_route=\/wp\/v2\/types\/post"}],"author":[{"embeddable":true,"href":"https:\/\/antonio-justo.eu\/index.php?rest_route=\/wp\/v2\/users\/1"}],"replies":[{"embeddable":true,"href":"https:\/\/antonio-justo.eu\/index.php?rest_route=%2Fwp%2Fv2%2Fcomments&post=8770"}],"version-history":[{"count":4,"href":"https:\/\/antonio-justo.eu\/index.php?rest_route=\/wp\/v2\/posts\/8770\/revisions"}],"predecessor-version":[{"id":8774,"href":"https:\/\/antonio-justo.eu\/index.php?rest_route=\/wp\/v2\/posts\/8770\/revisions\/8774"}],"wp:attachment":[{"href":"https:\/\/antonio-justo.eu\/index.php?rest_route=%2Fwp%2Fv2%2Fmedia&parent=8770"}],"wp:term":[{"taxonomy":"category","embeddable":true,"href":"https:\/\/antonio-justo.eu\/index.php?rest_route=%2Fwp%2Fv2%2Fcategories&post=8770"},{"taxonomy":"post_tag","embeddable":true,"href":"https:\/\/antonio-justo.eu\/index.php?rest_route=%2Fwp%2Fv2%2Ftags&post=8770"}],"curies":[{"name":"wp","href":"https:\/\/api.w.org\/{rel}","templated":true}]}}