{"id":8718,"date":"2023-08-18T22:16:28","date_gmt":"2023-08-18T21:16:28","guid":{"rendered":"https:\/\/antonio-justo.eu\/?p=8718"},"modified":"2023-09-05T22:51:07","modified_gmt":"2023-09-05T21:51:07","slug":"cidadaos-alemaes-acham-que-o-estado-se-encontra-demasiado-estressado","status":"publish","type":"post","link":"https:\/\/antonio-justo.eu\/?p=8718","title":{"rendered":"MAIORIA DOS CIDAD\u00c3OS ALEM\u00c3ES ACHA QUE O ESTADO SE ENCONTRA DEMASIADO ESTRESSADO"},"content":{"rendered":"<p style=\"text-align: center;\"><strong>As Ondas estadunidenses movem a Alemanha e as Ondas alem\u00e3s movem a Europa<\/strong><\/p>\n<p>A falta de confian\u00e7a na capacidade de a\u00e7\u00e3o do governo alastra-se como fogo nas popula\u00e7\u00f5es da Alemanha e da Uni\u00e3o Europeia. <strong>Segundo uma investiga\u00e7\u00e3o publicada em 15 de agosto de 2023 pelo instituto \u201cPesquisa Forsa\u201d, encomendada pela Associa\u00e7\u00e3o dos Funcion\u00e1rios P\u00fablicos Alem\u00e3es (DBB),<\/strong> <strong>apenas 27% dos entrevistados acham que o Estado \u00e9 capaz de cumprir as suas atribui\u00e7\u00f5es. 69% consideram-no sobrecarregado.<\/strong><\/p>\n<p><strong>A popula\u00e7\u00e3o encontra-se cada vez mais dividida por falta de confian\u00e7a na lideran\u00e7a do governo. O presidente da DBB, Ulrich Silberbach, atesta que \u201cos servidores p\u00fablicos \u00e9 que t\u00eam de suportar a raiva do p\u00fablico, e mais de 54% deles foram abusados \u200b\u200bverbalmente, amea\u00e7ados ou agredidos fisicamente\u201d (HNA 16.08).<\/strong> <strong>A imagem do Estado \u00e9 particularmente m\u00e1 no leste da Alemanha, onde 77% dos entrevistados est\u00e3o convencidos de que o Estado se encontra estressado em rela\u00e7\u00e3o \u00e0s suas tarefas e problemas existentes &#8211; no Oeste s\u00e3o 68% dos inquiridos.<\/strong><\/p>\n<p><strong>Quem se manifesta mais benevolente no reconhecimento da capacidade do estado para cumprir as suas tarefas s\u00e3o os apoiantes dos partidos da coliga\u00e7\u00e3o governamental:<\/strong> <strong>52% dos apoiantes dos Verdes, 46% dos do SPD, 34% dos<\/strong> <strong>do FDP; j\u00e1 na oposi\u00e7\u00e3o a aprova\u00e7\u00e3o desce para 22% dos apoiantes da CDU e CSU e para 6% dos apoiantes da AfD. Em sondagens reguares, a AfD j\u00e1 consegue maiores valores que o SPD e que os Verdes.<\/strong><\/p>\n<p>As maiores exig\u00eancias situam-se nos dom\u00ednios da pol\u00edtica de asilo e refugiados 26%; escola e educa\u00e7\u00e3o 19%; clima e ambiente 17%.<\/p>\n<p><strong>Como tarefa mais importante do Estado \u00e9 afirmada a manuten\u00e7\u00e3o da justi\u00e7a social na sociedade.<\/strong> Os investimentos na prote\u00e7\u00e3o do clima e na expans\u00e3o das energias renov\u00e1veis \u200b\u200btamb\u00e9m foram considerados importantes.<\/p>\n<p>A prote\u00e7\u00e3o do clima foi mencionada como tarefa muito importante por 47% na parte da Alemanha ocidental e 37% na parte Ooriental. 50% no Leste e 37% no Oeste consideram muito importante o al\u00edvio do peso dos cidad\u00e3os devido ao aumento dos pre\u00e7os. A necessidade de cria\u00e7\u00e3o de condi\u00e7\u00f5es de vida iguais na cidade e no campo foi afirmada no Leste por 43% e no Oeste por 27%.<\/p>\n<p><strong>Tudo isto tem a ver com uma pol\u00edtica europeia de sol poente, carente de sentido e de significado pr\u00f3prio. No meu entender, os sofrimentos do povo europeu expressam n\u00e3o s\u00f3 a crise sist\u00e9mica (geopol\u00edtica) em que nos encontramos, mas corresponde tamb\u00e9m \u00e0s dores de um parto fracassado.<\/strong><\/p>\n<p><strong>Em parte, as ondas estadunidenses movem a Alemanha e as alem\u00e3s movem a Europa. A Alemanha sabe-se de m\u00e3os atadas aos aliados vencedores (especialmente aos Estados Unidos devido ao Tratado Dois-Mais-Quatro,<\/strong> <strong>celebrado em Moscovo em 12 de setembro de 1990 (1) e por isso sente-se tamb\u00e9m inconscientemente mal e cria, al\u00e9m disso, um certo mal-estar na Europa devido \u00e0 sua pol\u00edtica de refugiados (iniciada unilateralidade em 2015!)<\/strong>, \u00e0 sua pol\u00edtica de energia e de ambiente e tamb\u00e9m \u00e0 pol\u00edtica de prote\u00e7\u00e3o financeira das suas grandes empresas embora feita com parcerias internacionais.<\/p>\n<p><strong>Ant\u00f3nio da Cunha Duarte Justo<\/strong><\/p>\n<p>Pegadas do Tempo<\/p>\n<p>(1) As tropas sovi\u00e9ticas sairiam do pa\u00eds at\u00e9 ao final de 1994. A Alemanha concordou em limitar as suas for\u00e7as armadas a no m\u00e1ximo 370 mil homens. O pa\u00eds tamb\u00e9m confirmou a sua ren\u00fancia \u00e0 fabrica\u00e7\u00e3o e posse de armas nucleares, biol\u00f3gicas e qu\u00edmicas, reiterando que o Tratado de N\u00e3o-Prolifera\u00e7\u00e3o de Armas Nucleares continuaria a vincular a Alemanha reunificada. Determinou-se, tamb\u00e9m, a proibi\u00e7\u00e3o \u00e0 presen\u00e7a de for\u00e7as armadas estrangeiras e armas nucleares no territ\u00f3rio da antiga Alemanha Oriental. <a href=\"https:\/\/www.bpb.de\/kurz-knapp\/hintergrund-aktuell\/211841\/vor-30-jahren-abschluss-des-zwei-plus-vier-vertrags\/\">https:\/\/www.bpb.de\/kurz-knapp\/hintergrund-aktuell\/211841\/vor-30-jahren-abschluss-des-zwei-plus-vier-vertrags\/<\/a> Ver tamb\u00e9m o resumo da Wikip\u00e9dia: <a href=\"https:\/\/pt.wikipedia.org\/wiki\/Tratado_Dois_Mais_Quatro\">https:\/\/pt.wikipedia.org\/wiki\/Tratado_Dois_Mais_Quatro<\/a><\/p>\n<p>A explica\u00e7\u00e3o para o nome incomum do tratado (2+4) \u00e9 bastante simples: seis estados estiveram envolvidos nas negocia\u00e7\u00f5es do tratado. Dois estados alem\u00e3es, a Rep\u00fablica Federal da Alemanha e a RDA, e as quatro pot\u00eancias vitoriosas da Segunda Guerra Mundial: EUA, Gr\u00e3-Bretanha, Fran\u00e7a e a antiga Uni\u00e3o Sovi\u00e9tica.<\/p>\n","protected":false},"excerpt":{"rendered":"<p>As Ondas estadunidenses movem a Alemanha e as Ondas alem\u00e3s movem a Europa A falta de confian\u00e7a na capacidade de a\u00e7\u00e3o do governo alastra-se como fogo nas popula\u00e7\u00f5es da Alemanha e da Uni\u00e3o Europeia. Segundo uma investiga\u00e7\u00e3o publicada em 15 de agosto de 2023 pelo instituto \u201cPesquisa Forsa\u201d, encomendada pela Associa\u00e7\u00e3o dos Funcion\u00e1rios P\u00fablicos Alem\u00e3es &hellip; <a href=\"https:\/\/antonio-justo.eu\/?p=8718\" class=\"more-link\">Continuar a ler <span class=\"screen-reader-text\">MAIORIA DOS CIDAD\u00c3OS ALEM\u00c3ES ACHA QUE O ESTADO SE ENCONTRA DEMASIADO ESTRESSADO<\/span><\/a><\/p>\n","protected":false},"author":1,"featured_media":0,"comment_status":"open","ping_status":"open","sticky":false,"template":"","format":"standard","meta":{"sfsi_plus_gutenberg_text_before_share":"","sfsi_plus_gutenberg_show_text_before_share":"","sfsi_plus_gutenberg_icon_type":"","sfsi_plus_gutenberg_icon_alignemt":"","sfsi_plus_gutenburg_max_per_row":"","footnotes":""},"categories":[3,15,14,6,7,16],"tags":[],"class_list":["post-8718","post","type-post","status-publish","format-standard","hentry","category-arte","category-cultura","category-economia","category-migracao","category-politica","category-sociedade"],"_links":{"self":[{"href":"https:\/\/antonio-justo.eu\/index.php?rest_route=\/wp\/v2\/posts\/8718","targetHints":{"allow":["GET"]}}],"collection":[{"href":"https:\/\/antonio-justo.eu\/index.php?rest_route=\/wp\/v2\/posts"}],"about":[{"href":"https:\/\/antonio-justo.eu\/index.php?rest_route=\/wp\/v2\/types\/post"}],"author":[{"embeddable":true,"href":"https:\/\/antonio-justo.eu\/index.php?rest_route=\/wp\/v2\/users\/1"}],"replies":[{"embeddable":true,"href":"https:\/\/antonio-justo.eu\/index.php?rest_route=%2Fwp%2Fv2%2Fcomments&post=8718"}],"version-history":[{"count":6,"href":"https:\/\/antonio-justo.eu\/index.php?rest_route=\/wp\/v2\/posts\/8718\/revisions"}],"predecessor-version":[{"id":8775,"href":"https:\/\/antonio-justo.eu\/index.php?rest_route=\/wp\/v2\/posts\/8718\/revisions\/8775"}],"wp:attachment":[{"href":"https:\/\/antonio-justo.eu\/index.php?rest_route=%2Fwp%2Fv2%2Fmedia&parent=8718"}],"wp:term":[{"taxonomy":"category","embeddable":true,"href":"https:\/\/antonio-justo.eu\/index.php?rest_route=%2Fwp%2Fv2%2Fcategories&post=8718"},{"taxonomy":"post_tag","embeddable":true,"href":"https:\/\/antonio-justo.eu\/index.php?rest_route=%2Fwp%2Fv2%2Ftags&post=8718"}],"curies":[{"name":"wp","href":"https:\/\/api.w.org\/{rel}","templated":true}]}}