{"id":8676,"date":"2023-07-21T22:04:27","date_gmt":"2023-07-21T21:04:27","guid":{"rendered":"https:\/\/antonio-justo.eu\/?p=8676"},"modified":"2023-07-22T21:01:15","modified_gmt":"2023-07-22T20:01:15","slug":"da-frase-em-politica-o-que-parece-e-e-da-justeza-das-guerras","status":"publish","type":"post","link":"https:\/\/antonio-justo.eu\/?p=8676","title":{"rendered":"DO DITO \u201cEM POL\u00cdTICA O QUE PARECE \u00c9\u201d E DA JUSTEZA DAS GUERRAS"},"content":{"rendered":"<p><strong>A<\/strong> <strong>express\u00e3o idiom\u00e1tica &#8220;em pol\u00edtica o que parece \u00e9&#8221; para ter uma perspectiva verdadeira ter\u00e1 que ter em vista o contexto em que \u00e9 aplicada. Dado hoje a percep\u00e7\u00e3o p\u00fablica influenciar muito os pol\u00edticos, estes moldam os seus discursos de maneira a parecerem positivos e em sintonia com o que o eleitorado deseja. A frase ter\u00e1 a sua validade na medida em que a imagem p\u00fablica (opini\u00e3o das pessoas) \u00e9 que ir\u00e1 determinar a \u201crealidade\u201d pol\u00edtica separadamente do que a pol\u00edtica faz!<\/strong><\/p>\n<p>Todo o esp\u00edrito cr\u00edtico n\u00e3o pode isentar a pol\u00edtica como se fosse um sector onde n\u00e3o h\u00e1 manipula\u00e7\u00e3o da informa\u00e7\u00e3o e desinforma\u00e7\u00e3o e isto porque \u00e9 da natureza da defesa de interesses criar-se apar\u00eancias ou distor\u00e7\u00f5es para beneficiar certos atores pol\u00edticos e prejudicar seus advers\u00e1rios.<\/p>\n<p>No discurso pol\u00edtico, a que estamos\u00a0 habituados,\u00a0 \u00e9 not\u00f3ria a tend\u00eancia das partes para justificarem ac\u00e7\u00f5es hediondas e as fazerem acompanhar com rect\u00f3ricas de valores \u00e9ticos positivos, o que leva uns e outros a ca\u00edrem numa atitude de bisbilhotice tendente a encobrir os verdadeiros interesses que se encontram por tr\u00e1s de muitas das ac\u00e7\u00f5es pol\u00edticas e das suas declara\u00e7\u00f5es p\u00fablicas. <strong>Muitos pol\u00edticos do topo investem na bisbilhotice p\u00fablica, fazendo lembrar a dona de casa que de vez em quando lan\u00e7a uma m\u00e3o cheia de gr\u00e3os no galinheiro e deste modo cala o inc\u00f3modo barulho da capoeira. <\/strong><\/p>\n<p>Os meus textos pretendem precisamente levar \u00e0 reflex\u00e3o porque nem sempre o que parece \u00e9 necessariamente verdadeiro ou reflete a realidade. Importante \u00e9 tentarmos sempre procurar a verdade na consci\u00eancia de que n\u00e3o a temos (eu estou consciente que apresento apenas uma perspectiva da realidade) e por isso tamb\u00e9m estarmos conscientes das estrat\u00e9gias de manipula\u00e7\u00e3o pol\u00edtica que podem estar em jogo tanto da parte da NATO como da Federa\u00e7\u00e3o russa no emaranhado geopol\u00edtico em que estamos metidos e que faz prever grandes desgra\u00e7as mesmo a n\u00edvel mundial.<\/p>\n<p>O que as parte contr\u00e1rias dizem s\u00e3o aspectos importantes a ter em conta numa reflex\u00e3o pol\u00edtica, mas sem a necessidade de desfazer a validade de outras perspectivas!\u00a0 <strong>Escrevo, n\u00e3o com a inten\u00e7\u00e3o de criar pros\u00e9litos de uma ou outra fac\u00e7\u00e3o rival, mas para que todos participemos no discurso pol\u00edtico p\u00fablico de maneira a poder-se garantir que a pol\u00edtica seja conduzida de forma justa e respons\u00e1vel.<\/strong><\/p>\n<p>A busca de informa\u00e7\u00f5es de fontes confi\u00e1veis exige de todos n\u00f3s esp\u00edrito cr\u00edtico e a consci\u00eancia das estrat\u00e9gias de manipula\u00e7\u00e3o pol\u00edtica em jogo usadas pelos contraentes para imporem os seus interesses, quer de um lado quer do outro. <strong>N\u00e3o se trata aqui de bagun\u00e7ar a pol\u00edtica, mas de estarmos preparados para a lermos nas entrelinhas. \u00a0Os subterf\u00fagios de divulga\u00e7\u00e3o de factos manipulados (apresentados e interpretados com um objectivo em vista) e a cria\u00e7\u00e3o de configura\u00e7\u00f5es simplicistas e eventos simb\u00f3licos fazem parte do neg\u00f3cio pol\u00edtico.<\/strong><\/p>\n<p>Isso pode ocorrer atrav\u00e9s da divulga\u00e7\u00e3o de not\u00edcias falsas, discursos enganosos ou mesmo por meio de apar\u00eancias simplistas, como a\u00e7\u00f5es simb\u00f3licas que parecem demonstrar comprometimento com certos valores ou quest\u00f5es.<\/p>\n<p>N\u00e3o h\u00e1 pol\u00edtica de cara lavada. N\u00e3o se trata de lavar a sujidade do bloco NATO com a sujidade da Federa\u00e7\u00e3o russa, nem vice-versa. O pretendido \u00e9 apresentar aspectos ou reflex\u00f5es que nos nossos meios de comunica\u00e7\u00e3o se evitam numa meada da interpreta\u00e7\u00e3o dos factos de tend\u00eancia utilit\u00e1ria perspectivista.<\/p>\n<p><strong>Quanto \u00e0 guerra justa trata-se de uma quest\u00e3o que pertence \u00e0 controv\u00e9rsia e n\u00e3o satisfaz nem a \u00e9tica nem os interesses das popula\u00e7\u00f5es porque se d\u00e1 \u00e0 custa de desumanidades e do preceito de vencer.<\/strong> <strong>Guerra justa ser\u00e1 uma procura de justifica\u00e7\u00e3o para uma interven\u00e7\u00e3o.<\/strong> Costuma-se dizer que h\u00e1 guerra justa quando acontece em autodefesa ou em defesa de uma popula\u00e7\u00e3o oprimida o que na Ucr\u00e2nia torna a coisa mais complicada do que se quer fazer crer. Um outro d\u00e9ficit \u00e9 o facto de o povo n\u00e3o poder decidir de uma guerra justa, sendo isso reservado para os poderosos movidos de interesses pr\u00f3prios.<\/p>\n<p><strong>Quanto \u00e0 guerra geopol\u00edtica a desenrolar-se na Ucr\u00e2nia \u00e9 uma guerra injusta tamb\u00e9m porque, no meu entender, n\u00e3o haver\u00e1 hip\u00f3tese de haver um vencedor de m\u00e3os limpas e as consequ\u00eancias (tidas como justas!)\u00a0 ser\u00e3o uma guerra mundial.<\/strong> O que na Ucr\u00e2nia aconteceu desde 2014 com a guerra civil em que foram mortos 14 mil civis e 4 mil soldados e de que n\u00e3o se falava e que eu em artigo de\u00a0 2014 previa tornar-se num conflito mundial,\u00a0 s\u00f3 mostra a barbaridade das partes envolvidas (R\u00fassia, EUA, EU e os interesses de certos oligarcas ucranianos e outros a eles unidos) sem ter em conta os interesses das popula\u00e7\u00f5es ucranianas. Segundo afirma\u00e7\u00f5es de pol\u00edticos respons\u00e1veis ocidentais (\u00c2ngela Merkel) os acordos Minzk 1 + 2 (1) foram apenas para a EUA e a EU ganharem tempo e n\u00e3o para se criar paz; por isso n\u00e3o foi cumprido! O sofrimento humano e a destrui\u00e7\u00e3o em via deveriam levar a parte mais humana a fomentar compromissos de paz!<\/p>\n<p>Guerra s\u00f3 cria mais viol\u00eancia e injusti\u00e7as; neste sentido os governantes andam todos de cara suja. <strong>O poder, o neg\u00f3cio e os interesses econ\u00f3micos s\u00e3o os impeditivos de iniciativas de diplomacia e de media\u00e7\u00e3o.<\/strong> <strong>O resto resume-se em discurso hip\u00f3crita para desviar as aten\u00e7\u00f5es do que verdadeiramente se encontra em jogo.<\/strong><\/p>\n<p><strong>Ant\u00f3nio CD Justo<\/strong><\/p>\n<p>Pegadas do Tempo<\/p>\n<p>(1) Minzk 1 + 2\u00a0 abkommen <a href=\"https:\/\/www.bpb.de\/themen\/europa\/ukraine-analysen\/205903\/analyse-faktencheck-die-umsetzung-der-minsker-vereinbarungen-zum-donbass-konflikt\/\">https:\/\/www.bpb.de\/themen\/europa\/ukraine-analysen\/205903\/analyse-faktencheck-die-umsetzung-der-minsker-vereinbarungen-zum-donbass-konflikt\/<\/a><\/p>\n","protected":false},"excerpt":{"rendered":"<p>A express\u00e3o idiom\u00e1tica &#8220;em pol\u00edtica o que parece \u00e9&#8221; para ter uma perspectiva verdadeira ter\u00e1 que ter em vista o contexto em que \u00e9 aplicada. Dado hoje a percep\u00e7\u00e3o p\u00fablica influenciar muito os pol\u00edticos, estes moldam os seus discursos de maneira a parecerem positivos e em sintonia com o que o eleitorado deseja. A frase &hellip; <a href=\"https:\/\/antonio-justo.eu\/?p=8676\" class=\"more-link\">Continuar a ler <span class=\"screen-reader-text\">DO DITO \u201cEM POL\u00cdTICA O QUE PARECE \u00c9\u201d E DA JUSTEZA DAS GUERRAS<\/span><\/a><\/p>\n","protected":false},"author":1,"featured_media":0,"comment_status":"open","ping_status":"open","sticky":false,"template":"","format":"standard","meta":{"sfsi_plus_gutenberg_text_before_share":"","sfsi_plus_gutenberg_show_text_before_share":"","sfsi_plus_gutenberg_icon_type":"","sfsi_plus_gutenberg_icon_alignemt":"","sfsi_plus_gutenburg_max_per_row":"","footnotes":""},"categories":[15,14,7,16],"tags":[],"class_list":["post-8676","post","type-post","status-publish","format-standard","hentry","category-cultura","category-economia","category-politica","category-sociedade"],"_links":{"self":[{"href":"https:\/\/antonio-justo.eu\/index.php?rest_route=\/wp\/v2\/posts\/8676","targetHints":{"allow":["GET"]}}],"collection":[{"href":"https:\/\/antonio-justo.eu\/index.php?rest_route=\/wp\/v2\/posts"}],"about":[{"href":"https:\/\/antonio-justo.eu\/index.php?rest_route=\/wp\/v2\/types\/post"}],"author":[{"embeddable":true,"href":"https:\/\/antonio-justo.eu\/index.php?rest_route=\/wp\/v2\/users\/1"}],"replies":[{"embeddable":true,"href":"https:\/\/antonio-justo.eu\/index.php?rest_route=%2Fwp%2Fv2%2Fcomments&post=8676"}],"version-history":[{"count":3,"href":"https:\/\/antonio-justo.eu\/index.php?rest_route=\/wp\/v2\/posts\/8676\/revisions"}],"predecessor-version":[{"id":8679,"href":"https:\/\/antonio-justo.eu\/index.php?rest_route=\/wp\/v2\/posts\/8676\/revisions\/8679"}],"wp:attachment":[{"href":"https:\/\/antonio-justo.eu\/index.php?rest_route=%2Fwp%2Fv2%2Fmedia&parent=8676"}],"wp:term":[{"taxonomy":"category","embeddable":true,"href":"https:\/\/antonio-justo.eu\/index.php?rest_route=%2Fwp%2Fv2%2Fcategories&post=8676"},{"taxonomy":"post_tag","embeddable":true,"href":"https:\/\/antonio-justo.eu\/index.php?rest_route=%2Fwp%2Fv2%2Ftags&post=8676"}],"curies":[{"name":"wp","href":"https:\/\/api.w.org\/{rel}","templated":true}]}}