{"id":8539,"date":"2023-05-23T21:06:36","date_gmt":"2023-05-23T20:06:36","guid":{"rendered":"https:\/\/antonio-justo.eu\/?p=8539"},"modified":"2023-05-23T21:11:09","modified_gmt":"2023-05-23T20:11:09","slug":"as-canas-da-festa-da-governacao","status":"publish","type":"post","link":"https:\/\/antonio-justo.eu\/?p=8539","title":{"rendered":"AS CANAS DA FESTA DA GOVERNA\u00c7\u00c3O"},"content":{"rendered":"<p>&nbsp;<\/p>\n<p>Os portugueses deixam os pol\u00edticos andar na ramboia festiva quase todo o ano e depois admiram-se dos foguetes dela e do foguet\u00f3rio da imprensa.<\/p>\n<p>No meio de tudo isto o debate p\u00fablico portugu\u00eas, faz-me lembrar a crian\u00e7ada da minha terra e de outros tempos que se deitava a correr atr\u00e1s das canas dos foguetes sem se preocupar com as sementeiras!<\/p>\n<p>O inqu\u00e9rito \u00e0 TAP al\u00e9m da poeira que levanta n\u00e3o d\u00e1 para tapar os gastos da bo\u00e9mia pol\u00edtica! No fim ficam as canas que servem para fazer alguns tapumes!<\/p>\n<p>E viva a Festa!!!<\/p>\n<p>Ant\u00f3nio CD Justo<\/p>\n<p>Pegadas do Tempo<\/p>\n","protected":false},"excerpt":{"rendered":"<p>&nbsp; Os portugueses deixam os pol\u00edticos andar na ramboia festiva quase todo o ano e depois admiram-se dos foguetes dela e do foguet\u00f3rio da imprensa. No meio de tudo isto o debate p\u00fablico portugu\u00eas, faz-me lembrar a crian\u00e7ada da minha terra e de outros tempos que se deitava a correr atr\u00e1s das canas dos foguetes &hellip; <a href=\"https:\/\/antonio-justo.eu\/?p=8539\" class=\"more-link\">Continuar a ler <span class=\"screen-reader-text\">AS CANAS DA FESTA DA GOVERNA\u00c7\u00c3O<\/span><\/a><\/p>\n","protected":false},"author":1,"featured_media":0,"comment_status":"open","ping_status":"open","sticky":false,"template":"","format":"standard","meta":{"sfsi_plus_gutenberg_text_before_share":"","sfsi_plus_gutenberg_show_text_before_share":"","sfsi_plus_gutenberg_icon_type":"","sfsi_plus_gutenberg_icon_alignemt":"","sfsi_plus_gutenburg_max_per_row":"","footnotes":""},"categories":[15,14,7,16],"tags":[],"class_list":["post-8539","post","type-post","status-publish","format-standard","hentry","category-cultura","category-economia","category-politica","category-sociedade"],"_links":{"self":[{"href":"https:\/\/antonio-justo.eu\/index.php?rest_route=\/wp\/v2\/posts\/8539","targetHints":{"allow":["GET"]}}],"collection":[{"href":"https:\/\/antonio-justo.eu\/index.php?rest_route=\/wp\/v2\/posts"}],"about":[{"href":"https:\/\/antonio-justo.eu\/index.php?rest_route=\/wp\/v2\/types\/post"}],"author":[{"embeddable":true,"href":"https:\/\/antonio-justo.eu\/index.php?rest_route=\/wp\/v2\/users\/1"}],"replies":[{"embeddable":true,"href":"https:\/\/antonio-justo.eu\/index.php?rest_route=%2Fwp%2Fv2%2Fcomments&post=8539"}],"version-history":[{"count":4,"href":"https:\/\/antonio-justo.eu\/index.php?rest_route=\/wp\/v2\/posts\/8539\/revisions"}],"predecessor-version":[{"id":8543,"href":"https:\/\/antonio-justo.eu\/index.php?rest_route=\/wp\/v2\/posts\/8539\/revisions\/8543"}],"wp:attachment":[{"href":"https:\/\/antonio-justo.eu\/index.php?rest_route=%2Fwp%2Fv2%2Fmedia&parent=8539"}],"wp:term":[{"taxonomy":"category","embeddable":true,"href":"https:\/\/antonio-justo.eu\/index.php?rest_route=%2Fwp%2Fv2%2Fcategories&post=8539"},{"taxonomy":"post_tag","embeddable":true,"href":"https:\/\/antonio-justo.eu\/index.php?rest_route=%2Fwp%2Fv2%2Ftags&post=8539"}],"curies":[{"name":"wp","href":"https:\/\/api.w.org\/{rel}","templated":true}]}}