{"id":8413,"date":"2023-03-26T11:36:25","date_gmt":"2023-03-26T10:36:25","guid":{"rendered":"https:\/\/antonio-justo.eu\/?p=8413"},"modified":"2023-03-26T11:51:49","modified_gmt":"2023-03-26T10:51:49","slug":"rica-e-simbolica-iniciativa-de-francisco-pela-paz-criar-espaco-para-a-maternidade-na-sociedade","status":"publish","type":"post","link":"https:\/\/antonio-justo.eu\/?p=8413","title":{"rendered":"OPORTUNA E SIMB\u00d3LICA INICIATIVA DE FRANCISCO PELA PAZ \u2013 CRIAR ESPA\u00c7O PARA A MATERNIDADE NA SOCIEDADE"},"content":{"rendered":"<p>O mundo est\u00e1 precisando de uma m\u00e3e, de uma m\u00e3e de toda a humanidade sem discrimina\u00e7\u00f5es, uma m\u00e3e que modere os interesses de institui\u00e7\u00f5es poderosas que abusam do poder, que usam mal da masculinidade para manterem os povos como seu rebanho e n\u00e3o como irm\u00e3os.<\/p>\n<p>No cora\u00e7\u00e3o de cada um de n\u00f3s encontramos aquela parte m\u00e3e em n\u00f3s, aquela energia maternal e criativa t\u00e3o esquecida e atafegada por um mundo cada vez mais macho e, na arrog\u00e2ncia, \u00a0alheado de si mesmo.<\/p>\n<p>Em 2022 o Papa tinha dedicado o dia 25 de Mar\u00e7o como um dia especial para rogar pela paz na R\u00fassia e na Ucr\u00e2nia. Neste sentido convocou todo o mundo, todas as pessoas para terem presente o dia 25 de Mar\u00e7o dia da renova\u00e7\u00e3o da consagra\u00e7\u00e3o da R\u00fassia e da Ucr\u00e2nia ao imaculado Cora\u00e7\u00e3o de Maria, a rainha da Paz.<\/p>\n<p>Cada pessoa \u00e9 chamada a realizar no seu cora\u00e7\u00e3o a consagra\u00e7\u00e3o dos dois povos \u00e0 rainha da paz.<\/p>\n<p>Um bom domingo para todos!<\/p>\n<p>Ant\u00f3nio CD Justo<\/p>\n<p>Pegadas do Tempo<\/p>\n","protected":false},"excerpt":{"rendered":"<p>O mundo est\u00e1 precisando de uma m\u00e3e, de uma m\u00e3e de toda a humanidade sem discrimina\u00e7\u00f5es, uma m\u00e3e que modere os interesses de institui\u00e7\u00f5es poderosas que abusam do poder, que usam mal da masculinidade para manterem os povos como seu rebanho e n\u00e3o como irm\u00e3os. No cora\u00e7\u00e3o de cada um de n\u00f3s encontramos aquela parte &hellip; <a href=\"https:\/\/antonio-justo.eu\/?p=8413\" class=\"more-link\">Continuar a ler <span class=\"screen-reader-text\">OPORTUNA E SIMB\u00d3LICA INICIATIVA DE FRANCISCO PELA PAZ \u2013 CRIAR ESPA\u00c7O PARA A MATERNIDADE NA SOCIEDADE<\/span><\/a><\/p>\n","protected":false},"author":1,"featured_media":0,"comment_status":"open","ping_status":"open","sticky":false,"template":"","format":"standard","meta":{"sfsi_plus_gutenberg_text_before_share":"","sfsi_plus_gutenberg_show_text_before_share":"","sfsi_plus_gutenberg_icon_type":"","sfsi_plus_gutenberg_icon_alignemt":"","sfsi_plus_gutenburg_max_per_row":"","footnotes":""},"categories":[15,7,8,16],"tags":[],"class_list":["post-8413","post","type-post","status-publish","format-standard","hentry","category-cultura","category-politica","category-religiao","category-sociedade"],"_links":{"self":[{"href":"https:\/\/antonio-justo.eu\/index.php?rest_route=\/wp\/v2\/posts\/8413","targetHints":{"allow":["GET"]}}],"collection":[{"href":"https:\/\/antonio-justo.eu\/index.php?rest_route=\/wp\/v2\/posts"}],"about":[{"href":"https:\/\/antonio-justo.eu\/index.php?rest_route=\/wp\/v2\/types\/post"}],"author":[{"embeddable":true,"href":"https:\/\/antonio-justo.eu\/index.php?rest_route=\/wp\/v2\/users\/1"}],"replies":[{"embeddable":true,"href":"https:\/\/antonio-justo.eu\/index.php?rest_route=%2Fwp%2Fv2%2Fcomments&post=8413"}],"version-history":[{"count":2,"href":"https:\/\/antonio-justo.eu\/index.php?rest_route=\/wp\/v2\/posts\/8413\/revisions"}],"predecessor-version":[{"id":8415,"href":"https:\/\/antonio-justo.eu\/index.php?rest_route=\/wp\/v2\/posts\/8413\/revisions\/8415"}],"wp:attachment":[{"href":"https:\/\/antonio-justo.eu\/index.php?rest_route=%2Fwp%2Fv2%2Fmedia&parent=8413"}],"wp:term":[{"taxonomy":"category","embeddable":true,"href":"https:\/\/antonio-justo.eu\/index.php?rest_route=%2Fwp%2Fv2%2Fcategories&post=8413"},{"taxonomy":"post_tag","embeddable":true,"href":"https:\/\/antonio-justo.eu\/index.php?rest_route=%2Fwp%2Fv2%2Ftags&post=8413"}],"curies":[{"name":"wp","href":"https:\/\/api.w.org\/{rel}","templated":true}]}}