{"id":8389,"date":"2023-03-15T22:24:45","date_gmt":"2023-03-15T21:24:45","guid":{"rendered":"https:\/\/antonio-justo.eu\/?p=8389"},"modified":"2023-03-15T22:25:32","modified_gmt":"2023-03-15T21:25:32","slug":"suecia-com-a-mais-baixa-taxa-de-mortalidade-excessiva-nos-anos-corona","status":"publish","type":"post","link":"https:\/\/antonio-justo.eu\/?p=8389","title":{"rendered":"SU\u00c9CIA COM A MAIS BAIXA TAXA DE MORTALIDADE EXCESSIVA NOS ANOS CORONA!"},"content":{"rendered":"<p>&nbsp;<\/p>\n<p>O centro de estat\u00edstica sueco SCB, com base em dados estat\u00edsticos da UE, Eurostat, chegou \u00e0 conclus\u00e3o que nos anos Corona de 2020 a 2022, a Su\u00e9cia teve estatisticamente a menor taxa de excesso de mortalidade em toda da Europa.<br \/>\nEm compara\u00e7\u00e3o com os tr\u00eas anos anteriores ao Corona, de 2017 a 2019, a taxa de mortalidade na Su\u00e9cia aumentou 4,4%. A maioria dos que morreram tinha mais de 70 anos, muitos haviam sido infectados em lares de idosos.<br \/>\nNa Alemanha os mortos atingiram um valor acrescentado bastante mais alto de 8,6 por cento. A taxa foi mais elevada na Eslov\u00e1quia com 18,7% e na Bulg\u00e1ria com 19,8%.<br \/>\nO governo da Su\u00e9cia foi muito liberal quando se tratou de decretar medidas contra a pandemia.<\/p>\n<p>H\u00e1 que atender que de pa\u00eds para pa\u00eds se observam grandes diferen\u00e7as na maneira como definem e registram as mortes por corona. A Su\u00e9cia superou a pandemia com uma taxa de mortalidade excessiva relativamente baixa. Mas ainda \u00e9 muito cedo para se tomarem conclus\u00f5es de que as medidas corona n\u00e3o t\u00eam efeito ou que fazem mais mal do que bem.<br \/>\nPor outro lado h\u00e1 malef\u00edcios que que s\u00f3 mais tarde poder\u00e3o vir a ser avaliados!<br \/>\nAnt\u00f3nio CD Justo<br \/>\nPegadas do Tempo<\/p>\n","protected":false},"excerpt":{"rendered":"<p>&nbsp; O centro de estat\u00edstica sueco SCB, com base em dados estat\u00edsticos da UE, Eurostat, chegou \u00e0 conclus\u00e3o que nos anos Corona de 2020 a 2022, a Su\u00e9cia teve estatisticamente a menor taxa de excesso de mortalidade em toda da Europa. Em compara\u00e7\u00e3o com os tr\u00eas anos anteriores ao Corona, de 2017 a 2019, a &hellip; <a href=\"https:\/\/antonio-justo.eu\/?p=8389\" class=\"more-link\">Continuar a ler <span class=\"screen-reader-text\">SU\u00c9CIA COM A MAIS BAIXA TAXA DE MORTALIDADE EXCESSIVA NOS ANOS CORONA!<\/span><\/a><\/p>\n","protected":false},"author":1,"featured_media":0,"comment_status":"open","ping_status":"open","sticky":false,"template":"","format":"standard","meta":{"sfsi_plus_gutenberg_text_before_share":"","sfsi_plus_gutenberg_show_text_before_share":"","sfsi_plus_gutenberg_icon_type":"","sfsi_plus_gutenberg_icon_alignemt":"","sfsi_plus_gutenburg_max_per_row":"","footnotes":""},"categories":[15,14,7,16],"tags":[],"class_list":["post-8389","post","type-post","status-publish","format-standard","hentry","category-cultura","category-economia","category-politica","category-sociedade"],"_links":{"self":[{"href":"https:\/\/antonio-justo.eu\/index.php?rest_route=\/wp\/v2\/posts\/8389","targetHints":{"allow":["GET"]}}],"collection":[{"href":"https:\/\/antonio-justo.eu\/index.php?rest_route=\/wp\/v2\/posts"}],"about":[{"href":"https:\/\/antonio-justo.eu\/index.php?rest_route=\/wp\/v2\/types\/post"}],"author":[{"embeddable":true,"href":"https:\/\/antonio-justo.eu\/index.php?rest_route=\/wp\/v2\/users\/1"}],"replies":[{"embeddable":true,"href":"https:\/\/antonio-justo.eu\/index.php?rest_route=%2Fwp%2Fv2%2Fcomments&post=8389"}],"version-history":[{"count":1,"href":"https:\/\/antonio-justo.eu\/index.php?rest_route=\/wp\/v2\/posts\/8389\/revisions"}],"predecessor-version":[{"id":8390,"href":"https:\/\/antonio-justo.eu\/index.php?rest_route=\/wp\/v2\/posts\/8389\/revisions\/8390"}],"wp:attachment":[{"href":"https:\/\/antonio-justo.eu\/index.php?rest_route=%2Fwp%2Fv2%2Fmedia&parent=8389"}],"wp:term":[{"taxonomy":"category","embeddable":true,"href":"https:\/\/antonio-justo.eu\/index.php?rest_route=%2Fwp%2Fv2%2Fcategories&post=8389"},{"taxonomy":"post_tag","embeddable":true,"href":"https:\/\/antonio-justo.eu\/index.php?rest_route=%2Fwp%2Fv2%2Ftags&post=8389"}],"curies":[{"name":"wp","href":"https:\/\/api.w.org\/{rel}","templated":true}]}}