{"id":8317,"date":"2023-02-16T15:49:10","date_gmt":"2023-02-16T14:49:10","guid":{"rendered":"https:\/\/antonio-justo.eu\/?p=8317"},"modified":"2023-02-18T17:45:36","modified_gmt":"2023-02-18T16:45:36","slug":"na-agenda-contra-os-avos","status":"publish","type":"post","link":"https:\/\/antonio-justo.eu\/?p=8317","title":{"rendered":"NA AGENDA CONTRA OS AV\u00d3S"},"content":{"rendered":"<p style=\"text-align: center;\"><strong>Sacrificar a Vida dos idosos para salvar a Economia<\/strong><\/p>\n<p><strong>Ainda nos encontramos em meio da discuss\u00e3o sobre a arte de uma morte apressada (eutan\u00e1sia) e j\u00e1 a pol\u00edtica e a economia avan\u00e7am descaradamente para o pr\u00f3ximo cap\u00edtulo! Dan Patrick (Vice-Governador do Texas) sem hesitar diz claramente: \u201eOs velhos deveriam sacrificar-se para salvar a economia e n\u00e3o paralisar o pa\u00eds norte-americano. Devem morrer\u201d!<\/strong><\/p>\n<p><strong>Christine Lagarde, ex-presidente do Fundo Monet\u00e1rio Internacional e atualmente Gerente do Banco Central Europeu ajuda: \u201cOs anci\u00e3os vivem demasiado e isso \u00e9 um risco para economia global.\u201d<\/strong><\/p>\n<p><strong>Taro Aso (Ministro das Finan\u00e7as do Jap\u00e3o) pede aos velhos que se apressem a morrer para que o estado n\u00e3o tenha de pagar as suas pens\u00f5es.<\/strong><\/p>\n<p><strong>N\u00e3o se trata de matar j\u00e1 os idosos, mas criar press\u00e3o sobre eles para que estes se matem com a ajuda do Estado. A pol\u00edtica parece j\u00e1 andar a preparar o caminho com a liberaliza\u00e7\u00e3o da eutan\u00e1sia para que tamb\u00e9m a morte se torne mais r\u00e1pida e econ\u00f3mica. O n\u00famero de suic\u00eddios \u00e9 alarmante!<\/strong><\/p>\n<p><strong>Segundo Durkheim, as causas de suic\u00eddio s\u00e3o sempre sociais! Conforme Statista (1), na Europa no topo do triste ranking de suic\u00eddios est\u00e1 a Litu\u00e2nia com 26,1 suic\u00eddios por 100.000 habitantes: a Alemanha com 12,3; Portugal e Fran\u00e7a 10,0-14,9 por 100.000 habitantes; Espanha, It\u00e1lia, Inglaterra 5,0-9,9; Alb\u00e2nia 4.3; Turquia 2,3; \u00a0Europa m\u00e9dia 10,2. No mundo, uma em cada 100 mortes a causa \u00e9 suic\u00eddio.<\/strong> <strong>Brasiil: 6,4; Angola: 12,6; Mo\u00e7ambique: 23,2 (2).<\/strong><\/p>\n<p>A nova sociedade com novas agendas universais por vezes depravadas j\u00e1 n\u00e3o parece estar t\u00e3o interessada em salvar a pessoa como em salvar a economia! A maldade humana \u00e9 infinita<strong>! Quando j\u00e1 dizem isto em voz alta contra os av\u00f3s, o que j\u00e1 n\u00e3o estar\u00e1 para vir? <\/strong>E n\u00f3s falamos ingenuamente de eutan\u00e1sia, de aborto, de desrespeito da vida humana, de direitos humanos e de liberdade.<\/p>\n<p>Em vez de me ocupar com a triste realidade de uma mentalidade da tanatofilia e de uma economia recycling das pessoas idosas, como querem certos influenciadores da mentalidade social, passo a referir-me aos av\u00f3s e dizer-lhes: <strong>\u201cav\u00f3s n\u00f3s amamo-vos\u201d apesar da agenda contra v\u00f3s. A Europa propagou o niilismo nas mentalidades e agora trata-se de passar \u00e0 sua pr\u00e1tica! A Europa est\u00e1 empenhada em acabar com ela mesma.<\/strong><\/p>\n<p><strong>Os av\u00f3s constru\u00edram a nossa sociedade e pagaram as suas contribui\u00e7\u00f5es para terem direito \u00e0s suas reformas! Pertencem \u00e0 gera\u00e7\u00e3o que mais se sacrificou para chegarmos ao n\u00edvel social em que nos encontramos hoje e surgem os ingratos do sistema que preferem gastar os seus dinheiros em guerras em empresas megal\u00f3manas!<\/strong> As pessoas idosas sempre foram respeitadas nas gera\u00e7\u00f5es passadas; quem os despreza menospreza as gera\u00e7\u00f5es novas que ser\u00e3o os anci\u00e3os de amanh\u00e3. Estes s\u00e3o muito importantes tamb\u00e9m na vida das crian\u00e7as.<\/p>\n<p><strong>Agora que a agenda \u00e9 contra Deus, p\u00e1tria e fam\u00edlia e s\u00f3 o dinheiro conta, o clima social muda de maneira assustadora<\/strong>. Quando \u00e9ramos pequenos \u00e9ramos netos e sobrinhos, e muitos se beijavam no colo dos av\u00f3s. Hoje a sociedade com seus poucos recursos para a fam\u00edlia exige que os av\u00f3s sejam chamados para prestar assist\u00eancia, mas para<strong> silenciar a m\u00e1 consci\u00eancia da classe dominante,<\/strong> <strong>ati\u00e7a-se o mau humor contra os av\u00f3s.<\/strong> Vivemos mais, mas contribu\u00edmos para que dev\u00eassemos viver com mais dignidade e hoje, quando o casamento n\u00e3o dura tanto, muitas vezes somos os \u00fanicos que permanecem como um elo<strong>. <\/strong><\/p>\n<p><strong>Actualmente a expectativa de vida m\u00e9dia em Portugal \u00e9 de 77,67 <\/strong><strong>anos para os homens e 83,37 anos para as mulheres; <\/strong><strong>na Alemanha \u00e9 78,9 anos para homens e 83,6 anos para mulheres. <\/strong>O n\u00famero de av\u00f3s multiplica-se e o n\u00famero de rec\u00e9m-nascidos est\u00e1 diminuindo, apesar de os muitos estrangeiros serem mais propensos a ter crian\u00e7as. Sem os av\u00f3s muitas coisas na vida profissional seriam m\u00e1s. Apesar do benef\u00edcio dos anci\u00e3os a sua dignidade n\u00e3o se mede pelos servi\u00e7os, mas pela dignidade humana e pelo respeito que se deve a toda a gente, mas especialmente aos mais d\u00e9beis.<\/p>\n<p><strong>Ant\u00f3nio CD Justo<\/strong><\/p>\n<p>Pegadas do Tempo<\/p>\n<p>(1) Statista: <a href=\"https:\/\/de.statista.com\/infografik\/28166\/geschaetzte-suizidrate-in-europa\/\">https:\/\/de.statista.com\/infografik\/28166\/geschaetzte-suizidrate-in-europa\/<\/a><\/p>\n<p>E <a href=\"https:\/\/de.statista.com\/statistik\/daten\/studie\/1311956\/umfrage\/suizidrate-in-ausgewaehlten-laendern\/\">https:\/\/de.statista.com\/statistik\/daten\/studie\/1311956\/umfrage\/suizidrate-in-ausgewaehlten-laendern\/<\/a><\/p>\n<p>(2) Vikipedia: <a href=\"https:\/\/pt.wikipedia.org\/wiki\/Lista_de_pa%C3%ADses_por_taxa_de_suic%C3%ADdio\">https:\/\/pt.wikipedia.org\/wiki\/Lista_de_pa%C3%ADses_por_taxa_de_suic%C3%ADdio<\/a><\/p>\n","protected":false},"excerpt":{"rendered":"<p>Sacrificar a Vida dos idosos para salvar a Economia Ainda nos encontramos em meio da discuss\u00e3o sobre a arte de uma morte apressada (eutan\u00e1sia) e j\u00e1 a pol\u00edtica e a economia avan\u00e7am descaradamente para o pr\u00f3ximo cap\u00edtulo! Dan Patrick (Vice-Governador do Texas) sem hesitar diz claramente: \u201eOs velhos deveriam sacrificar-se para salvar a economia e &hellip; <a href=\"https:\/\/antonio-justo.eu\/?p=8317\" class=\"more-link\">Continuar a ler <span class=\"screen-reader-text\">NA AGENDA CONTRA OS AV\u00d3S<\/span><\/a><\/p>\n","protected":false},"author":1,"featured_media":0,"comment_status":"open","ping_status":"open","sticky":false,"template":"","format":"standard","meta":{"sfsi_plus_gutenberg_text_before_share":"","sfsi_plus_gutenberg_show_text_before_share":"","sfsi_plus_gutenberg_icon_type":"","sfsi_plus_gutenberg_icon_alignemt":"","sfsi_plus_gutenburg_max_per_row":"","footnotes":""},"categories":[15,14,4,7,8,16],"tags":[],"class_list":["post-8317","post","type-post","status-publish","format-standard","hentry","category-cultura","category-economia","category-educacao","category-politica","category-religiao","category-sociedade"],"_links":{"self":[{"href":"https:\/\/antonio-justo.eu\/index.php?rest_route=\/wp\/v2\/posts\/8317","targetHints":{"allow":["GET"]}}],"collection":[{"href":"https:\/\/antonio-justo.eu\/index.php?rest_route=\/wp\/v2\/posts"}],"about":[{"href":"https:\/\/antonio-justo.eu\/index.php?rest_route=\/wp\/v2\/types\/post"}],"author":[{"embeddable":true,"href":"https:\/\/antonio-justo.eu\/index.php?rest_route=\/wp\/v2\/users\/1"}],"replies":[{"embeddable":true,"href":"https:\/\/antonio-justo.eu\/index.php?rest_route=%2Fwp%2Fv2%2Fcomments&post=8317"}],"version-history":[{"count":2,"href":"https:\/\/antonio-justo.eu\/index.php?rest_route=\/wp\/v2\/posts\/8317\/revisions"}],"predecessor-version":[{"id":8320,"href":"https:\/\/antonio-justo.eu\/index.php?rest_route=\/wp\/v2\/posts\/8317\/revisions\/8320"}],"wp:attachment":[{"href":"https:\/\/antonio-justo.eu\/index.php?rest_route=%2Fwp%2Fv2%2Fmedia&parent=8317"}],"wp:term":[{"taxonomy":"category","embeddable":true,"href":"https:\/\/antonio-justo.eu\/index.php?rest_route=%2Fwp%2Fv2%2Fcategories&post=8317"},{"taxonomy":"post_tag","embeddable":true,"href":"https:\/\/antonio-justo.eu\/index.php?rest_route=%2Fwp%2Fv2%2Ftags&post=8317"}],"curies":[{"name":"wp","href":"https:\/\/api.w.org\/{rel}","templated":true}]}}