{"id":8166,"date":"2023-01-06T21:36:17","date_gmt":"2023-01-06T20:36:17","guid":{"rendered":"https:\/\/antonio-justo.eu\/?p=8166"},"modified":"2023-01-06T21:49:27","modified_gmt":"2023-01-06T20:49:27","slug":"dia-dos-reis-magos","status":"publish","type":"post","link":"https:\/\/antonio-justo.eu\/?p=8166","title":{"rendered":"DIA DOS REIS MAGOS"},"content":{"rendered":"<div>\n<div class=\"\" dir=\"auto\">\n<div id=\"jsc_c_fu\" class=\"x1iorvi4 x1pi30zi xjkvuk6 x1swvt13\" data-ad-comet-preview=\"message\" data-ad-preview=\"message\">\n<div class=\"x78zum5 xdt5ytf xz62fqu x16ldp7u\">\n<div class=\"xu06os2 x1ok221b\">\n<div class=\"x11i5rnm xat24cr x1mh8g0r x1vvkbs xdj266r x126k92a\">\n<div dir=\"auto\"><\/div>\n<\/div>\n<div class=\"x11i5rnm xat24cr x1mh8g0r x1vvkbs xtlvy1s x126k92a\">\n<div class=\"x11i5rnm xat24cr x1mh8g0r x1vvkbs xtlvy1s x126k92a\">\n<div dir=\"auto\">No c\u00e9u estrelado uma estrela mais forte brilhava para todos, para todos ela cintilava no c\u00e9u de Bel\u00e9m.<\/div>\n<div dir=\"auto\">No sil\u00eancio da noite h\u00e1 sempre uma estrela que brilha no c\u00e9u e no nosso interior&#8230;<\/div>\n<div dir=\"auto\">Ainda me lembro muito bem de quando neste dia cant\u00e1vamos as janeiras. Na alemanha neste dia v\u00e3o milhares de jovens cat\u00f3licos bater \u00e0 porta das pessoas e o que juntam dedica-se a uma ac\u00e7\u00e3o benfazeja!<\/div>\n<div dir=\"auto\">Neste dia \u00e9 Natal para os ortodoxos!<\/div>\n<div dir=\"auto\">Santo e feliz Natal para os de confiss\u00e3o ortodoxa.<\/div>\n<\/div>\n<div dir=\"auto\">Ant\u00f3nio Justo<\/div>\n<\/div>\n<\/div>\n<\/div>\n<\/div>\n<\/div>\n<\/div>\n","protected":false},"excerpt":{"rendered":"<p>No c\u00e9u estrelado uma estrela mais forte brilhava para todos, para todos ela cintilava no c\u00e9u de Bel\u00e9m. No sil\u00eancio da noite h\u00e1 sempre uma estrela que brilha no c\u00e9u e no nosso interior&#8230; Ainda me lembro muito bem de quando neste dia cant\u00e1vamos as janeiras. Na alemanha neste dia v\u00e3o milhares de jovens cat\u00f3licos &hellip; <a href=\"https:\/\/antonio-justo.eu\/?p=8166\" class=\"more-link\">Continuar a ler <span class=\"screen-reader-text\">DIA DOS REIS MAGOS<\/span><\/a><\/p>\n","protected":false},"author":1,"featured_media":0,"comment_status":"open","ping_status":"open","sticky":false,"template":"","format":"standard","meta":{"sfsi_plus_gutenberg_text_before_share":"","sfsi_plus_gutenberg_show_text_before_share":"","sfsi_plus_gutenberg_icon_type":"","sfsi_plus_gutenberg_icon_alignemt":"","sfsi_plus_gutenburg_max_per_row":"","footnotes":""},"categories":[8],"tags":[],"class_list":["post-8166","post","type-post","status-publish","format-standard","hentry","category-religiao"],"_links":{"self":[{"href":"https:\/\/antonio-justo.eu\/index.php?rest_route=\/wp\/v2\/posts\/8166","targetHints":{"allow":["GET"]}}],"collection":[{"href":"https:\/\/antonio-justo.eu\/index.php?rest_route=\/wp\/v2\/posts"}],"about":[{"href":"https:\/\/antonio-justo.eu\/index.php?rest_route=\/wp\/v2\/types\/post"}],"author":[{"embeddable":true,"href":"https:\/\/antonio-justo.eu\/index.php?rest_route=\/wp\/v2\/users\/1"}],"replies":[{"embeddable":true,"href":"https:\/\/antonio-justo.eu\/index.php?rest_route=%2Fwp%2Fv2%2Fcomments&post=8166"}],"version-history":[{"count":3,"href":"https:\/\/antonio-justo.eu\/index.php?rest_route=\/wp\/v2\/posts\/8166\/revisions"}],"predecessor-version":[{"id":8169,"href":"https:\/\/antonio-justo.eu\/index.php?rest_route=\/wp\/v2\/posts\/8166\/revisions\/8169"}],"wp:attachment":[{"href":"https:\/\/antonio-justo.eu\/index.php?rest_route=%2Fwp%2Fv2%2Fmedia&parent=8166"}],"wp:term":[{"taxonomy":"category","embeddable":true,"href":"https:\/\/antonio-justo.eu\/index.php?rest_route=%2Fwp%2Fv2%2Fcategories&post=8166"},{"taxonomy":"post_tag","embeddable":true,"href":"https:\/\/antonio-justo.eu\/index.php?rest_route=%2Fwp%2Fv2%2Ftags&post=8166"}],"curies":[{"name":"wp","href":"https:\/\/api.w.org\/{rel}","templated":true}]}}