{"id":8157,"date":"2023-01-01T17:37:46","date_gmt":"2023-01-01T16:37:46","guid":{"rendered":"https:\/\/antonio-justo.eu\/?p=8157"},"modified":"2023-01-01T22:54:17","modified_gmt":"2023-01-01T21:54:17","slug":"morreu-o-papa-europeu-emerito-bento-xvi","status":"publish","type":"post","link":"https:\/\/antonio-justo.eu\/?p=8157","title":{"rendered":"MORREU O PAPA \u201cEUROPEU\u201d EM\u00c9RITO BENTO XVI"},"content":{"rendered":"<h4 style=\"text-align: center;\"><strong>Uma Era chega ao Fim<\/strong><\/h4>\n<p><strong>Em 2022 morreram os dois maiores s\u00edmbolos de uma sociedade em vias de grandes mudan\u00e7as: o Papa Bento XVI com 95 anos e a Rainha Elisabeth, monarca do Reino Unido da Gr\u00e3-Bretanha e Irlanda do Norte, com 96 anos.<\/strong><\/p>\n<p>Neste mundo em crise de mudan\u00e7a debatem-se dois tipos de sociedade de maneira facciosa. O ano 2023 talvez consiga tornar-se em fundamento para uma nova era de paz em que se inicie uma estrat\u00e9gia de vida n\u00e3o fundamentada em vencedores e vencidos nem na fixa\u00e7\u00e3o de posi\u00e7\u00f5es maniqueias.<\/p>\n<p>O em\u00e9rito Papa, de perfil claro, revelou-se sempre contra a arbitrariedade e o relativismo dominante do pensar politicamente correcto do esp\u00edrito do tempo. <strong>Ele anunciou o evangelho em tempo oportuno e inoportuno.<\/strong> Como guardi\u00e3o da f\u00e9 e do ensino da igreja nem sempre correspondeu a exig\u00eancias de mudan\u00e7a principalmente em quest\u00f5es de moral sexual. Fica para o Papa Francisco a miss\u00e3o de mudar algumas estruturas na Igreja. Quanto ao problema de abusos sexuais dentro da Igreja pediu perd\u00e3o por eles, mas n\u00e3o assumiu responsabilidade pessoal. No parecer das for\u00e7as mais progressistas especialmente activistas na Alemanha, Bento XVI seguiu o esp\u00edrito do papa Jo\u00e3o Paulo II na miss\u00e3o de adiar o Conc\u00edlio Vaticano II. Bento XVI reabilitou em parte Lutero, mas n\u00e3o considerou a igreja evang\u00e9lica como Igreja. <strong>Defendia a uni\u00e3o em aspectos confessionais (para-liturgias em comum, etc.) \u00a0mas afirmava as diferen\u00e7as de doutrina e por isso a n\u00e3o celebra\u00e7\u00e3o em comum da eucaristia.<\/strong><\/p>\n<p><strong>Na discuss\u00e3o atual h\u00e1 que estar-se atento para que uma igreja alem\u00e3 mais centrada no racional n\u00e3o perca o outro aspecto essencial que \u00e9 o caracter espiritual-m\u00edstico da Igreja.<\/strong><\/p>\n<p><strong>A sua iniciativa de abdicar do pontificado nos \u00faltimos dez anos ficar\u00e1 na Hist\u00f3ria como uma cesura por, em parte, ter dessacralizado o papado, o que servir\u00e1 de guia para outros papas.<\/strong><\/p>\n<p>Bento XVI foi um grande te\u00f3logo e um dos maiores intelectuais da Europa atual. Como grande erudito, tamb\u00e9m dominava oito l\u00ednguas. Os seus livros s\u00e3o de recomendar pela oportunidade dos temas e pela clareza da sua linguagem que contribui para pessoas sem forma\u00e7\u00e3o teol\u00f3gica poderem, mais facilmente, entrar no aspecto filos\u00f3fico-m\u00edstico e espiritual do catolicismo.<\/p>\n<p><strong>A liturgia da despedida ser\u00e1 no dia 5 de janeiro onde se reunir\u00e3o representantes de Estados de todo o mundo. <\/strong>Bento XVI \u00e9 enterrado na galeria ao lado do papa Jo\u00e3o Paulo de II.<\/p>\n<p><strong>Conseguiu chamar a aten\u00e7\u00e3o para o n\u00facleo da Boa Nova crist\u00e3: o amor e a f\u00e9, como mostrou a sua primeira enc\u00edclica \u201cDeus \u00e9 amor\u201d (1). <\/strong><\/p>\n<p><strong>Foi c\u00e9lebre o seu discurso no parlamento alem\u00e3o (2) onde mostra os pilares da civiliza\u00e7\u00e3o ocidental e ao mesmo tempo se insurge contra o esp\u00edrito pol\u00edtico do tempo dizendo que o homem n\u00e3o \u00e9 apenas uma liberdade que se cria por si pr\u00f3pria; o homem n\u00e3o se cria a si mesmo; ele \u00e9 esp\u00edrito e vontade, mas \u00e9 tamb\u00e9m natureza. <\/strong><\/p>\n<p><strong>Na sua palestra cient\u00edfica na universidade de Ratisbona (3), Bento XVI revelou-se, na qualidade de pessoa entre as destacadas, como a personalidade mais corajosa da Europa. \u00a0Da reac\u00e7\u00e3o emotiva do mundo \u00e1rabe \u00e0 sua li\u00e7\u00e3o de Ratisbona em que tamb\u00e9m disse que \u201cO sangue n\u00e3o agrada a Deus\u201d, o Papa aprendeu que o seu cargo mais que cient\u00edfico \u00e9 pol\u00edtico. <\/strong>Soube, por\u00e9m, manter-se firme sem desculpas, apesar da praxis hesitante dos que se orientam apenas pelo politicamente correcto, e encorajando os cientistas a n\u00e3o abdicarem perante o medo. Ele tem sido um exemplo de coragem e empenho tamb\u00e9m para a pol\u00edtica.<\/p>\n<p><strong>Bento XVI manteve-se fiel ao seu conservadorismo n\u00e3o correspondendo ainda a muitas esperan\u00e7as postas nele ao procurar defender a impermeabilidade da religi\u00e3o em rela\u00e7\u00e3o ao esp\u00edrito pol\u00edtico do tempo.<\/strong><\/p>\n<p>Vivemos tempos muito ricos em que vis\u00f5es tradicionais e novas se devem complementar sem necessidade de se combaterem umas \u00e0s outras. O novo n\u00e3o existe sem o velho.<\/p>\n<p><strong>A despedida do ano velho mostra que a vis\u00e3o da hist\u00f3ria permanecer\u00e1 dividida!<\/strong><\/p>\n<p>&nbsp;<\/p>\n<p><strong>Ant\u00f3nio da Cunha Duarte Justo<\/strong><\/p>\n<p>Te\u00f3logo<\/p>\n<p>Pegadas do Tempo<\/p>\n<p>&nbsp;<\/p>\n<p>(1) Enc\u00edclica em portugu\u00eas: <a href=\"https:\/\/www.vatican.va\/content\/benedict-xvi\/pt\/encyclicals\/documents\/hf_ben-xvi_enc_20051225_deus-caritas-est.html\">https:\/\/www.vatican.va\/content\/benedict-xvi\/pt\/encyclicals\/documents\/hf_ben-xvi_enc_20051225_deus-caritas-est.html<\/a><\/p>\n<p>(2) Um Dia Santo para a Natureza para os Animais e Plantas: <a href=\"https:\/\/antonio-justo.eu\/?p=1945\">https:\/\/antonio-justo.eu\/?p=1945<\/a>; Papa Bento XVI e os Sinais dos Tempos: <a href=\"https:\/\/antonio-justo.eu\/?p=2442\">https:\/\/antonio-justo.eu\/?p=2442<\/a><\/p>\n<p>(3) Em Ratisbona Bento XVI revelou-se o homem exposto mais corajoso da Europa: <a href=\"http:\/\/blog.comunidades.net\/justo\">http:\/\/blog.comunidades.net\/justo<\/a><\/p>\n","protected":false},"excerpt":{"rendered":"<p>Uma Era chega ao Fim Em 2022 morreram os dois maiores s\u00edmbolos de uma sociedade em vias de grandes mudan\u00e7as: o Papa Bento XVI com 95 anos e a Rainha Elisabeth, monarca do Reino Unido da Gr\u00e3-Bretanha e Irlanda do Norte, com 96 anos. Neste mundo em crise de mudan\u00e7a debatem-se dois tipos de sociedade &hellip; <a href=\"https:\/\/antonio-justo.eu\/?p=8157\" class=\"more-link\">Continuar a ler <span class=\"screen-reader-text\">MORREU O PAPA \u201cEUROPEU\u201d EM\u00c9RITO BENTO XVI<\/span><\/a><\/p>\n","protected":false},"author":1,"featured_media":0,"comment_status":"open","ping_status":"open","sticky":false,"template":"","format":"standard","meta":{"sfsi_plus_gutenberg_text_before_share":"","sfsi_plus_gutenberg_show_text_before_share":"","sfsi_plus_gutenberg_icon_type":"","sfsi_plus_gutenberg_icon_alignemt":"","sfsi_plus_gutenburg_max_per_row":"","footnotes":""},"categories":[3,15,14,4,5,6,7,8,16],"tags":[],"class_list":["post-8157","post","type-post","status-publish","format-standard","hentry","category-arte","category-cultura","category-economia","category-educacao","category-escola","category-migracao","category-politica","category-religiao","category-sociedade"],"_links":{"self":[{"href":"https:\/\/antonio-justo.eu\/index.php?rest_route=\/wp\/v2\/posts\/8157","targetHints":{"allow":["GET"]}}],"collection":[{"href":"https:\/\/antonio-justo.eu\/index.php?rest_route=\/wp\/v2\/posts"}],"about":[{"href":"https:\/\/antonio-justo.eu\/index.php?rest_route=\/wp\/v2\/types\/post"}],"author":[{"embeddable":true,"href":"https:\/\/antonio-justo.eu\/index.php?rest_route=\/wp\/v2\/users\/1"}],"replies":[{"embeddable":true,"href":"https:\/\/antonio-justo.eu\/index.php?rest_route=%2Fwp%2Fv2%2Fcomments&post=8157"}],"version-history":[{"count":3,"href":"https:\/\/antonio-justo.eu\/index.php?rest_route=\/wp\/v2\/posts\/8157\/revisions"}],"predecessor-version":[{"id":8160,"href":"https:\/\/antonio-justo.eu\/index.php?rest_route=\/wp\/v2\/posts\/8157\/revisions\/8160"}],"wp:attachment":[{"href":"https:\/\/antonio-justo.eu\/index.php?rest_route=%2Fwp%2Fv2%2Fmedia&parent=8157"}],"wp:term":[{"taxonomy":"category","embeddable":true,"href":"https:\/\/antonio-justo.eu\/index.php?rest_route=%2Fwp%2Fv2%2Fcategories&post=8157"},{"taxonomy":"post_tag","embeddable":true,"href":"https:\/\/antonio-justo.eu\/index.php?rest_route=%2Fwp%2Fv2%2Ftags&post=8157"}],"curies":[{"name":"wp","href":"https:\/\/api.w.org\/{rel}","templated":true}]}}