{"id":8143,"date":"2022-12-30T22:53:33","date_gmt":"2022-12-30T21:53:33","guid":{"rendered":"https:\/\/antonio-justo.eu\/?p=8143"},"modified":"2023-01-01T14:52:24","modified_gmt":"2023-01-01T13:52:24","slug":"2022-igreja-perseguida","status":"publish","type":"post","link":"https:\/\/antonio-justo.eu\/?p=8143","title":{"rendered":"2022 IGREJA PERSEGUIDA"},"content":{"rendered":"<h4 style=\"text-align: center;\">Pol\u00edtica comprometida por Interesses econ\u00f3micos e Vaticano comprometido por Medo a Retalia\u00e7\u00f5es?<\/h4>\n<p><strong>Segundo a Organiza\u00e7\u00e3o &#8220;Ajuda \u00e0 Igreja que Sofre&#8221;, mais de 100 padres e monges\u00a0cat\u00f3licos foram mortos, presos ou sequestrados em 2022. <\/strong><\/p>\n<p><strong>Pelo menos doze padres e cinco freiras morreram de morte violenta.<\/strong><\/p>\n<p><strong>&#8220;A Nig\u00e9ria foi o pa\u00eds com o maior n\u00famero de v\u00edtimas crist\u00e3s (3000), com quatro padres mortos&#8221; e tamb\u00e9m o M\u00e9xico registou tr\u00eas padres mortos e a Rep\u00fablica Democr\u00e1tica do Congo dois, na parte oriental. <\/strong><\/p>\n<p><strong>Uma freira nigeriana descreveu o agravamento dos ataques aos crist\u00e3os na na\u00e7\u00e3o mais populosa de \u00c1frica (Nig\u00e9ria) como parte de um esfor\u00e7o para islamizar o pa\u00eds sob a hegemonia da etnia maioritariamente mu\u00e7ulmana Fulani.<\/strong><\/p>\n<p><strong>Ela queixa-se (in Crux): &#8220;Muitos de n\u00f3s tamb\u00e9m se perguntam porque \u00e9 que o Vaticano e a Cantu\u00e1ria est\u00e3o t\u00e3o silenciosos sobre o que est\u00e1 a acontecer na Nig\u00e9ria &#8211; os raptos e assassinatos de religiosos&#8221;.<\/strong><\/p>\n<p>Segundo numerosas estimativas nigerianas, cerca de 50% dos nigerianos s\u00e3o mu\u00e7ulmanos, entre 40% e 46% s\u00e3o crist\u00e3os e a parte restante professa uma religi\u00e3o tradicional africana. \u00c0 frente do Estado est\u00e1 um mu\u00e7ulmano acusado de condescender com as persegui\u00e7\u00f5es.<\/p>\n<p>Parece certo que mais de 3.000 crist\u00e3os morrem na Nig\u00e9ria por ano. Eles s\u00e3o todos os anos assassinados por mu\u00e7ulmanos fan\u00e1ticos e grupos terroristas isl\u00e2micos.<\/p>\n<p>A mil\u00edcia mu\u00e7ulmana Boko Haram tem aterrorizado o nordeste da Nig\u00e9ria desde h\u00e1 13 anos.<\/p>\n<p>A Nig\u00e9ria tinha mais de 200 milh\u00f5es de pessoas em 2018. A propor\u00e7\u00e3o crist\u00e3 (50%) da popula\u00e7\u00e3o da Nig\u00e9ria est\u00e1 diminuindo em compara\u00e7\u00e3o com os mu\u00e7ulmanos no Norte devido \u00e0 menor taxa de natalidade. No Sul s\u00e3o predominantemente crist\u00e3os com alguns seguidores de religi\u00f5es tradicionais.<\/p>\n<p>Ainda em 2022 houve um assassinato de 40 fi\u00e9is em uma igreja cat\u00f3lica no sudoeste da Nig\u00e9ria.<\/p>\n<p>Na Europa h\u00e1 um sil\u00eancio vergonhoso quando se trata da situa\u00e7\u00e3o de discrimina\u00e7\u00e3o e persegui\u00e7\u00e3o de crist\u00e3os.<strong> A pol\u00edtica europeia est\u00e1 dependente do petr\u00f3leo mu\u00e7ulmano e por isso os seus representantes n\u00e3o\u00a0 se atrevem a dizer algo contra o trato mu\u00e7ulmano dado aos crist\u00e3os. Al\u00e9m disso o clero, no seguimento do evangelho, deve agir de maneira a fomentar a paz e a ter uma ac\u00e7\u00e3o moderadora entre os fi\u00e9is.\u00a0 Al\u00e9m do mais, o pensar politicamente correcto atual aposta na desconstru\u00e7\u00e3o do cristianismo como elemento da civiliza\u00e7\u00e3o ocidental que valoriza a pessoa humana n\u00e3o s\u00f3 no aspecto legal e deste modo constitui um impedimento para for\u00e7as do poder que o querem ver o humano reduzido a mera fun\u00e7\u00e3o na m\u00e1quina estatal.<\/strong><\/p>\n<p><strong>Facto \u00e9 que nem a pol\u00edtica se atreve a interferir em defesa dos crist\u00e3os devido aos neg\u00f3cios com os pa\u00edses isl\u00e2micos, nem o Vaticano ou\u00a0 bispos se atrevem a levantar a voz com medo que ent\u00e3o os crist\u00e3os que vivem em regi\u00f5es de maioria mu\u00e7ulmana ainda sejam mais discriminados e perseguidos!<\/strong><\/p>\n<p><strong>Nestes regimes acontece como na sociedade do nazismo de Hitler, onde quem erguia a voz era perseguido ou morto. Nos pa\u00edses isl\u00e2micos, de uma maneira geral identifica-se o cristianismo com a hegemonia pol\u00edtica ocidental.<\/strong><\/p>\n<p>Ant\u00f3nio da Cunha Duarte Justo<br \/>\nPegadas do Tempo<\/p>\n","protected":false},"excerpt":{"rendered":"<p>Pol\u00edtica comprometida por Interesses econ\u00f3micos e Vaticano comprometido por Medo a Retalia\u00e7\u00f5es? Segundo a Organiza\u00e7\u00e3o &#8220;Ajuda \u00e0 Igreja que Sofre&#8221;, mais de 100 padres e monges\u00a0cat\u00f3licos foram mortos, presos ou sequestrados em 2022. Pelo menos doze padres e cinco freiras morreram de morte violenta. &#8220;A Nig\u00e9ria foi o pa\u00eds com o maior n\u00famero de v\u00edtimas &hellip; <a href=\"https:\/\/antonio-justo.eu\/?p=8143\" class=\"more-link\">Continuar a ler <span class=\"screen-reader-text\">2022 IGREJA PERSEGUIDA<\/span><\/a><\/p>\n","protected":false},"author":1,"featured_media":0,"comment_status":"open","ping_status":"open","sticky":false,"template":"","format":"standard","meta":{"sfsi_plus_gutenberg_text_before_share":"","sfsi_plus_gutenberg_show_text_before_share":"","sfsi_plus_gutenberg_icon_type":"","sfsi_plus_gutenberg_icon_alignemt":"","sfsi_plus_gutenburg_max_per_row":"","footnotes":""},"categories":[15,7,8,16],"tags":[],"class_list":["post-8143","post","type-post","status-publish","format-standard","hentry","category-cultura","category-politica","category-religiao","category-sociedade"],"_links":{"self":[{"href":"https:\/\/antonio-justo.eu\/index.php?rest_route=\/wp\/v2\/posts\/8143","targetHints":{"allow":["GET"]}}],"collection":[{"href":"https:\/\/antonio-justo.eu\/index.php?rest_route=\/wp\/v2\/posts"}],"about":[{"href":"https:\/\/antonio-justo.eu\/index.php?rest_route=\/wp\/v2\/types\/post"}],"author":[{"embeddable":true,"href":"https:\/\/antonio-justo.eu\/index.php?rest_route=\/wp\/v2\/users\/1"}],"replies":[{"embeddable":true,"href":"https:\/\/antonio-justo.eu\/index.php?rest_route=%2Fwp%2Fv2%2Fcomments&post=8143"}],"version-history":[{"count":8,"href":"https:\/\/antonio-justo.eu\/index.php?rest_route=\/wp\/v2\/posts\/8143\/revisions"}],"predecessor-version":[{"id":8155,"href":"https:\/\/antonio-justo.eu\/index.php?rest_route=\/wp\/v2\/posts\/8143\/revisions\/8155"}],"wp:attachment":[{"href":"https:\/\/antonio-justo.eu\/index.php?rest_route=%2Fwp%2Fv2%2Fmedia&parent=8143"}],"wp:term":[{"taxonomy":"category","embeddable":true,"href":"https:\/\/antonio-justo.eu\/index.php?rest_route=%2Fwp%2Fv2%2Fcategories&post=8143"},{"taxonomy":"post_tag","embeddable":true,"href":"https:\/\/antonio-justo.eu\/index.php?rest_route=%2Fwp%2Fv2%2Ftags&post=8143"}],"curies":[{"name":"wp","href":"https:\/\/api.w.org\/{rel}","templated":true}]}}