{"id":8135,"date":"2022-12-29T15:35:21","date_gmt":"2022-12-29T14:35:21","guid":{"rendered":"https:\/\/antonio-justo.eu\/?p=8135"},"modified":"2022-12-29T15:35:21","modified_gmt":"2022-12-29T14:35:21","slug":"o-emerito-papa-bento-xvi-esta-muito-doente","status":"publish","type":"post","link":"https:\/\/antonio-justo.eu\/?p=8135","title":{"rendered":"O EM\u00c9RITO PAPA BENTO XVI EST\u00c1 MUITO DOENTE"},"content":{"rendered":"<div>\n<div class=\"\" dir=\"auto\">\n<div id=\"jsc_c_1e7\" class=\"x1iorvi4 x1pi30zi xjkvuk6 x1swvt13\" data-ad-comet-preview=\"message\" data-ad-preview=\"message\">\n<div class=\"x78zum5 xdt5ytf xz62fqu x16ldp7u\">\n<div class=\"xu06os2 x1ok221b\">\n<div class=\"x11i5rnm xat24cr x1mh8g0r x1vvkbs xdj266r x126k92a\">\n<div dir=\"auto\"><\/div>\n<\/div>\n<div class=\"x11i5rnm xat24cr x1mh8g0r x1vvkbs xtlvy1s x126k92a\">\n<div dir=\"auto\">O Papa Francisco disse na audi\u00eancia de quarta-feira que queria &#8220;pedir a todos que rezassem uma ora\u00e7\u00e3o especial pelo Papa Em\u00e9rito Bento XVI&#8230; lembrar-se dele dado estar muito doente e pedir ao Senhor que o console e apoie.<\/div>\n<div dir=\"auto\">Bento XVI foi um grande te\u00f3logo e um dos maiores intelectuais da Europa actual.<\/div>\n<div dir=\"auto\">Ant\u00f3nio Justo<\/div>\n<\/div>\n<\/div>\n<\/div>\n<\/div>\n<\/div>\n<\/div>\n","protected":false},"excerpt":{"rendered":"<p>O Papa Francisco disse na audi\u00eancia de quarta-feira que queria &#8220;pedir a todos que rezassem uma ora\u00e7\u00e3o especial pelo Papa Em\u00e9rito Bento XVI&#8230; lembrar-se dele dado estar muito doente e pedir ao Senhor que o console e apoie. Bento XVI foi um grande te\u00f3logo e um dos maiores intelectuais da Europa actual. Ant\u00f3nio Justo<\/p>\n","protected":false},"author":1,"featured_media":0,"comment_status":"open","ping_status":"open","sticky":false,"template":"","format":"standard","meta":{"sfsi_plus_gutenberg_text_before_share":"","sfsi_plus_gutenberg_show_text_before_share":"","sfsi_plus_gutenberg_icon_type":"","sfsi_plus_gutenberg_icon_alignemt":"","sfsi_plus_gutenburg_max_per_row":"","footnotes":""},"categories":[8,16],"tags":[],"class_list":["post-8135","post","type-post","status-publish","format-standard","hentry","category-religiao","category-sociedade"],"_links":{"self":[{"href":"https:\/\/antonio-justo.eu\/index.php?rest_route=\/wp\/v2\/posts\/8135","targetHints":{"allow":["GET"]}}],"collection":[{"href":"https:\/\/antonio-justo.eu\/index.php?rest_route=\/wp\/v2\/posts"}],"about":[{"href":"https:\/\/antonio-justo.eu\/index.php?rest_route=\/wp\/v2\/types\/post"}],"author":[{"embeddable":true,"href":"https:\/\/antonio-justo.eu\/index.php?rest_route=\/wp\/v2\/users\/1"}],"replies":[{"embeddable":true,"href":"https:\/\/antonio-justo.eu\/index.php?rest_route=%2Fwp%2Fv2%2Fcomments&post=8135"}],"version-history":[{"count":1,"href":"https:\/\/antonio-justo.eu\/index.php?rest_route=\/wp\/v2\/posts\/8135\/revisions"}],"predecessor-version":[{"id":8136,"href":"https:\/\/antonio-justo.eu\/index.php?rest_route=\/wp\/v2\/posts\/8135\/revisions\/8136"}],"wp:attachment":[{"href":"https:\/\/antonio-justo.eu\/index.php?rest_route=%2Fwp%2Fv2%2Fmedia&parent=8135"}],"wp:term":[{"taxonomy":"category","embeddable":true,"href":"https:\/\/antonio-justo.eu\/index.php?rest_route=%2Fwp%2Fv2%2Fcategories&post=8135"},{"taxonomy":"post_tag","embeddable":true,"href":"https:\/\/antonio-justo.eu\/index.php?rest_route=%2Fwp%2Fv2%2Ftags&post=8135"}],"curies":[{"name":"wp","href":"https:\/\/api.w.org\/{rel}","templated":true}]}}