{"id":8129,"date":"2022-12-27T15:37:56","date_gmt":"2022-12-27T14:37:56","guid":{"rendered":"https:\/\/antonio-justo.eu\/?p=8129"},"modified":"2022-12-29T12:06:13","modified_gmt":"2022-12-29T11:06:13","slug":"subsidio-de-cidadania-para-desempregados-na-alemana","status":"publish","type":"post","link":"https:\/\/antonio-justo.eu\/?p=8129","title":{"rendered":"SUBS\u00cdDIO DE CIDADANIA PARA DESEMPREGADOS NA ALEMANA"},"content":{"rendered":"<p style=\"text-align: center;\"><strong>Mensalidade das necessidades de uma fam\u00edlia com dois filhos: 3.038\u20ac<\/strong><\/p>\n<p><strong>Na Alemanha, o chamado &#8220;subs\u00eddio de cidad\u00e3o&#8221; (1) \u00e9 de 502 euros por m\u00eas a uma pessoa que viva s\u00f3 no caso de ser desempregada; a esta quantia s\u00e3o acrescentados os custos totais de alojamento; no caso de custos de aquecimento, no entanto, pode ser verificado se estes s\u00e3o razo\u00e1veis.<\/strong>\u00a0 A legisla\u00e7\u00e3o tem validade a partir de 01.01.2023. Este subs\u00eddio destina-se a quem tem condi\u00e7\u00f5es de trabalhar e n\u00e3o consegue cobrir as suas despesas de subsist\u00eancia. Mas h\u00e1 san\u00e7\u00f5es para quem n\u00e3o se interesse pela procura de trabalho.<\/p>\n<p><strong>Um casal com dois filhos com menos de seis anos tem uma necessidade padr\u00e3o total de 1.538 euros por m\u00eas. A fam\u00edlia ainda tem direito a 1500 euros pelo aluguer da casa quente (1538+1500 = 3038 euros).<\/strong> Se o rendimento da fam\u00edlia (com 2 filhos) for inferior a 3.038 euros, \u00e9 prov\u00e1vel que tenham direito a um subs\u00eddio de cidad\u00e3o. Em alternativa, pode haver um pedido de subs\u00eddio de alojamento e o suplemento \u00e0 crian\u00e7a.<\/p>\n<p>As pessoas com baixos rendimentos e com propriedade podem ter tamb\u00e9m direito a incentivos apropriados. Se tiver uma casa e de repente se encontrar em situa\u00e7\u00e3o carenciada, tem direito a um per\u00edodo de car\u00eancia de um ano, durante o qual n\u00e3o tem de tocar na casa para receber o subs\u00eddio do cidad\u00e3o.<\/p>\n<p>Os propriet\u00e1rios s\u00e3o tratados com defer\u00eancia mesmo no caso de terem uma casa grande; uma casa at\u00e9 140 metros quadrados e um apartamento de at\u00e9 130 metros quadrados s\u00e3o considerados adequados &#8211; ou seja, n\u00e3o t\u00eam de ser vendidos ou alugados. Para fam\u00edlias maiores, s\u00e3o adicionados 20 metros quadrados por pessoa.<\/p>\n<p><strong>Al\u00e9m disso, os candidatos a &#8220;subs\u00eddio de cidad\u00e3o&#8221; n\u00e3o t\u00eam de tocar nas poupan\u00e7as dispon\u00edveis livremente (tais como dep\u00f3sitos de poupan\u00e7a e ac\u00e7\u00f5es) at\u00e9 um valor de 40.000 euros. Este valor aplica-se a pessoas solteiras. S\u00e3o acrescentados 15.000 euros adicionais para cada membro da fam\u00edlia.<\/strong><\/p>\n<p><strong>Solteiros que estejam a receber o subs\u00eddio de cidadania, \u00e9-lhes considerado como adequado um apartamento com 45 ou 50 metros quadrados<\/strong> <strong>a partir do segundo ano. Para cada pessoa extra, s\u00e3o adicionados 15 metros quadrados. <\/strong><\/p>\n<p>Os membros de uma fam\u00edlia que tenham possibilidade de emprego que recebam subs\u00eddio de cidadania t\u00eam direito a uma viatura id\u00f3nea at\u00e9 7.500 euros.<\/p>\n<p><strong>A partir de julho deste ano, os alunos e estagi\u00e1rios que recebam o subs\u00eddio de cidadania podem auferir mais 520\u20ac por m\u00eas<\/strong> <strong>de rendimento sem verem reduzido o subs\u00eddio de cidadania.<\/strong><\/p>\n<p>Os centros de emprego podem dar aos benefici\u00e1rios do benef\u00edcio empregos sem grandes perspectivas de emprego, mas em caso de d\u00favida, deve ser dada prioridade a uma forma\u00e7\u00e3o cont\u00ednua.<\/p>\n<p>O subs\u00eddio de cidadania \u00e9 tamb\u00e9m uma op\u00e7\u00e3o para pessoas cujo rendimento do trabalho n\u00e3o \u00e9 suficiente para cobrir as suas despesas de subsist\u00eancia. <strong>Geralmente, o subs\u00eddio de cidadania \u00e9 concedido por um per\u00edodo de 6 meses a um ano.<\/strong> <strong>Em seguida, deve ser apresentado um pedido de prolongamento.<\/strong><\/p>\n<p>Os pensionistas tamb\u00e9m n\u00e3o recebem subs\u00eddio de cidadania se estiverem comprovadamente necessitados; para eles h\u00e1 subs\u00eddios espec\u00edficos&#8230;<\/p>\n<p>\u00c9 compreens\u00edvel que muitos refugiados pol\u00edticos e refugiados da pobreza prefiram ir para pa\u00edses como a Alemanha!<\/p>\n<div class=\"x11i5rnm xat24cr x1mh8g0r x1vvkbs xdj266r\">\n<div dir=\"auto\">Para se ter uma melhor ideia da quest\u00e3o apresento aqui tamb\u00e9m os descontos que quer patronato quer empregados t\u00eam de fazer: Na Alemanha o seguro de sa\u00fade obrigat\u00f3rio ( GKV ) \u00e9 financiado por contribui\u00e7\u00f5es e um subs\u00eddio federal anual, bem como outras receitas.<\/div>\n<div dir=\"auto\">Empregadores e empregados pagam, cada um, metade das contribui\u00e7\u00f5es para a seguran\u00e7a social. A taxa de contribui\u00e7\u00e3o atual para cuidados de sa\u00fade, cuidados de longa dura\u00e7\u00e3o, pens\u00f5es e seguro de desemprego s\u00e3o actualmente:<\/div>\n<div dir=\"auto\">Seguro sa\u00fade (KV) 14,60%<\/div>\n<div dir=\"auto\">Seguro de cuidados de longo prazo (PV) 3,05%<\/div>\n<div dir=\"auto\">Seguro Desemprego (AV) 2,60%<\/div>\n<div dir=\"auto\">Seguro de pens\u00e3o (RV) 18,60%<\/div>\n<\/div>\n<div class=\"x11i5rnm xat24cr x1mh8g0r x1vvkbs xtlvy1s\">\n<div dir=\"auto\">H\u00e1 tamb\u00e9m uma Taxa de contribui\u00e7\u00e3o fixa (para trabalhadores a tempo parcial): 13,00% para o Seguro sa\u00fade e 15,00% para o Seguro de pens\u00e3o<\/div>\n<\/div>\n<p><strong>Ant\u00f3nio da Cunha Duarte Justo<\/strong><\/p>\n<p>Pegadas do Tempo<\/p>\n","protected":false},"excerpt":{"rendered":"<p>Mensalidade das necessidades de uma fam\u00edlia com dois filhos: 3.038\u20ac Na Alemanha, o chamado &#8220;subs\u00eddio de cidad\u00e3o&#8221; (1) \u00e9 de 502 euros por m\u00eas a uma pessoa que viva s\u00f3 no caso de ser desempregada; a esta quantia s\u00e3o acrescentados os custos totais de alojamento; no caso de custos de aquecimento, no entanto, pode ser &hellip; <a href=\"https:\/\/antonio-justo.eu\/?p=8129\" class=\"more-link\">Continuar a ler <span class=\"screen-reader-text\">SUBS\u00cdDIO DE CIDADANIA PARA DESEMPREGADOS NA ALEMANA<\/span><\/a><\/p>\n","protected":false},"author":1,"featured_media":0,"comment_status":"open","ping_status":"open","sticky":false,"template":"","format":"standard","meta":{"sfsi_plus_gutenberg_text_before_share":"","sfsi_plus_gutenberg_show_text_before_share":"","sfsi_plus_gutenberg_icon_type":"","sfsi_plus_gutenberg_icon_alignemt":"","sfsi_plus_gutenburg_max_per_row":"","footnotes":""},"categories":[15,14,7,16],"tags":[],"class_list":["post-8129","post","type-post","status-publish","format-standard","hentry","category-cultura","category-economia","category-politica","category-sociedade"],"_links":{"self":[{"href":"https:\/\/antonio-justo.eu\/index.php?rest_route=\/wp\/v2\/posts\/8129","targetHints":{"allow":["GET"]}}],"collection":[{"href":"https:\/\/antonio-justo.eu\/index.php?rest_route=\/wp\/v2\/posts"}],"about":[{"href":"https:\/\/antonio-justo.eu\/index.php?rest_route=\/wp\/v2\/types\/post"}],"author":[{"embeddable":true,"href":"https:\/\/antonio-justo.eu\/index.php?rest_route=\/wp\/v2\/users\/1"}],"replies":[{"embeddable":true,"href":"https:\/\/antonio-justo.eu\/index.php?rest_route=%2Fwp%2Fv2%2Fcomments&post=8129"}],"version-history":[{"count":3,"href":"https:\/\/antonio-justo.eu\/index.php?rest_route=\/wp\/v2\/posts\/8129\/revisions"}],"predecessor-version":[{"id":8134,"href":"https:\/\/antonio-justo.eu\/index.php?rest_route=\/wp\/v2\/posts\/8129\/revisions\/8134"}],"wp:attachment":[{"href":"https:\/\/antonio-justo.eu\/index.php?rest_route=%2Fwp%2Fv2%2Fmedia&parent=8129"}],"wp:term":[{"taxonomy":"category","embeddable":true,"href":"https:\/\/antonio-justo.eu\/index.php?rest_route=%2Fwp%2Fv2%2Fcategories&post=8129"},{"taxonomy":"post_tag","embeddable":true,"href":"https:\/\/antonio-justo.eu\/index.php?rest_route=%2Fwp%2Fv2%2Ftags&post=8129"}],"curies":[{"name":"wp","href":"https:\/\/api.w.org\/{rel}","templated":true}]}}