{"id":8030,"date":"2022-12-05T15:55:32","date_gmt":"2022-12-05T14:55:32","guid":{"rendered":"https:\/\/antonio-justo.eu\/?p=8030"},"modified":"2022-12-05T16:00:01","modified_gmt":"2022-12-05T15:00:01","slug":"para-cada-sociedade-o-que-esta-a-contar-e-a-propria-narrativ","status":"publish","type":"post","link":"https:\/\/antonio-justo.eu\/?p=8030","title":{"rendered":"PARA CADA SOCIEDADE O QUE EST\u00c1 A CONTAR \u00c9 A PR\u00d3PRIA NARRATIVA"},"content":{"rendered":"<p>J\u00e1 d\u00e1 demasiado nas vistas como os protestos contra a pol\u00edtica chinesa de Covid-19, s\u00e3o celebrados nos media alem\u00e3es como luta justa, quando, um ano atr\u00e1s, nas manifesta\u00e7\u00f5es e caminhadas na Alemanha contra as medidas de corona impostas, os manifestantes eram publicamente rotulados como extremistas, negacionistas e te\u00f3ricos da conspira\u00e7\u00e3o.<\/p>\n<p>Ser\u00e1 motivo para come\u00e7armos a questionar se n\u00e3o vivemos num mundo pol\u00edtico-social em que as coisas s\u00e3o organizadas da maneira como fazem jeito para o sistema; n\u00e3o importa a realidade, mas sim a narrativa sobre ela.<\/p>\n<p>Dois pesos e duas medidas! A hipocrisia est\u00e1 a suprimir a veracidade.<\/p>\n<p>E assim se v\u00e3o entretendo os povos.<\/p>\n<p>&nbsp;<\/p>\n<p><strong>Ant\u00f3nio da Cunha Duarte Justo<\/strong><\/p>\n<p>Pegadas do Tempo<\/p>\n","protected":false},"excerpt":{"rendered":"<p>J\u00e1 d\u00e1 demasiado nas vistas como os protestos contra a pol\u00edtica chinesa de Covid-19, s\u00e3o celebrados nos media alem\u00e3es como luta justa, quando, um ano atr\u00e1s, nas manifesta\u00e7\u00f5es e caminhadas na Alemanha contra as medidas de corona impostas, os manifestantes eram publicamente rotulados como extremistas, negacionistas e te\u00f3ricos da conspira\u00e7\u00e3o. Ser\u00e1 motivo para come\u00e7armos a &hellip; <a href=\"https:\/\/antonio-justo.eu\/?p=8030\" class=\"more-link\">Continuar a ler <span class=\"screen-reader-text\">PARA CADA SOCIEDADE O QUE EST\u00c1 A CONTAR \u00c9 A PR\u00d3PRIA NARRATIVA<\/span><\/a><\/p>\n","protected":false},"author":1,"featured_media":0,"comment_status":"open","ping_status":"open","sticky":false,"template":"","format":"standard","meta":{"sfsi_plus_gutenberg_text_before_share":"","sfsi_plus_gutenberg_show_text_before_share":"","sfsi_plus_gutenberg_icon_type":"","sfsi_plus_gutenberg_icon_alignemt":"","sfsi_plus_gutenburg_max_per_row":"","footnotes":""},"categories":[3,15,14,4,6,7,16],"tags":[],"class_list":["post-8030","post","type-post","status-publish","format-standard","hentry","category-arte","category-cultura","category-economia","category-educacao","category-migracao","category-politica","category-sociedade"],"_links":{"self":[{"href":"https:\/\/antonio-justo.eu\/index.php?rest_route=\/wp\/v2\/posts\/8030","targetHints":{"allow":["GET"]}}],"collection":[{"href":"https:\/\/antonio-justo.eu\/index.php?rest_route=\/wp\/v2\/posts"}],"about":[{"href":"https:\/\/antonio-justo.eu\/index.php?rest_route=\/wp\/v2\/types\/post"}],"author":[{"embeddable":true,"href":"https:\/\/antonio-justo.eu\/index.php?rest_route=\/wp\/v2\/users\/1"}],"replies":[{"embeddable":true,"href":"https:\/\/antonio-justo.eu\/index.php?rest_route=%2Fwp%2Fv2%2Fcomments&post=8030"}],"version-history":[{"count":3,"href":"https:\/\/antonio-justo.eu\/index.php?rest_route=\/wp\/v2\/posts\/8030\/revisions"}],"predecessor-version":[{"id":8033,"href":"https:\/\/antonio-justo.eu\/index.php?rest_route=\/wp\/v2\/posts\/8030\/revisions\/8033"}],"wp:attachment":[{"href":"https:\/\/antonio-justo.eu\/index.php?rest_route=%2Fwp%2Fv2%2Fmedia&parent=8030"}],"wp:term":[{"taxonomy":"category","embeddable":true,"href":"https:\/\/antonio-justo.eu\/index.php?rest_route=%2Fwp%2Fv2%2Fcategories&post=8030"},{"taxonomy":"post_tag","embeddable":true,"href":"https:\/\/antonio-justo.eu\/index.php?rest_route=%2Fwp%2Fv2%2Ftags&post=8030"}],"curies":[{"name":"wp","href":"https:\/\/api.w.org\/{rel}","templated":true}]}}