{"id":8010,"date":"2022-11-30T22:05:01","date_gmt":"2022-11-30T21:05:01","guid":{"rendered":"https:\/\/antonio-justo.eu\/?p=8010"},"modified":"2022-11-30T22:05:01","modified_gmt":"2022-11-30T21:05:01","slug":"moscovo-sauda-a-proposta-do-vaticano-para-criar-uma-plataforma-de-negociacao","status":"publish","type":"post","link":"https:\/\/antonio-justo.eu\/?p=8010","title":{"rendered":"MOSCOVO SA\u00daDA A PROPOSTA DO VATICANO PARA CRIAR UMA PLATAFORMA DE NEGOCIA\u00c7\u00c3O"},"content":{"rendered":"<p>O Kremlin disse na segunda-feira que agradece uma oferta do Vaticano para fornecer uma plataforma de negocia\u00e7\u00e3o para resolver o conflito na Ucr\u00e2nia, mas acrescentou que a posi\u00e7\u00e3o de Kiev torna isso imposs\u00edvel. A InfoCat\u00f3lica cita o porta-voz do Kremlin, Dmitri Peskov:\u00a0 &#8220;Claro que saudamos essa vontade pol\u00edtica, mas dada a situa\u00e7\u00e3o de facto e de jure que agora temos do lado ucraniano, essas plataformas n\u00e3o podem ser processadas&#8221;.<\/p>\n<p>H\u00e1 dez dias, em entrevista ao jornal italiano La Stampa, o Papa Francisco reiterou que o Vaticano est\u00e1 disposto a fazer todo o poss\u00edvel para mediar no sentido de acabar com o conflito entre a R\u00fassia e a Ucr\u00e2nia. Desde que a R\u00fassia invadiu a Ucr\u00e2nia h\u00e1 mais de nove meses, v\u00e1rios pa\u00edses, incluindo Turquia, Israel e China, apresentaram-se como poss\u00edveis mediadores no conflito. N\u00e3o valeu nada. A guerra continua.<\/p>\n<p>Ant\u00f3nio da Cunha Duarte Justo<\/p>\n<p>Pegadas do Tempo<\/p>\n","protected":false},"excerpt":{"rendered":"<p>O Kremlin disse na segunda-feira que agradece uma oferta do Vaticano para fornecer uma plataforma de negocia\u00e7\u00e3o para resolver o conflito na Ucr\u00e2nia, mas acrescentou que a posi\u00e7\u00e3o de Kiev torna isso imposs\u00edvel. A InfoCat\u00f3lica cita o porta-voz do Kremlin, Dmitri Peskov:\u00a0 &#8220;Claro que saudamos essa vontade pol\u00edtica, mas dada a situa\u00e7\u00e3o de facto e &hellip; <a href=\"https:\/\/antonio-justo.eu\/?p=8010\" class=\"more-link\">Continuar a ler <span class=\"screen-reader-text\">MOSCOVO SA\u00daDA A PROPOSTA DO VATICANO PARA CRIAR UMA PLATAFORMA DE NEGOCIA\u00c7\u00c3O<\/span><\/a><\/p>\n","protected":false},"author":1,"featured_media":0,"comment_status":"open","ping_status":"open","sticky":false,"template":"","format":"standard","meta":{"sfsi_plus_gutenberg_text_before_share":"","sfsi_plus_gutenberg_show_text_before_share":"","sfsi_plus_gutenberg_icon_type":"","sfsi_plus_gutenberg_icon_alignemt":"","sfsi_plus_gutenburg_max_per_row":"","footnotes":""},"categories":[7,8],"tags":[],"class_list":["post-8010","post","type-post","status-publish","format-standard","hentry","category-politica","category-religiao"],"_links":{"self":[{"href":"https:\/\/antonio-justo.eu\/index.php?rest_route=\/wp\/v2\/posts\/8010","targetHints":{"allow":["GET"]}}],"collection":[{"href":"https:\/\/antonio-justo.eu\/index.php?rest_route=\/wp\/v2\/posts"}],"about":[{"href":"https:\/\/antonio-justo.eu\/index.php?rest_route=\/wp\/v2\/types\/post"}],"author":[{"embeddable":true,"href":"https:\/\/antonio-justo.eu\/index.php?rest_route=\/wp\/v2\/users\/1"}],"replies":[{"embeddable":true,"href":"https:\/\/antonio-justo.eu\/index.php?rest_route=%2Fwp%2Fv2%2Fcomments&post=8010"}],"version-history":[{"count":1,"href":"https:\/\/antonio-justo.eu\/index.php?rest_route=\/wp\/v2\/posts\/8010\/revisions"}],"predecessor-version":[{"id":8011,"href":"https:\/\/antonio-justo.eu\/index.php?rest_route=\/wp\/v2\/posts\/8010\/revisions\/8011"}],"wp:attachment":[{"href":"https:\/\/antonio-justo.eu\/index.php?rest_route=%2Fwp%2Fv2%2Fmedia&parent=8010"}],"wp:term":[{"taxonomy":"category","embeddable":true,"href":"https:\/\/antonio-justo.eu\/index.php?rest_route=%2Fwp%2Fv2%2Fcategories&post=8010"},{"taxonomy":"post_tag","embeddable":true,"href":"https:\/\/antonio-justo.eu\/index.php?rest_route=%2Fwp%2Fv2%2Ftags&post=8010"}],"curies":[{"name":"wp","href":"https:\/\/api.w.org\/{rel}","templated":true}]}}