{"id":7998,"date":"2022-11-29T15:36:19","date_gmt":"2022-11-29T14:36:19","guid":{"rendered":"https:\/\/antonio-justo.eu\/?p=7998"},"modified":"2022-11-29T15:36:19","modified_gmt":"2022-11-29T14:36:19","slug":"media-internacional-contra-o-processo-dos-eua-contra-assange","status":"publish","type":"post","link":"https:\/\/antonio-justo.eu\/?p=7998","title":{"rendered":"MEDIA INTERNACIONAL CONTRA O PROCESSO DOS EUA CONTRA ASSANGE"},"content":{"rendered":"<h4 style=\"text-align: center;\"><strong>O \u201cCrime\u201d de Assange foi ter provado<\/strong><strong> Crimes de Guerra cometidos pelos EUA no Afeganist\u00e3o e no Iraque<\/strong><\/h4>\n<p><strong>&#8220;\u00c9 mais barato cometer crimes contra a humanidade do que os descobrir&#8221;(1).<\/strong> Para manterem o povo submisso e ordeiro, as classes dirigentes pretendem uma informa\u00e7\u00e3o subordinada aos pr\u00f3prios interesses declarados como Raz\u00f5es de Estado!<\/p>\n<p><strong>Renomados meios de comunica\u00e7\u00e3o internacionais como Der Spiegel, New York Times, Guardian, Le Monde e El Pa\u00eds acabam de dirigir uma carta aberta ao governo dos EUA pedindo que pare de processar o fundador do Wikileaks, Julian Assange<\/strong>, <strong>por publicar documentos secretos.<\/strong> <strong>Alertam que as acusa\u00e7\u00f5es contra Assange s\u00e3o &#8220;um precedente perigoso e um ataque \u00e0 liberdade de imprensa&#8221;.<\/strong> Assange apelou contra a ordem de extradi\u00e7\u00e3o para os Estados Unidos, onde enfrentaria 175 anos de pris\u00e3o por espionagem, etc. Julian Paul Assange \u00e9 um jornalista investigativo australiano, ativista pol\u00edtico, ex-hacker de computador, programador, fundador e porta-voz da plataforma investigativa WikiLeaks.<\/p>\n<p><strong>Em 2010, o WikiLeaks, juntamente com o New York Times, o Guardian e o Der Spiegel, publicaram trechos de registros militares que, entre outras coisas, provavam crimes de guerra cometidos pelos EUA durante as guerras no Afeganist\u00e3o e no Iraque <\/strong>(2). 2012, o WikiLeaks publicou documentos sobre o tratamento de detidos em pris\u00f5es e centros de deten\u00e7\u00e3o militares dos EUA&#8230;<\/p>\n<p>A divulga\u00e7\u00e3o dos registros militares atraiu a aten\u00e7\u00e3o mundial. para localizar WikiLeaks l\u00e1. em 2010, foi alvo de <strong>fortes ataques de pol\u00edticos<\/strong>, dos Media e de militares. <strong>Em 11 de abril de 2019, Assange foi preso pela pol\u00edcia de Londres dentro da embaixada equatoriana a pedido do embaixador do Equador depois que o presidente do Equador, Len\u00edn Moreno, retirou seu direito de asilo.<\/strong><\/p>\n<p><strong>Assange casou em 23 de mar\u00e7o de 2022 na Pris\u00e3o em Londres.<\/strong> <strong>O casal n\u00e3o teve permiss\u00e3o para tirar uma foto oficial do casamento.<\/strong><\/p>\n<p><strong>Quem segue o caso de Assange fica com um bom exemplo de como funciona a press\u00e3o indireta dos Estados Unidos sobre outros estados<\/strong> (uma diplomacia refinada de for\u00e7a que compromete os outros Estados obrigados a segui-la). \u00a0Contra a for\u00e7a n\u00e3o h\u00e1 resist\u00eancia porque a sociedade \u00e9 controlada pelos mais fortes. Neste meio n\u00e3o importa a verdade aposta-se apenas na for\u00e7a convincente de factos criados.<\/p>\n<p><strong>Ant\u00f3nio da Cunha Duarte Justo<\/strong><\/p>\n<p>Pegadas do Tempo<\/p>\n<p>&nbsp;<\/p>\n<p>(1) Michael Sontheimer<\/p>\n<p>(2)\u00a0 <a href=\"https:\/\/translate.google.de\/?sl=de&amp;tl=pt&amp;text=Die%20Offenlegung%20der%20Milit%C3%A4rprotokolle%20erregte%20weltweite%20Aufmerksamkeit.%20WikiLeaks%20dort%20anzusiedeln.%20%20im%20Jahr%202010%20scharfen%20Angriffen%20aus%20Politik%2C%20Medien%20und%20Milit%C3%A4r%20ausgesetzt.%20Einige%20Stimmen%20forderten%20seine%20Hinrichtung.%20Am%2011.%20April%202019%20wurde%20Assange%20innerhalb%20der%20Botschaft%20auf%20Anforderung%20des%20ecuadorianischen%20Botschafters%20von%20der%20Londoner%20Polizei%20festgenommen%2C%20nachdem%20ihm%20der%20Pr%C3%A4sident%20Ecuadors%2C%20Len%C3%ADn%20Moreno%2C%20das%20Asylrecht%20entzogen%20hatte.Die%20Trauung%20fand%20am%2023.%20M%C3%A4rz%202022%20im%20Londoner%20Hochsicherheitsgef%C3%A4ngnis%20HMP%20Belmarsh%20statt.%20Das%20Brautkleid%20war%20von%20der%20Modesch%C3%B6pferin%20Vivienne%20Westwood%20entworfen%20worden%2C%20jedoch%20wurde%20dem%20Paar%20kein%20offizielles%20Hochzeitsfoto%20gestattet%20&amp;op=translate\">https:\/\/translate.google.de\/?sl=de&amp;tl=pt&amp;text=Die%20Offenlegung%20der%20Milit%C3%A4rprotokolle%20erregte%20weltweite%20Aufmerksamkeit.%20WikiLeaks%20dort%20anzusiedeln.%20%20im%20Jahr%202010%20scharfen%20Angriffen%20aus%20Politik%2C%20Medien%20und%20Milit%C3%A4r%20ausgesetzt.%20Einige%20Stimmen%20forderten%20seine%20Hinrichtung.%20Am%2011.%20April%202019%20wurde%20Assange%20innerhalb%20der%20Botschaft%20auf%20Anforderung%20des%20ecuadorianischen%20Botschafters%20von%20der%20Londoner%20Polizei%20festgenommen%2C%20nachdem%20ihm%20der%20Pr%C3%A4sident%20Ecuadors%2C%20Len%C3%ADn%20Moreno%2C%20das%20Asylrecht%20entzogen%20hatte.Die%20Trauung%20fand%20am%2023.%20M%C3%A4rz%202022%20im%20Londoner%20Hochsicherheitsgef%C3%A4ngnis%20HMP%20Belmarsh%20statt.%20Das%20Brautkleid%20war%20von%20der%20Modesch%C3%B6pferin%20Vivienne%20Westwood%20entworfen%20worden%2C%20jedoch%20wurde%20dem%20Paar%20kein%20offizielles%20Hochzeitsfoto%20gestattet%20&amp;op=translate<\/a><\/p>\n<p>&nbsp;<\/p>\n<p>WikiLeaks\u00a0 <a href=\"https:\/\/twitter.com\/wikileaks?ref_src=twsrc%5Egoogle%7Ctwcamp%5Eserp%7Ctwgr%5Eauthor\">https:\/\/twitter.com\/wikileaks?ref_src=twsrc%5Egoogle%7Ctwcamp%5Eserp%7Ctwgr%5Eauthor<\/a><\/p>\n<p>&nbsp;<\/p>\n<p>Liberdade de imprensa parece valer enquanto n\u00e3o colocar em perigo a classe governante<\/p>\n","protected":false},"excerpt":{"rendered":"<p>O \u201cCrime\u201d de Assange foi ter provado Crimes de Guerra cometidos pelos EUA no Afeganist\u00e3o e no Iraque &#8220;\u00c9 mais barato cometer crimes contra a humanidade do que os descobrir&#8221;(1). Para manterem o povo submisso e ordeiro, as classes dirigentes pretendem uma informa\u00e7\u00e3o subordinada aos pr\u00f3prios interesses declarados como Raz\u00f5es de Estado! Renomados meios de &hellip; <a href=\"https:\/\/antonio-justo.eu\/?p=7998\" class=\"more-link\">Continuar a ler <span class=\"screen-reader-text\">MEDIA INTERNACIONAL CONTRA O PROCESSO DOS EUA CONTRA ASSANGE<\/span><\/a><\/p>\n","protected":false},"author":1,"featured_media":0,"comment_status":"open","ping_status":"open","sticky":false,"template":"","format":"standard","meta":{"sfsi_plus_gutenberg_text_before_share":"","sfsi_plus_gutenberg_show_text_before_share":"","sfsi_plus_gutenberg_icon_type":"","sfsi_plus_gutenberg_icon_alignemt":"","sfsi_plus_gutenburg_max_per_row":"","footnotes":""},"categories":[15,14,7,16],"tags":[],"class_list":["post-7998","post","type-post","status-publish","format-standard","hentry","category-cultura","category-economia","category-politica","category-sociedade"],"_links":{"self":[{"href":"https:\/\/antonio-justo.eu\/index.php?rest_route=\/wp\/v2\/posts\/7998","targetHints":{"allow":["GET"]}}],"collection":[{"href":"https:\/\/antonio-justo.eu\/index.php?rest_route=\/wp\/v2\/posts"}],"about":[{"href":"https:\/\/antonio-justo.eu\/index.php?rest_route=\/wp\/v2\/types\/post"}],"author":[{"embeddable":true,"href":"https:\/\/antonio-justo.eu\/index.php?rest_route=\/wp\/v2\/users\/1"}],"replies":[{"embeddable":true,"href":"https:\/\/antonio-justo.eu\/index.php?rest_route=%2Fwp%2Fv2%2Fcomments&post=7998"}],"version-history":[{"count":1,"href":"https:\/\/antonio-justo.eu\/index.php?rest_route=\/wp\/v2\/posts\/7998\/revisions"}],"predecessor-version":[{"id":7999,"href":"https:\/\/antonio-justo.eu\/index.php?rest_route=\/wp\/v2\/posts\/7998\/revisions\/7999"}],"wp:attachment":[{"href":"https:\/\/antonio-justo.eu\/index.php?rest_route=%2Fwp%2Fv2%2Fmedia&parent=7998"}],"wp:term":[{"taxonomy":"category","embeddable":true,"href":"https:\/\/antonio-justo.eu\/index.php?rest_route=%2Fwp%2Fv2%2Fcategories&post=7998"},{"taxonomy":"post_tag","embeddable":true,"href":"https:\/\/antonio-justo.eu\/index.php?rest_route=%2Fwp%2Fv2%2Ftags&post=7998"}],"curies":[{"name":"wp","href":"https:\/\/api.w.org\/{rel}","templated":true}]}}