{"id":7911,"date":"2022-10-27T22:49:41","date_gmt":"2022-10-27T21:49:41","guid":{"rendered":"https:\/\/antonio-justo.eu\/?p=7911"},"modified":"2022-10-29T15:08:47","modified_gmt":"2022-10-29T14:08:47","slug":"a-europa-dividida-favorece-a-sabotagem-geopolitica","status":"publish","type":"post","link":"https:\/\/antonio-justo.eu\/?p=7911","title":{"rendered":"A EUROPA DIVIDIDA FAVORECE A SABOTAGEM GEOPOL\u00cdTICA"},"content":{"rendered":"<h4 style=\"text-align: center;\"><strong>O Eixo franco-alem\u00e3o da Uni\u00e3o Europeia emperrou e a UE parece trope\u00e7ar nela mesma<\/strong><\/h4>\n<p><strong>A cimeira (franco-alem\u00e3) do conselho de ministros, que se realiza todos os anos desde 1963, foi cancelada para este ano e adiada para o princ\u00edpio do pr\u00f3ximo ano. O eixo da Uni\u00e3o Europeia, (suas duas mais fortes economias Alemanha-Fran\u00e7a), encontra-se em disson\u00e2ncia apesar da tentativa cosm\u00e9tica da visita do Chanceler alem\u00e3o a Paris (26.10); o encontro n\u00e3o teve sequer uma declara\u00e7\u00e3o final comum aos jornalistas.<\/strong><\/p>\n<p>Desagradou aos franceses o facto de a Alemanha ter, numa atitude isolada virada para ela mesma, deliberado <strong>um pacote de endividamento de 200 mil milh\u00f5es de euros (1) destinado a medidas contra o aumento dos pre\u00e7os do g\u00e1s e da energia sem informar previamente o seu parceiro franc\u00eas<\/strong>. Por outro lado, <strong>embora a Fran\u00e7a j\u00e1 esteja a trabalhar com a It\u00e1lia no escudo de defesa antim\u00edssil &#8220;Mamba&#8221;, a Alemanha assinou um novo projecto para criar um guarda-chuva comum de defesa a\u00e9rea, (a chamada &#8220;European Sky Shield Initiative&#8221;), com cerca de uma d\u00fazia de outros pa\u00edses &#8211; mas sem a Fran\u00e7a<\/strong>. A imprensa alem\u00e3 informou tamb\u00e9m que <strong>M\u00e1cron na cimeira dos Chefes de Estado e de Governo da UE, anunciou planos para juntamente com Portugal e Espanha constru\u00edrem um novo gasoduto para hidrog\u00e9nio e, se necess\u00e1rio, g\u00e1s entre Barcelona e Marselha, ao contr\u00e1rio dos planos da Alemanha<\/strong>.<strong> Por outro lado, n\u00e3o agrada \u00e0 Fran\u00e7a a pol\u00edtica de expans\u00e3o da EU para Leste que a Alemanha quer for\u00e7ar, antes de uma reforma do funcionamento da EU! Tamb\u00e9m na guerra a desenrolar-se na Ucr\u00e2nia h\u00e1 diverg\u00eancias entre Berlim e Paris.<\/strong><\/p>\n<p><strong>Para a Europa, a coisa \u00e9 mais s\u00e9ria do que parece porque a crise das rela\u00e7\u00f5es franco-alem\u00e3s deve-se sobretudo \u00e0s diferentes perspectivas politico-geogr\u00e1ficas da Europa e dentro da Europa,<\/strong> <strong>diferen\u00e7as estas (Norte e Mediterr\u00e2neo) simbolizada nos dois polos da Europa: Alemanha e a Fran\u00e7a.<\/strong><\/p>\n<p>Uma EU esgotada com a guerra geoestrat\u00e9gica a desenrolar-se na Ucr\u00e2nia tem dificuldade em definir-se para poder encontrar um lugar de mais relevo no mundo! <strong>A Europa trope\u00e7a nela mesma num momento em que o mundo sem a interven\u00e7\u00e3o dela ser\u00e1 dividido entre Ocidente e Oriente.<\/strong><\/p>\n<p><strong>O facto de a Alemanha se ter colocado ao lado dos EUA poderia ser interpretado como um acto desesperado de ter perdido o seu parceiro de interesses (Inglaterra) na EU e pelo facto de a Alemanha, militarmente\u00a0 ser propriamente uma base americana que no caso de um conflito at\u00f3mico com a R\u00fassia <\/strong>(que certamente n\u00e3o chegar\u00e1 a haver!) seria completamente destru\u00edda devido \u00e0s 20 bases americanas no pr\u00f3prio terreno. Por outro lado, os Estados Unidos, de esp\u00edrito sax\u00f3nico, encontram na Inglaterra um aliado fiel dentro de uma Europa que interessa manter desunida e enfraquecida. De facto, <strong>a Alemanha, depois da sua Uni\u00e3o, descuidou-se, e com ela a Europa, ao ajudar a construir o cavalo de troia na Ucr\u00e2nia onde se digladiam os interesses anglo-sax\u00f3nicos americanos e os da Federa\u00e7\u00e3o russa<\/strong>.<\/p>\n<p><strong>Numa altura em que o mundo se orienta e a Alemanha se posicionou decididamente ao lado dos Estados Unidos sem ter em conta outros interesses europeus, a Fran\u00e7a tem afirmado o seu distanciamento relativamente \u00e0 Alemanha, n\u00e3o aceitando o papel de lideran\u00e7a alem\u00e3. <\/strong><\/p>\n<p>A Alemanha com vinte centros militares americanos no pr\u00f3prio territ\u00f3rio est\u00e1 interessada em alargar a sua vizinhan\u00e7a para o leste. Por outro lado, <strong>tamb\u00e9m desagrada aos franceses o facto de a Alemanha estar mais interessada em comprar armas directamente aos americanos em vez de investir em projectos europeus.<\/strong><\/p>\n<p><strong>De registo seria ainda o epis\u00f3dio do porto de Hamburgo onde o Cosco Group<\/strong>,<strong> com sede em Pequim, ter\u00e1 uma participa\u00e7\u00e3o de 24,9% no terminal de contentores de Hamburgo em Tollerort.<\/strong> No contexto em que nos encontramos, esta concess\u00e3o indica ser mais um acto de enfraquecimento da Europa que pouco a pouco vai cedendo a tecnologia e o terreno \u00e0 China, o que n\u00e3o rima com a liga\u00e7\u00e3o incondicional da Alemanha aos Estados Unidos. Pelos vistos uma no cravo e outra na ferradura!<\/p>\n<p>A Europa, prendada pela natureza, embora sendo um centro min\u00fasculo em termos de geografia global, conquistou as fronteiras do mundo, tornando-se no ponto de partida e de chegada de todo o mundo e agora politicamente aberta ao mundo encontra-se numa situa\u00e7\u00e3o de ser absorvida pelo mundo.<\/p>\n<p><strong>A Europa, que tem uma irm\u00e3 de sangue que \u00e9 a R\u00fassia, v\u00ea agora a sua filha Am\u00e9rica de volta a exigir-lhe que n\u00e3o pense em si mesma e que renegue a sua irm\u00e3 R\u00fassia. Deste modo, em termos hist\u00f3ricos, a Am\u00e9rica deixa de ter a sua m\u00e3e como concorrente fazendo dela uma dependente. Sobre este impasse hist\u00f3rico ter\u00e3o muito que escrever os historiadores do futuro! <\/strong><\/p>\n<p><strong>Proceda-se \u00e0 <\/strong>desescalada (redu\u00e7\u00e3o gradual dos recursos militares implantados) para se poder construir uma vis\u00e3o do mundo diferente. Precisa-se harmonia, mas sem que isso impe\u00e7a a liberdade.<\/p>\n<p><strong>A Uni\u00e3o Europeia encontra-se dividia interiormente e por isso, embora n\u00e3o de cora\u00e7\u00e3o, mas por realismo,<\/strong> v\u00ea-se inclinada ao <strong>comprometimento e solidariedade com os interesses dos Estados Unidos. De evitar ser\u00e1, por\u00e9m, criar-se na Europa o grupo dos anglo-sax\u00f3nicos contra o mediterr\u00e2neo!<\/strong><\/p>\n<p><strong>Ant\u00f3nio da Cunha Duarte Justo<\/strong><\/p>\n<p>Pegadas do Tempo<\/p>\n<p>(1) Desobriga dos Governantes desleais \u00e0 Europa?: <a href=\"https:\/\/antonio-justo.eu\/?p=7897\">https:\/\/antonio-justo.eu\/?p=7897<\/a><\/p>\n","protected":false},"excerpt":{"rendered":"<p>O Eixo franco-alem\u00e3o da Uni\u00e3o Europeia emperrou e a UE parece trope\u00e7ar nela mesma A cimeira (franco-alem\u00e3) do conselho de ministros, que se realiza todos os anos desde 1963, foi cancelada para este ano e adiada para o princ\u00edpio do pr\u00f3ximo ano. O eixo da Uni\u00e3o Europeia, (suas duas mais fortes economias Alemanha-Fran\u00e7a), encontra-se em &hellip; <a href=\"https:\/\/antonio-justo.eu\/?p=7911\" class=\"more-link\">Continuar a ler <span class=\"screen-reader-text\">A EUROPA DIVIDIDA FAVORECE A SABOTAGEM GEOPOL\u00cdTICA<\/span><\/a><\/p>\n","protected":false},"author":1,"featured_media":0,"comment_status":"open","ping_status":"open","sticky":false,"template":"","format":"standard","meta":{"sfsi_plus_gutenberg_text_before_share":"","sfsi_plus_gutenberg_show_text_before_share":"","sfsi_plus_gutenberg_icon_type":"","sfsi_plus_gutenberg_icon_alignemt":"","sfsi_plus_gutenburg_max_per_row":"","footnotes":""},"categories":[15,14,4,6,7,8,16],"tags":[],"class_list":["post-7911","post","type-post","status-publish","format-standard","hentry","category-cultura","category-economia","category-educacao","category-migracao","category-politica","category-religiao","category-sociedade"],"_links":{"self":[{"href":"https:\/\/antonio-justo.eu\/index.php?rest_route=\/wp\/v2\/posts\/7911","targetHints":{"allow":["GET"]}}],"collection":[{"href":"https:\/\/antonio-justo.eu\/index.php?rest_route=\/wp\/v2\/posts"}],"about":[{"href":"https:\/\/antonio-justo.eu\/index.php?rest_route=\/wp\/v2\/types\/post"}],"author":[{"embeddable":true,"href":"https:\/\/antonio-justo.eu\/index.php?rest_route=\/wp\/v2\/users\/1"}],"replies":[{"embeddable":true,"href":"https:\/\/antonio-justo.eu\/index.php?rest_route=%2Fwp%2Fv2%2Fcomments&post=7911"}],"version-history":[{"count":8,"href":"https:\/\/antonio-justo.eu\/index.php?rest_route=\/wp\/v2\/posts\/7911\/revisions"}],"predecessor-version":[{"id":7922,"href":"https:\/\/antonio-justo.eu\/index.php?rest_route=\/wp\/v2\/posts\/7911\/revisions\/7922"}],"wp:attachment":[{"href":"https:\/\/antonio-justo.eu\/index.php?rest_route=%2Fwp%2Fv2%2Fmedia&parent=7911"}],"wp:term":[{"taxonomy":"category","embeddable":true,"href":"https:\/\/antonio-justo.eu\/index.php?rest_route=%2Fwp%2Fv2%2Fcategories&post=7911"},{"taxonomy":"post_tag","embeddable":true,"href":"https:\/\/antonio-justo.eu\/index.php?rest_route=%2Fwp%2Fv2%2Ftags&post=7911"}],"curies":[{"name":"wp","href":"https:\/\/api.w.org\/{rel}","templated":true}]}}