{"id":7852,"date":"2022-09-02T11:28:13","date_gmt":"2022-09-02T10:28:13","guid":{"rendered":"https:\/\/antonio-justo.eu\/?p=7852"},"modified":"2022-09-02T14:59:47","modified_gmt":"2022-09-02T13:59:47","slug":"a-polonia-quer-que-a-alemanha-pague-13-trilhao-de-euros-em-reparacoes-pelos-danos-da-segunda-guerra-mundial","status":"publish","type":"post","link":"https:\/\/antonio-justo.eu\/?p=7852","title":{"rendered":"A POL\u00d3NIA QUER QUE A ALEMANHA PAGUE 1,3 BILI\u00c3O (TRILH\u00c3O) DE EUROS EM REPARA\u00c7\u00d5ES PELOS DANOS DA SEGUNDA GUERRA MUNDIAL"},"content":{"rendered":"<p>A invas\u00e3o alem\u00e3 da Pol\u00f3nia foi h\u00e1 83 anos, a 1 de setembro (in\u00edcio da Segunda Guerra Mundial). A gigantesca soma de 1,3 trilh\u00e3o de euros \u00e9 o resultado de um relat\u00f3rio de peritos polacos. A Pol\u00f3nia pretende exigir repara\u00e7\u00f5es. De acordo com o relat\u00f3rio, 5,2 milh\u00f5es de pessoas perderam a vida durante a ocupa\u00e7\u00e3o alem\u00e3 e mais de 2,1 milh\u00f5es de homens e mulheres foram deportados como trabalhadores for\u00e7ados.<\/p>\n<p>Segundo informa\u00e7\u00e3o do HNA de 2.09, o 1,3 trilh\u00e3o resulta das \u201cperdas para a economia nacional causadas pelos rendimentos j\u00e1 n\u00e3o gerados pelos mortos e que a comiss\u00e3o de inqu\u00e9rito avalia em 919 mil milh\u00f5es de euros\u201d. A estes somam-se os \u201cdanos materiais causados pelo ataque e ocupa\u00e7\u00e3o alem\u00e3es avaliados em 170 mil milh\u00f5es de euros. Al\u00e9m disso, h\u00e1 bens culturais e arte no valor de quatro mil milh\u00f5es de euros que foram destru\u00eddos\u201d.<\/p>\n<p>Para o governo alem\u00e3o, a quest\u00e3o j\u00e1 n\u00e3o \u00e9 relevante e teria sido resolvida em 1990 com o Tratado 2+4. O Tratado 2+4 (1) \u00e9 um tratado de estado entre a Rep\u00fablica Federal da Alemanha e a RDA, mas tamb\u00e9m entre as pot\u00eancias ocupantes Fran\u00e7a, EUA, Gr\u00e3-Bretanha e a Uni\u00e3o Sovi\u00e9tica. O tratado clarificou aspectos de pol\u00edtica externa e condi\u00e7\u00f5es internas para a reunifica\u00e7\u00e3o da Alemanha.<\/p>\n<p>O problema \u00e9 que tudo tem sido combinado entre as pot\u00eancias ocupantes e estas decidiram por si sem a participa\u00e7\u00e3o directa dos pa\u00edses v\u00edtimas; no caso do tratado 2+4 em que estavam presentes os dois estados alem\u00e3es e os 4 ocupantes (USA, Uni\u00e3o Sovi\u00e9tica, Fran\u00e7a e Reino Unido) n\u00e3o foi referida a quest\u00e3o das repara\u00e7\u00f5es (no caso da Alemanha unida). Facto \u00e9 que estados ocupados pela Alemanha como a Gr\u00e9cia e a Pol\u00f3nia n\u00e3o foram envolvidos nas conversa\u00e7\u00f5es!<\/p>\n<p><strong>A exig\u00eancia actual da Pol\u00f3nia, embora atrasada, torna-se oportuna, precisamente, numa altura em que a Alemanha disponibiliza tantos milhares de milh\u00f5es para o investimento na guerra.<\/strong> Uma Alemanha que at\u00e9 2022 seguia uma pol\u00edtica empenhada no fomento da faz quebra com o passado p\u00f3s-guerra tornando-se em promotora de guerra.<\/p>\n<p>Quem tem tanto dinheiro dispon\u00edvel para uma guerra fora de casa deveria ter maiores verbas dispon\u00edveis para reparar tantos preju\u00edzos e mortes causadas por iniciativa pr\u00f3pria.<\/p>\n<p>O empenho no investimento em armamento e guerras reduz o empenho em medidas construtoras de paz!<\/p>\n<p>&nbsp;<\/p>\n<p><strong>Ant\u00f3nio da Cunha Duarte Justo<\/strong><\/p>\n<p>Pegadas do Tempo<\/p>\n<p>&nbsp;<\/p>\n<p>(1) Tratado 2+4: <a href=\"https:\/\/www.bundestag.de\/resource\/blob\/579362\/47b6ac2d55fcb4c12dfcce3cedc0e7d0\/WD-2-149-07-pdf-data.pdf\">https:\/\/www.bundestag.de\/resource\/blob\/579362\/47b6ac2d55fcb4c12dfcce3cedc0e7d0\/WD-2-149-07-pdf-data.pdf<\/a><\/p>\n","protected":false},"excerpt":{"rendered":"<p>A invas\u00e3o alem\u00e3 da Pol\u00f3nia foi h\u00e1 83 anos, a 1 de setembro (in\u00edcio da Segunda Guerra Mundial). A gigantesca soma de 1,3 trilh\u00e3o de euros \u00e9 o resultado de um relat\u00f3rio de peritos polacos. A Pol\u00f3nia pretende exigir repara\u00e7\u00f5es. De acordo com o relat\u00f3rio, 5,2 milh\u00f5es de pessoas perderam a vida durante a ocupa\u00e7\u00e3o &hellip; <a href=\"https:\/\/antonio-justo.eu\/?p=7852\" class=\"more-link\">Continuar a ler <span class=\"screen-reader-text\">A POL\u00d3NIA QUER QUE A ALEMANHA PAGUE 1,3 BILI\u00c3O (TRILH\u00c3O) DE EUROS EM REPARA\u00c7\u00d5ES PELOS DANOS DA SEGUNDA GUERRA MUNDIAL<\/span><\/a><\/p>\n","protected":false},"author":1,"featured_media":0,"comment_status":"open","ping_status":"open","sticky":false,"template":"","format":"standard","meta":{"sfsi_plus_gutenberg_text_before_share":"","sfsi_plus_gutenberg_show_text_before_share":"","sfsi_plus_gutenberg_icon_type":"","sfsi_plus_gutenberg_icon_alignemt":"","sfsi_plus_gutenburg_max_per_row":"","footnotes":""},"categories":[3,15,14,7],"tags":[],"class_list":["post-7852","post","type-post","status-publish","format-standard","hentry","category-arte","category-cultura","category-economia","category-politica"],"_links":{"self":[{"href":"https:\/\/antonio-justo.eu\/index.php?rest_route=\/wp\/v2\/posts\/7852","targetHints":{"allow":["GET"]}}],"collection":[{"href":"https:\/\/antonio-justo.eu\/index.php?rest_route=\/wp\/v2\/posts"}],"about":[{"href":"https:\/\/antonio-justo.eu\/index.php?rest_route=\/wp\/v2\/types\/post"}],"author":[{"embeddable":true,"href":"https:\/\/antonio-justo.eu\/index.php?rest_route=\/wp\/v2\/users\/1"}],"replies":[{"embeddable":true,"href":"https:\/\/antonio-justo.eu\/index.php?rest_route=%2Fwp%2Fv2%2Fcomments&post=7852"}],"version-history":[{"count":7,"href":"https:\/\/antonio-justo.eu\/index.php?rest_route=\/wp\/v2\/posts\/7852\/revisions"}],"predecessor-version":[{"id":7859,"href":"https:\/\/antonio-justo.eu\/index.php?rest_route=\/wp\/v2\/posts\/7852\/revisions\/7859"}],"wp:attachment":[{"href":"https:\/\/antonio-justo.eu\/index.php?rest_route=%2Fwp%2Fv2%2Fmedia&parent=7852"}],"wp:term":[{"taxonomy":"category","embeddable":true,"href":"https:\/\/antonio-justo.eu\/index.php?rest_route=%2Fwp%2Fv2%2Fcategories&post=7852"},{"taxonomy":"post_tag","embeddable":true,"href":"https:\/\/antonio-justo.eu\/index.php?rest_route=%2Fwp%2Fv2%2Ftags&post=7852"}],"curies":[{"name":"wp","href":"https:\/\/api.w.org\/{rel}","templated":true}]}}