{"id":7813,"date":"2022-08-21T14:40:13","date_gmt":"2022-08-21T13:40:13","guid":{"rendered":"https:\/\/antonio-justo.eu\/?p=7813"},"modified":"2022-08-21T15:26:53","modified_gmt":"2022-08-21T14:26:53","slug":"tambem-os-precos-dos-alimentos-sobem-dramaticamente","status":"publish","type":"post","link":"https:\/\/antonio-justo.eu\/?p=7813","title":{"rendered":"TAMB\u00c9M OS PRE\u00c7OS DOS ALIMENTOS SOBEM DRAMATICAMENTE"},"content":{"rendered":"<p>Na Alemanha, os pre\u00e7os no produtor aumentaram 37,2% em rela\u00e7\u00e3o ao mesmo m\u00eas do ano passado, segundo informou o Instituto Federal de Estat\u00edstica. Os retalhistas de produtos alimentares aproveitaram a oportunidade para aumentar os pre\u00e7os dos seus produtos alimentares. Muitos fabricantes escondem os aumentos, reduzindo a embalagem dos seus produtos e muitos dos compradores n\u00e3o notam que a sua embalagem familiar encolheu!<\/p>\n<p>Os respons\u00e1veis por isto s\u00e3o os pol\u00edticos europeus que declararam guerra econ\u00f3mica \u00e0 R\u00fassia donde recebiam os produtos energ\u00e9ticos e mat\u00e9rias primas muito baratos. Devido a esta falta de concorr\u00eancia os produtos encareceram mundialmente, tamb\u00e9m devido \u00e0 especula\u00e7\u00e3o; interessante \u00e9 que a R\u00fassia ainda consegue ganhar mais dinheiro vendendo os seus produtos a outros pa\u00edses. Vende-os por exemplo \u00e0 \u00cdndia, e como li no jornal h\u00e1 dias, a \u00cdndia vende-os aos EUA, etc.<\/p>\n<p>A pol\u00edtica descarrega a sua responsabilidade no cidad\u00e3o.<\/p>\n<p>Vai-se tendo a impress\u00e3o de vivermos num mundo pol\u00edtico c\u00ednico sem cara mas com grandes multid\u00f5es de costas para a realidade dispostas a todo e qualquer abuso! Ai dos pobres e dos que pagam os enganos!<\/p>\n<p>Ant\u00f3nio da Cunha Duarte Justo<\/p>\n<p>Pegadas do Tempo<\/p>\n","protected":false},"excerpt":{"rendered":"<p>Na Alemanha, os pre\u00e7os no produtor aumentaram 37,2% em rela\u00e7\u00e3o ao mesmo m\u00eas do ano passado, segundo informou o Instituto Federal de Estat\u00edstica. Os retalhistas de produtos alimentares aproveitaram a oportunidade para aumentar os pre\u00e7os dos seus produtos alimentares. Muitos fabricantes escondem os aumentos, reduzindo a embalagem dos seus produtos e muitos dos compradores n\u00e3o &hellip; <a href=\"https:\/\/antonio-justo.eu\/?p=7813\" class=\"more-link\">Continuar a ler <span class=\"screen-reader-text\">TAMB\u00c9M OS PRE\u00c7OS DOS ALIMENTOS SOBEM DRAMATICAMENTE<\/span><\/a><\/p>\n","protected":false},"author":1,"featured_media":0,"comment_status":"open","ping_status":"open","sticky":false,"template":"","format":"standard","meta":{"sfsi_plus_gutenberg_text_before_share":"","sfsi_plus_gutenberg_show_text_before_share":"","sfsi_plus_gutenberg_icon_type":"","sfsi_plus_gutenberg_icon_alignemt":"","sfsi_plus_gutenburg_max_per_row":"","footnotes":""},"categories":[14,7,16],"tags":[],"class_list":["post-7813","post","type-post","status-publish","format-standard","hentry","category-economia","category-politica","category-sociedade"],"_links":{"self":[{"href":"https:\/\/antonio-justo.eu\/index.php?rest_route=\/wp\/v2\/posts\/7813","targetHints":{"allow":["GET"]}}],"collection":[{"href":"https:\/\/antonio-justo.eu\/index.php?rest_route=\/wp\/v2\/posts"}],"about":[{"href":"https:\/\/antonio-justo.eu\/index.php?rest_route=\/wp\/v2\/types\/post"}],"author":[{"embeddable":true,"href":"https:\/\/antonio-justo.eu\/index.php?rest_route=\/wp\/v2\/users\/1"}],"replies":[{"embeddable":true,"href":"https:\/\/antonio-justo.eu\/index.php?rest_route=%2Fwp%2Fv2%2Fcomments&post=7813"}],"version-history":[{"count":2,"href":"https:\/\/antonio-justo.eu\/index.php?rest_route=\/wp\/v2\/posts\/7813\/revisions"}],"predecessor-version":[{"id":7815,"href":"https:\/\/antonio-justo.eu\/index.php?rest_route=\/wp\/v2\/posts\/7813\/revisions\/7815"}],"wp:attachment":[{"href":"https:\/\/antonio-justo.eu\/index.php?rest_route=%2Fwp%2Fv2%2Fmedia&parent=7813"}],"wp:term":[{"taxonomy":"category","embeddable":true,"href":"https:\/\/antonio-justo.eu\/index.php?rest_route=%2Fwp%2Fv2%2Fcategories&post=7813"},{"taxonomy":"post_tag","embeddable":true,"href":"https:\/\/antonio-justo.eu\/index.php?rest_route=%2Fwp%2Fv2%2Ftags&post=7813"}],"curies":[{"name":"wp","href":"https:\/\/api.w.org\/{rel}","templated":true}]}}