{"id":7631,"date":"2022-06-21T21:56:27","date_gmt":"2022-06-21T20:56:27","guid":{"rendered":"https:\/\/antonio-justo.eu\/?p=7631"},"modified":"2022-06-22T13:07:39","modified_gmt":"2022-06-22T12:07:39","slug":"escandalo-de-antissemitismo-na-documenta-d15","status":"publish","type":"post","link":"https:\/\/antonio-justo.eu\/?p=7631","title":{"rendered":"ESC\u00c2NDALO DE ANTISSEMITISMO NA DOCUMENTA (D15)"},"content":{"rendered":"<p style=\"text-align: center;\"><strong>Tamb\u00e9m a Arte tem Limites e n\u00e3o chega apagar as Indigna\u00e7\u00f5es<\/strong><\/p>\n<p><strong>A exposi\u00e7\u00e3o mundial (D15) encontra-se sob o fogo da cr\u00edtica geral na Alemanha. \u00c9 acusada de antissemita e com raz\u00e3o. O facto de a organiza\u00e7\u00e3o da D15 s\u00f3 ter apresentado<\/strong> <strong>o painel do esc\u00e2ndalo ao p\u00fablico (com uma cena antissem\u00edtica) no s\u00e1bado depois dos jornalistas j\u00e1 terem partido (cerca de 3.000 jornalistas tinham visitado a Documenta nos dias anteriores para eles reservados) d\u00e1 raz\u00e3o para suspeitar da inten\u00e7\u00e3o propositada. <\/strong><\/p>\n<p><strong>O painel monumental, em frente do Pavilh\u00e3o-Documenta no Friedrichsplatz, foi desmontado devido a estere\u00f3tipos pejorativos antissemitas que se encontravam num pormenor da tela. A obra do grupo art\u00edstico indon\u00e9sio Taring Padi apresentava uma figura onde um judeu (reconhec\u00edvel pelos seus carac\u00f3is) com runas SS no chap\u00e9u e mostra tamb\u00e9m tropas da Mossad com Estrelas de David e focinhos de porco.<\/strong><\/p>\n<p>No Domingo (21.06) ainda consegui fazer fotos e um filme do grandioso painel, mas na segunda feira o painel j\u00e1 tinha sido coberto com um pano preto (fazia lembrar os monumentos encapuzados do artista Cristo) que alguns desejavam que ficasse durante o tempo da Documenta. As ondas da consterna\u00e7\u00e3o provocada a n\u00edvel nacional chegaram t\u00e3o alto que, sem alternativa, foi determinada a remo\u00e7\u00e3o da obra de arte; afinal, um acto t\u00e3o radical como radical tinha sido a obra do grupo artista; deste modo, penso que n\u00e3o fica rasto da vergonha e talvez o grupo artista medite para dar largas a novo acto criativo mais decente!<\/p>\n<p><strong>O extremismo apresentado num ponto do painel vira o feiti\u00e7o contra o feiticeiro: \u00a0a cr\u00edtica que pretendiam fazer \u00e0 sociedade em geral recebem-na como ricochete sem que haja uma reflex\u00e3o sobre os outros temas importantes do painel! Neste proceder n\u00e3o se passa al\u00e9m do c\u00edrculo vicioso de cr\u00edtica \u00e0 cr\u00edtica! Perante tanta press\u00e3o o painel foi retirado e o grupo Taring Padi pediu desculpa por qualquer ofensa causada pela obra. <\/strong><\/p>\n<p>O extremismo, a viol\u00eancia de poderosos e uma certa antropofobia lematizadas na tela \u00a0parecem ganhar cada vez mais espa\u00e7o no meio da nossa sociedade; <strong>a viol\u00eancia estrutural e a viol\u00eancia individual e da arte encontram-se concretizadas, de maneira exemplar, no retratado na tela e no que acontece em torno dela.<\/strong> Enfim, pol\u00edtica e socialmente, encontramo-nos todos envolvidos num mesmo jogo que se repete e assim vai dando sustentabilidade \u00e0s for\u00e7as sociais (cr\u00edticos e criticados) que se sucedem e repetem. Na D15 colidem dois mundos diferentes e com express\u00f5es diferentes: <strong>o mundo do sul representado no colectivo Ruangrupa (grupo indon\u00e9sio que tem a cargo a direc\u00e7\u00e3o art\u00edstica da D15) e o mundo do Norte onde a exposi\u00e7\u00e3o mundial se realiza com uma mundivis\u00e3o pr\u00f3pria e costumes culturais pr\u00f3prios. A lideran\u00e7a da D15 tem uma tarefa dif\u00edcil, que seria reconciliar o mundo mu\u00e7ulmano com o Ocidente no que toca \u00e0 rela\u00e7\u00e3o com Israel! A solu\u00e7\u00e3o para a lideran\u00e7a art\u00edstica seria que esta tomasse a iniciativa de, como colectivo art\u00edstico, fazer uma declara\u00e7\u00e3o expl\u00edcita defendendo a exist\u00eancia de Israel.<\/strong><\/p>\n<p><strong>Talvez a tela pintada seja n\u00e3o s\u00f3 express\u00e3o do \u201cracismo\u201d inerente ao homem e \u00e0s culturas, mas tamb\u00e9m um s\u00edmbolo da documenta 15 e, quem sabe, uma imagem de um mundo que nega reconhecer-se a si mesmo!<\/strong><\/p>\n<p>Uma cultura, cuja abertura n\u00e3o conhece fronteiras porque, sem terreno pr\u00f3prio, o seu futuro j\u00e1 passou, esvai-se agora nas liberdades dos poderosos, da arte e do sexo sem respeito pelas comunidades nem pelo humano. A cultura ocidental controverte-se, comporta-se como se estivesse em decl\u00ednio e proporciona cada vez mais espa\u00e7o para a insensatez e a misantropia. <strong>Todas as Documentas a que assisti desde os anos oitenta revelam o estado da sociedade ocidental que nos seus actores se poder\u00e1 reconhecer uma miss\u00e3o de desconstru\u00e7\u00e3o de um passado hist\u00f3rico que em vez de corrigido e melhorado se pretende irradiado. A Europa encontra-se numa fase de mera autoadministra\u00e7\u00e3o, sem perspectiva espiritual e sem mensagem para si nem para o mundo.<\/strong><\/p>\n<p>Express\u00f5es de liberdades que no Sul ainda se esbanjam, talvez devido \u00e0 vida dura que levam, provocam calafrios ao Norte.<\/p>\n<p>Uma sociedade habituada a refugiar-se em eufemismos para esconder a realidade, desta vez confessa e com raz\u00e3o que tamb\u00e9m a arte tem de reconhecer os seus limites mesmo a n\u00edvel de simbologias!<\/p>\n<p>A Europa, sociedade aberta, no que toca ao abstrato, come\u00e7a a perder a capacidade de abstrair quando se trata de poder.\u00a0 O grupo art\u00edstico indon\u00e9sio perde toda a raz\u00e3o ao servir-se de antissemitismo ou racismo para denunciar Administra\u00e7\u00f5es e elites partid\u00e1rias, corpora\u00e7\u00f5es internacionais e movimentadores financeiros globais que longe do cidad\u00e3o, determinam as condi\u00e7\u00f5es de enquadramento em que podemos querer, agir e pensar! Com a experi\u00eancia das duas grandes guerras e da pol\u00edtica relativamente \u00e0 Pandemia e \u00e0 guerra, o sonho de uma Europa livre e feliz est\u00e1 politicamente a dar lugar a um pragmatismo sem cren\u00e7a, em que a esperan\u00e7a \u00e9 substitu\u00edda pelo viver o momento presente. O painel do grupo art\u00edstico indon\u00e9sio Taring Padi veio dar raz\u00e3o \u00e0s suposi\u00e7\u00f5es de antissemitismo atribu\u00eddo a parte dos organizadores da D15 e j\u00e1 antes da abertura mencionado na imprensa.<\/p>\n<p>O Presidente da RFA, no discurso de abertura da D15, j\u00e1 tinha criticado duramente as tend\u00eancias antissemitas anexadas \u00e0 equipa respons\u00e1vel pela Documenta 15.<\/p>\n<p><strong>Na realidade, n\u00e3o basta desenvolver simpatia pelos oprimidos e desfavorecidos para se ter raz\u00e3o nos meios que se usam e nas cr\u00edticas que se fazem <\/strong>(seja ao racismo contra os de cor, ou avers\u00e3o ao colonialismo baseado no ego\u00edsmo, seja o sentimento de superioridade ou explora\u00e7\u00e3o). Isto \u00e9 constante, mas n\u00e3o desculpa a justifica\u00e7\u00e3o de Ruangrupa para colocar os pa\u00edses desfavorecidos do Sul em primeiro plano e, por outro lado, abastecer-se dos mesmos clich\u00e9s que a classe dominante criticada se serve para os humilhar. Considerado sintom\u00e1tico para alguns foi o facto de o grupo organizador, vindo de um pa\u00eds mu\u00e7ulmano, n\u00e3o ter convidado para a documenta nenhum artista de Israel!<\/p>\n<p><strong>Ant\u00f3nio da Cunha Duarte Justo<\/strong><\/p>\n<p>Te\u00f3logo e Pedagogo<\/p>\n<p>Pegadas do Tempo, <a href=\"https:\/\/antonio-justo.eu\/?p=7631\">https:\/\/antonio-justo.eu\/?p=7631<\/a><\/p>\n<p>(1) DOCUMENTA &#8211; A EXPOSI\u00c7\u00c3O MUNDIAL DE ARTE EM KASSEL:\u00a0 <a href=\"https:\/\/antonio-justo.eu\/?p=7623\">https:\/\/antonio-justo.eu\/?p=7623<\/a><\/p>\n<p>&nbsp;<\/p>\n<p><img decoding=\"async\" class=\"ji94ytn4 d2edcug0 r9f5tntg r0294ipz\" src=\"https:\/\/scontent-frx5-1.xx.fbcdn.net\/v\/t39.30808-6\/289793572_10221076405475959_5187558451886876560_n.jpg?_nc_cat=111&amp;ccb=1-7&amp;_nc_sid=730e14&amp;_nc_ohc=S-q9NTx4sfoAX8QFuxO&amp;tn=ayLZUzszV2ZDqYqu&amp;_nc_ht=scontent-frx5-1.xx&amp;oh=00_AT9KNWECqF_eU6xorah2HOBLKqv1RhF1pS_cQRWAqhkGpg&amp;oe=62B81033\" alt=\"Pode ser uma imagem de 5 pessoas e ao ar livre\" data-visualcompletion=\"media-vc-image\" \/><\/p>\n<p><img decoding=\"async\" class=\"ji94ytn4 d2edcug0 r9f5tntg r0294ipz\" src=\"https:\/\/scontent-frx5-1.xx.fbcdn.net\/v\/t39.30808-6\/289787763_10221076404795942_7775786477798431411_n.jpg?_nc_cat=100&amp;ccb=1-7&amp;_nc_sid=730e14&amp;_nc_ohc=Kk470aqY52AAX9qeRwJ&amp;_nc_ht=scontent-frx5-1.xx&amp;oh=00_AT-z6grMkupWjCtDU-I19eYG6k2Ti3rDtcu4AdTEfgQ2zQ&amp;oe=62B7BDDE\" alt=\"Pode ser arte\" data-visualcompletion=\"media-vc-image\" \/><\/p>\n<p><img decoding=\"async\" class=\"ji94ytn4 d2edcug0 r9f5tntg r0294ipz\" src=\"https:\/\/scontent-frt3-1.xx.fbcdn.net\/v\/t39.30808-6\/289913022_10221076404275929_7483973117206945017_n.jpg?_nc_cat=104&amp;ccb=1-7&amp;_nc_sid=730e14&amp;_nc_ohc=Xd7QtV1KwAsAX-cB71J&amp;_nc_ht=scontent-frt3-1.xx&amp;oh=00_AT9gLS-DaM8LOX4x7mYAOrQMm-4QcaBWssAqqvfDTDpXZQ&amp;oe=62B654E7\" alt=\"Pode ser uma imagem de texto que diz &quot;HNA 2022\/6\/21 11:37&quot;\" data-visualcompletion=\"media-vc-image\" \/><\/p>\n","protected":false},"excerpt":{"rendered":"<p>Tamb\u00e9m a Arte tem Limites e n\u00e3o chega apagar as Indigna\u00e7\u00f5es A exposi\u00e7\u00e3o mundial (D15) encontra-se sob o fogo da cr\u00edtica geral na Alemanha. \u00c9 acusada de antissemita e com raz\u00e3o. O facto de a organiza\u00e7\u00e3o da D15 s\u00f3 ter apresentado o painel do esc\u00e2ndalo ao p\u00fablico (com uma cena antissem\u00edtica) no s\u00e1bado depois dos &hellip; <a href=\"https:\/\/antonio-justo.eu\/?p=7631\" class=\"more-link\">Continuar a ler <span class=\"screen-reader-text\">ESC\u00c2NDALO DE ANTISSEMITISMO NA DOCUMENTA (D15)<\/span><\/a><\/p>\n","protected":false},"author":1,"featured_media":0,"comment_status":"open","ping_status":"open","sticky":false,"template":"","format":"standard","meta":{"sfsi_plus_gutenberg_text_before_share":"","sfsi_plus_gutenberg_show_text_before_share":"","sfsi_plus_gutenberg_icon_type":"","sfsi_plus_gutenberg_icon_alignemt":"","sfsi_plus_gutenburg_max_per_row":"","footnotes":""},"categories":[3,15,6,7,16],"tags":[],"class_list":["post-7631","post","type-post","status-publish","format-standard","hentry","category-arte","category-cultura","category-migracao","category-politica","category-sociedade"],"_links":{"self":[{"href":"https:\/\/antonio-justo.eu\/index.php?rest_route=\/wp\/v2\/posts\/7631","targetHints":{"allow":["GET"]}}],"collection":[{"href":"https:\/\/antonio-justo.eu\/index.php?rest_route=\/wp\/v2\/posts"}],"about":[{"href":"https:\/\/antonio-justo.eu\/index.php?rest_route=\/wp\/v2\/types\/post"}],"author":[{"embeddable":true,"href":"https:\/\/antonio-justo.eu\/index.php?rest_route=\/wp\/v2\/users\/1"}],"replies":[{"embeddable":true,"href":"https:\/\/antonio-justo.eu\/index.php?rest_route=%2Fwp%2Fv2%2Fcomments&post=7631"}],"version-history":[{"count":4,"href":"https:\/\/antonio-justo.eu\/index.php?rest_route=\/wp\/v2\/posts\/7631\/revisions"}],"predecessor-version":[{"id":7635,"href":"https:\/\/antonio-justo.eu\/index.php?rest_route=\/wp\/v2\/posts\/7631\/revisions\/7635"}],"wp:attachment":[{"href":"https:\/\/antonio-justo.eu\/index.php?rest_route=%2Fwp%2Fv2%2Fmedia&parent=7631"}],"wp:term":[{"taxonomy":"category","embeddable":true,"href":"https:\/\/antonio-justo.eu\/index.php?rest_route=%2Fwp%2Fv2%2Fcategories&post=7631"},{"taxonomy":"post_tag","embeddable":true,"href":"https:\/\/antonio-justo.eu\/index.php?rest_route=%2Fwp%2Fv2%2Ftags&post=7631"}],"curies":[{"name":"wp","href":"https:\/\/api.w.org\/{rel}","templated":true}]}}