{"id":7616,"date":"2022-06-16T22:01:14","date_gmt":"2022-06-16T21:01:14","guid":{"rendered":"https:\/\/antonio-justo.eu\/?p=7616"},"modified":"2022-06-19T15:59:27","modified_gmt":"2022-06-19T14:59:27","slug":"povo-arraia-miuda-provocacao-ou-elogio","status":"publish","type":"post","link":"https:\/\/antonio-justo.eu\/?p=7616","title":{"rendered":"\u201cPOVO &#8211; ARRAIA MI\u00daDA\u201d! \u00a0PROVOCA\u00c7\u00c3O OU ELOGIO?"},"content":{"rendered":"<p>Marcelo Rebelo de Sousa deu origem a cr\u00edticas ao dizer \u201cSem o povo, arraia mi\u00fada, n\u00e3o haver\u00e1 Portugal\u201d<\/p>\n<p>Se considerarmos a frase, &#8220;sem povo, arraia mi\u00fada, n\u00e3o haver\u00e1 Portugal&#8221;, ao lado da frase &#8220;eles comem tudo e n\u00e3o deixam nada&#8221;, a afirma\u00e7\u00e3o torna-se muito elucidativa e atemporal! A realidade permanece! S\u00f3 a interpreta\u00e7\u00e3o dos factos varia!<\/p>\n<p>Esta frase de Fern\u00e3o Lopes e t\u00e3o bem retratada na personalidade de Fern\u00e3o Mendes Pinto e t\u00e3o bem descrita na sua obra &#8220;Peregrina\u00e7\u00e3o&#8221; continua a ser actual; em Peregrina\u00e7\u00e3o ele descreve-se (como express\u00e3o de um da arraia mi\u00fada) e descreve a realidade da vida asi\u00e1tica e europeia criticando tamb\u00e9m o colonialismo que se servia da religi\u00e3o para expandir, tal como faz hoje, j\u00e1 n\u00e3o em nome da religi\u00e3o, mas em nome da democracia e dos valores europeus!<\/p>\n<p>De admirar \u00e9 que tais frases sejam repetidas por pol\u00edticos do sistema como se eles fossem inocentes ou c\u00ednicos e n\u00e3o fossem eles os actores respons\u00e1veis de um pa\u00eds, com muita pobreza envergonhada, que econ\u00f3mica e socialmente continua na cauda da Europa.<\/p>\n<p>Vivemos em tempos em que se procura embelezar a realidade factual com eufemismos lingu\u00edsticos que nos ajudam a olhar para o lado da situa\u00e7\u00e3o em que se encontra o mesmo grupo populacional que atrav\u00e9s dos tempos constitui a base da sociedade!<\/p>\n<p>Pena e sintom\u00e1tico \u00e9 que as express\u00f5es \u201cpovo\u201d, \u201carraia mi\u00fada\u201d sejam conotadas negativamente! Depreciativamente poderiam ser vistas as elites que constroem a sua aura social \u00e0 base daquilo que se tira ao povo: a sua honra!<\/p>\n<p>Os dan\u00e7arinos do poder sabem que o pobre honrado se n\u00e3o tem uma casa farta engana a sua car\u00eancia olhando para alguns enfeites artificiais da p\u00e1tria. O olhar para cima, j\u00e1 eleva e at\u00e9 parece que descansa (1)!<\/p>\n<p><strong>Ant\u00f3nio da Cunha Duarte Justo<\/strong><\/p>\n<p>Pegadas do Tempo, <a href=\"https:\/\/antonio-justo.eu\/?p=7616\">https:\/\/antonio-justo.eu\/?p=7616<\/a><\/p>\n<p>(1)\u00a0 Veja-se como tantos ministros e secret\u00e1rios de Estado passeiam pelo mundo gastando milh\u00f5es fazendo do dia de Portugal um arraial p\u00fablico onde eles se festejam. Em que pa\u00eds se viu tal? N\u00e3o chegam as embaixadas?<\/p>\n<p>&nbsp;<\/p>\n","protected":false},"excerpt":{"rendered":"<p>Marcelo Rebelo de Sousa deu origem a cr\u00edticas ao dizer \u201cSem o povo, arraia mi\u00fada, n\u00e3o haver\u00e1 Portugal\u201d Se considerarmos a frase, &#8220;sem povo, arraia mi\u00fada, n\u00e3o haver\u00e1 Portugal&#8221;, ao lado da frase &#8220;eles comem tudo e n\u00e3o deixam nada&#8221;, a afirma\u00e7\u00e3o torna-se muito elucidativa e atemporal! A realidade permanece! S\u00f3 a interpreta\u00e7\u00e3o dos factos &hellip; <a href=\"https:\/\/antonio-justo.eu\/?p=7616\" class=\"more-link\">Continuar a ler <span class=\"screen-reader-text\">\u201cPOVO &#8211; ARRAIA MI\u00daDA\u201d! \u00a0PROVOCA\u00c7\u00c3O OU ELOGIO?<\/span><\/a><\/p>\n","protected":false},"author":1,"featured_media":0,"comment_status":"open","ping_status":"open","sticky":false,"template":"","format":"standard","meta":{"sfsi_plus_gutenberg_text_before_share":"","sfsi_plus_gutenberg_show_text_before_share":"","sfsi_plus_gutenberg_icon_type":"","sfsi_plus_gutenberg_icon_alignemt":"","sfsi_plus_gutenburg_max_per_row":"","footnotes":""},"categories":[3,15,14,4,6,7,8,16],"tags":[],"class_list":["post-7616","post","type-post","status-publish","format-standard","hentry","category-arte","category-cultura","category-economia","category-educacao","category-migracao","category-politica","category-religiao","category-sociedade"],"_links":{"self":[{"href":"https:\/\/antonio-justo.eu\/index.php?rest_route=\/wp\/v2\/posts\/7616","targetHints":{"allow":["GET"]}}],"collection":[{"href":"https:\/\/antonio-justo.eu\/index.php?rest_route=\/wp\/v2\/posts"}],"about":[{"href":"https:\/\/antonio-justo.eu\/index.php?rest_route=\/wp\/v2\/types\/post"}],"author":[{"embeddable":true,"href":"https:\/\/antonio-justo.eu\/index.php?rest_route=\/wp\/v2\/users\/1"}],"replies":[{"embeddable":true,"href":"https:\/\/antonio-justo.eu\/index.php?rest_route=%2Fwp%2Fv2%2Fcomments&post=7616"}],"version-history":[{"count":5,"href":"https:\/\/antonio-justo.eu\/index.php?rest_route=\/wp\/v2\/posts\/7616\/revisions"}],"predecessor-version":[{"id":7626,"href":"https:\/\/antonio-justo.eu\/index.php?rest_route=\/wp\/v2\/posts\/7616\/revisions\/7626"}],"wp:attachment":[{"href":"https:\/\/antonio-justo.eu\/index.php?rest_route=%2Fwp%2Fv2%2Fmedia&parent=7616"}],"wp:term":[{"taxonomy":"category","embeddable":true,"href":"https:\/\/antonio-justo.eu\/index.php?rest_route=%2Fwp%2Fv2%2Fcategories&post=7616"},{"taxonomy":"post_tag","embeddable":true,"href":"https:\/\/antonio-justo.eu\/index.php?rest_route=%2Fwp%2Fv2%2Ftags&post=7616"}],"curies":[{"name":"wp","href":"https:\/\/api.w.org\/{rel}","templated":true}]}}